{"id":41096,"date":"2025-09-21T08:26:08","date_gmt":"2025-09-21T08:26:08","guid":{"rendered":"https:\/\/www.europesays.com\/fi\/41096\/"},"modified":"2025-09-21T08:26:08","modified_gmt":"2025-09-21T08:26:08","slug":"nato-turkki-ampui-alas-venajan-sotilaskoneen-10-vuotta-sitten-tama-siita-seurasi","status":"publish","type":"post","link":"https:\/\/www.europesays.com\/fi\/41096\/","title":{"rendered":"Nato-Turkki ampui alas Ven\u00e4j\u00e4n sotilaskoneen 10 vuotta sitten \u2013 t\u00e4m\u00e4 siit\u00e4 seurasi"},"content":{"rendered":"<p>Moni on kysellyt jo, miksi Nato ei vastaa Ven\u00e4j\u00e4n toistuviin ilmatilaloukkauksiin nyt samalla tavoin.<\/p>\n<p class=\"article-body mb-nof-24 px-nof-16\">Marraskuussa tulee kuluneeksi kymmenen vuotta siit\u00e4, kun Turkki <a class=\"article-genericlink\" href=\"https:\/\/www.is.fi\/ulkomaat\/art-2000001040945.html\" rel=\"nofollow noopener\" target=\"_blank\">ampui alas<\/a> ilmatilaansa loukanneen ven\u00e4l\u00e4isen sotilaslentokoneen.<\/p>\n<p class=\"article-body mb-nof-24 px-nof-16\">Turkin mukaan ven\u00e4l\u00e4ist\u00e4 Suhoi 24 -rynn\u00e4kk\u00f6konetta oli varoitettu viiden minuutin aikana kymmenen kertaa, kun se oli l\u00e4hestym\u00e4ss\u00e4 Turkin ilmatilaa Syyrian puolella.<\/p>\n<p class=\"article-body mb-nof-24 px-nof-16\">Kun kone ei muuttanut t\u00e4st\u00e4 huolimatta suuntaansa, Turkki noudatti jo aiemmin julkisuuteen antamaansa varoitusta, jonka mukaan se ampuisi alas ilmatilaansa loukkaavat lennokit ja lentokoneet.<\/p>\n<p class=\"article-body mb-nof-24 px-nof-16\">Maiden v\u00e4lit olivat tapahtumahetkell\u00e4 jo valmiiksi kire\u00e4t, sill\u00e4 Turkki oli syytt\u00e4nyt jo lokakuussa 2015 ven\u00e4l\u00e4isi\u00e4 koneita ilmatilansa loukkaamisesta ja ampunut alas yhden miehitt\u00e4m\u00e4tt\u00f6m\u00e4n lennokin.<\/p>\n<p class=\"article-body mb-nof-24 px-nof-16\">Suhoi-24 ehti olla Turkin ilmatilassa lopulta vain noin 17 sekunnin ajan, kun Turkin ilmavoimien amerikkalaisvalmisteinen F-16-h\u00e4vitt\u00e4j\u00e4 pudotti koneen alas Syyrian rajan tuntumassa 24. marraskuuta 2015.<\/p>\n<p class=\"article-body mb-nof-24 px-nof-16\">Ven\u00e4j\u00e4 kiisti kaiken syyllisyytens\u00e4 v\u00e4litt\u00f6m\u00e4sti tapahtuneen j\u00e4lkeen ja esitteli omia karttojaan, jonka mukaan mit\u00e4\u00e4n ilmatilaloukkausta ei tapahtunut. Eloon j\u00e4\u00e4nyt koneen t\u00e4hyst\u00e4j\u00e4 vakuutti my\u00f6hemmin my\u00f6s itse ven\u00e4l\u00e4istoimittajille, ett\u00e4 kone ei ollut Turkin ilmatilassa eiv\u00e4tk\u00e4 he saaneet mit\u00e4\u00e4n varoitusta Turkilta ennen alasampumista.<\/p>\n<p class=\"article-body mb-nof-24 px-nof-16\"><a class=\"article-personlink\" href=\"https:\/\/www.is.fi\/haku\/?query=Vladimir%20Putin\" rel=\"nofollow noopener\" target=\"_blank\">Vladimir Putin<\/a> ilmaantui julkisuuteen raivoa uhkuen, nimitteli Turkkia selk\u00e4\u00e4npuukottajaksi ja julisti pian laajat talouspakotteet Turkkia vastaan.<\/p>\n<p class=\"article-body mb-nof-24 px-nof-16\">Ven\u00e4l\u00e4isi\u00e4 turisteja kehotettiin palaamaan v\u00e4litt\u00f6m\u00e4sti kotiin Turkin-lomaltaan ja turistilennot maiden v\u00e4lill\u00e4 laitettiin j\u00e4ihin. Ven\u00e4j\u00e4 j\u00e4\u00e4dytti my\u00f6s maiden v\u00e4lill\u00e4 voimassa olleen viisumivapauden. Turkkilaisten yritysten ja ty\u00f6ntekij\u00f6iden toimintaa Ven\u00e4j\u00e4ll\u00e4 rajoitettiin ja turkkilaisten tomaattien sek\u00e4 lukuisten muiden ruokatuotteiden tuonti Ven\u00e4j\u00e4lle kiellettiin.<\/p>\n<p class=\"article-body mb-nof-24 px-nof-16\">Maailmalla v\u00e4likohtaus her\u00e4tti hetkeksi pelon jopa siit\u00e4, voisiko tapahtunut johtaa Ven\u00e4j\u00e4n ja Naton v\u00e4liseen suoraan sotilaalliseen konfliktiin.<\/p>\n<p><img decoding=\"async\" src=\"https:\/\/www.europesays.com\/fi\/wp-content\/uploads\/2025\/09\/1758443168_550_468.jpg\" alt=\"Recep Tayyip Erdogan ja Vladimir Putin seurueineen neuvottelivat viimeksi syyskuun alussa Kiinassa.\" class=\"_Img_tdqg8_1\" style=\"aspect-ratio:1.5635179153094463\" loading=\"eager\"\/><\/p>\n<p class=\"article-picture-caption\">Recep Tayyip Erdogan ja Vladimir Putin seurueineen neuvottelivat viimeksi syyskuun alussa Kiinassa. Kuva:\u00a0Vladimir Smirnov \/ AFP<\/p>\n<p class=\"article-body mb-nof-24 px-nof-16\">T\u00e4m\u00e4 kaikki tuntuu nyt hyvin kaukaiselta, kun Putin ja Turkin johtaja <a class=\"article-personlink\" href=\"https:\/\/www.is.fi\/haku\/?query=Recep%20Tayyip%20Erdogan\" rel=\"nofollow noopener\" target=\"_blank\">Recep Tayyip Erdogan<\/a> esiintyv\u00e4t t\u00e4m\u00e4n t\u00e4st\u00e4 julkisuudessa toisiaan kehuen.<\/p>\n<p class=\"article-body mb-nof-24 px-nof-16\">On kuin Putinia ei lainkaan haittaisi se, ett\u00e4 Turkki on yht\u00e4 lailla Naton j\u00e4senmaa kuin esimerkiksi Viro ja Suomi, joiden ilmatilaa Ven\u00e4j\u00e4 on viime aikoina loukannut useasti.<\/p>\n<p class=\"article-body mb-nof-24 px-nof-16\">Putin kutsuu Erdogania muun muassa \u201dvahvaksi johtajaksi\u201d ja \u201dluotettavaksi kumppaniksi\u201d. Erdogan ylist\u00e4\u00e4 Putinia puolestaan \u201drakkaaksi yst\u00e4v\u00e4kseen\u201d, ja Ven\u00e4j\u00e4\u00e4 Erdogan kutsuu Turkin \u201dstrategiseksi kumppaniksi\u201d.<\/p>\n<p class=\"article-body mb-nof-24 px-nof-16\">Putinin ja Erdoganin suhteessa on kahden autoritaarisen johtajan keskin\u00e4ist\u00e4 ymm\u00e4rryst\u00e4 ja kunnioitusta, mutta kumpikin tiet\u00e4\u00e4 silti, ett\u00e4 toinen voi tehd\u00e4 omavaltaisia p\u00e4\u00e4t\u00f6ksi\u00e4 koska tahansa oman etunsa ajamiseksi.<\/p>\n<p class=\"article-body mb-nof-24 px-nof-16\">Vuonna 2019 Turkki osti Ven\u00e4j\u00e4lt\u00e4 jopa S-400-ilmatorjuntaohjusj\u00e4rjestelm\u00e4n Naton vastustuksesta huolimatta. Uusi k\u00e4\u00e4nne tuli vastik\u00e4\u00e4n, kun Ven\u00e4j\u00e4n kerrottiin tarjoutuneen ostamaan myym\u00e4ns\u00e4 ohjukset Turkilta takaisin Ukrainan sodan tuoman kalustopulan takia.<\/p>\n<p class=\"article-body mb-nof-24 px-nof-16\">Kun Ven\u00e4j\u00e4 rikkoi perjantaina Viron ilmatilaa kolmella h\u00e4vitt\u00e4j\u00e4ll\u00e4\u00e4n jopa 12 minuutin ajan, moni on kysynyt jo, miksi nyt ei voitaisi tehd\u00e4 samaa kuin Turkki vuonna 2015 ja ampua alas Nato-maan ilmatilaa rikkovaa Ven\u00e4j\u00e4n sotilaskonetta.<\/p>\n<p class=\"article-body mb-nof-24 px-nof-16\">Yksi vastaus t\u00e4h\u00e4n tuli viikonloppuna Helsinki Security Forumissa amerikkalaiselta Ven\u00e4j\u00e4n ja It\u00e4-Euroopan tutkijalta <a class=\"article-personlink\" href=\"https:\/\/www.is.fi\/haku\/?query=Michael%20Kofmanilta\" rel=\"nofollow noopener\" target=\"_blank\">Michael Kofmanilta<\/a>.<\/p>\n<p class=\"article-body mb-nof-24 px-nof-16\">\u2013\u2009 Viro ja Suomi eiv\u00e4t ole Turkki, Kofman totesi.<\/p>\n<p class=\"article-body mb-nof-24 px-nof-16\">Lue lis\u00e4\u00e4: <a class=\"article-genericlink\" href=\"https:\/\/www.is.fi\/ulkomaat\/art-2000011507349.html\" rel=\"nofollow noopener\" target=\"_blank\">Kuvat ven\u00e4l\u00e4is\u00adh\u00e4vitt\u00e4jist\u00e4 Viron ilmatilassa her\u00e4ttiv\u00e4t kysymyksen<\/a><\/p>\n<p class=\"article-body mb-nof-24 px-nof-16\">Kofmanin toteamusta voi lukea muun muassa niin, ett\u00e4 Virossa ja Suomessa ei ole samanlainen hallinto, p\u00e4\u00e4t\u00f6ksentekokulttuuri ja temperamentti kuin Turkissa. Natossakin jokainen j\u00e4senmaa vastaa omasta kansallisesta puolustuksestaan eik\u00e4 vuoden 2015 tapahtumista voi vet\u00e4\u00e4 suoraan johtop\u00e4\u00e4t\u00f6ksi\u00e4 nykyp\u00e4iv\u00e4\u00e4n.<\/p>\n<p><img decoding=\"async\" src=\"https:\/\/www.europesays.com\/fi\/wp-content\/uploads\/2025\/09\/1758443168_677_468.jpg\" alt=\"Ven\u00e4l\u00e4inen Suhoi-24 rynn\u00e4kk\u00f6kone kuvattuna pari viikkoa ennen kuin Turkki ampui koneen alas 2015.\" class=\"_Img_tdqg8_1\" style=\"aspect-ratio:1.5\" loading=\"eager\"\/><\/p>\n<p class=\"article-picture-caption\">Ven\u00e4l\u00e4inen Suhoi-24 rynn\u00e4kk\u00f6kone kuvattuna pari viikkoa ennen kuin Turkki ampui koneen alas 2015. Kuva:\u00a0Wikipedia<\/p>\n<p class=\"article-body mb-nof-24 px-nof-16\">Ven\u00e4j\u00e4n ja Turkin v\u00e4lien liennytt\u00e4minen ei tapahtunut my\u00f6sk\u00e4\u00e4n hetkess\u00e4, vaikka j\u00e4lkik\u00e4teen katsoen se tapahtui h\u00e4mm\u00e4stytt\u00e4v\u00e4n nopeasti.<\/p>\n<p class=\"article-body mb-nof-24 px-nof-16\">Putin vaati v\u00e4litt\u00f6m\u00e4sti Turkilta anteeksipyynt\u00f6\u00e4, mutta Erdogan ei taipunut heti. Vasta kes\u00e4kuussa 2016 Putin ja Erdogan puhuivat ensi kertaa puhelimessa, ja elokuussa 2016 oli miesten ensimm\u00e4inen henkil\u00f6kohtainen tapaaminen v\u00e4likohtauksen j\u00e4lkeen.<\/p>\n<p class=\"article-body mb-nof-24 px-nof-16\">Kes\u00e4kuussa 2016 Erdogan l\u00e4hetti Putinille viimein kirjeen, jossa h\u00e4n esitti \u201dsyv\u00e4t pahoittelunsa\u201d ja osanottonsa v\u00e4likohtauksen vuoksi surmansa saaneiden ven\u00e4l\u00e4issotilaiden perheille. Suhoi-24:n lent\u00e4j\u00e4 pelastautui heittoistuimella, mutta pudotusaluetta hallussaan pit\u00e4neet turkmeenikapinalliset surmasivat h\u00e4net. Kun ven\u00e4l\u00e4iset l\u00e4hettiv\u00e4t helikopterinsa pelastamaan lent\u00e4j\u00e4\u00e4 ja t\u00e4hyst\u00e4j\u00e4\u00e4, yksi helikoptereiden miehist\u00f6\u00f6n kuulunut sotilas sai niin ik\u00e4\u00e4n surmansa kapinallisten tulituksessa.<\/p>\n<p class=\"article-body mb-nof-24 px-nof-16\">Kreml tyytyi lopulta n\u00e4ihin pahoitteluihin, vaikka kyseess\u00e4 ei ollutkaan Erdoganin t\u00e4ydellinen anteeksipyynt\u00f6.<\/p>\n<p class=\"article-body mb-nof-24 px-nof-16\">Hein\u00e4kuussa 2016 Turkissa tapahtui Erdoganin vastainen vallankaappausyritys, jolloin Putin kiiruhti jo osoittamaan tukeaan Erdoganille.<\/p>\n<p class=\"article-body mb-nof-24 px-nof-16\">Putinin n\u00e4k\u00f6kulmasta mik\u00e4 tahansa autoritaarisen johtajan kaatamisyritys maailmalla muodostaa uhan my\u00f6s h\u00e4nelle itselleen, joten Erdoganin puolustaminen oli h\u00e4nelt\u00e4 looginen peliliike.<\/p>\n<p class=\"article-body mb-nof-24 px-nof-16\">Pian t\u00e4m\u00e4n j\u00e4lkeen Ven\u00e4j\u00e4n mediassa innostuttiin jo tiedosta, jonka mukaan <a class=\"article-genericlink\" href=\"https:\/\/www.politico.eu\/article\/turkish-pilots-who-downed-russian-jet-arrested-over-coup-plot-erdogan\/\" rel=\"nofollow noopener\" target=\"_blank\">Turkki oli pid\u00e4tt\u00e4nyt<\/a> Suhoin pudottaneet turkkilaislent\u00e4j\u00e4t. Erdoganin hallinto kertoi, ett\u00e4 lent\u00e4j\u00e4t olivat olleet mukana juonimassa vallankaappausta ja niin kutsuttua \u201drinnakkaisvaltiota\u201d.<\/p>\n<p class=\"article-body mb-nof-24 px-nof-16\">N\u00e4in saatiin aikaan selitysmalli, jonka mukaan syy Turkin Ven\u00e4j\u00e4-suhteiden pilaamiseen l\u00f6ytyisikin Ergodanin vastustajien eli <a class=\"article-personlink\" href=\"https:\/\/www.is.fi\/haku\/?query=Fethullah%20G%C3%BClenin\" rel=\"nofollow noopener\" target=\"_blank\">Fethullah G\u00fclenin<\/a> kannattajien muodostamasta Hizmet-organisaatiosta.<\/p>\n<p><img decoding=\"async\" src=\"https:\/\/www.europesays.com\/fi\/wp-content\/uploads\/2025\/09\/1758443168_964_468.jpg\" alt=\"Recep Tayyip Erdogan ja Vladimir Putin kuvattuina syyskuun 1. p\u00e4iv\u00e4n\u00e4 Kiinassa.\" class=\"_Img_tdqg8_1\" style=\"aspect-ratio:1.5011727912431587\" loading=\"eager\"\/><\/p>\n<p class=\"article-picture-caption\">Recep Tayyip Erdogan ja Vladimir Putin kuvattuina syyskuun 1. p\u00e4iv\u00e4n\u00e4 Kiinassa. Kuva:\u00a0Handout \/ AFP<\/p>\n<p class=\"article-body mb-nof-24 px-nof-16\">Turkin ja Ven\u00e4j\u00e4n suhteissa on yh\u00e4 edelleen j\u00e4nnitteit\u00e4, vaikka Putin on sittemmin purkanut suurimman osan Turkkia vastaan asettamistaan pakotteista.<\/p>\n<p class=\"article-body mb-nof-24 px-nof-16\">Lennot maiden v\u00e4lill\u00e4 kulkevat nyt vilkkaasti, sill\u00e4 Turkki on nykyisin ven\u00e4l\u00e4isille yh\u00e4 t\u00e4rke\u00e4mpi lomailupaikka ja portti ulkomaille, kun esimerkiksi Suomen ja Ven\u00e4j\u00e4n v\u00e4linen raja on kiinni. Ven\u00e4j\u00e4 ei ole kuitenkaan edelleenk\u00e4\u00e4n palauttanut turkkilaisturisteille viisumivapautta, vaan <a class=\"article-genericlink\" href=\"https:\/\/uae.mid.ru\/en\/consular-services\/consulate-ru\/visafreeregime\/\" rel=\"nofollow noopener\" target=\"_blank\">viisumivapaus<\/a> koskee vain tiettyj\u00e4 diplomaatti- ja erikoispassien haltijoita.<\/p>\n<p class=\"article-body mb-nof-24 px-nof-16\">Vastik\u00e4\u00e4n Ven\u00e4j\u00e4n talouskehitysministeri <a class=\"article-personlink\" href=\"https:\/\/www.is.fi\/haku\/?query=Maksim%20Reshetnikov\" rel=\"nofollow noopener\" target=\"_blank\">Maksim Reshetnikov<\/a> kertoi, ett\u00e4 Turkista on tullut nyt Ven\u00e4j\u00e4n toiseksi suurin <a class=\"article-genericlink\" href=\"https:\/\/turkishminute.com\/2025\/09\/09\/turkey-has-become-russias-second-largest-trading-partner-minister-says\/\" rel=\"nofollow noopener\" target=\"_blank\">kauppakumppani<\/a>. Edell\u00e4 on vain Kiina, ja jopa Intia tulee vasta Turkin j\u00e4lkeen.<\/p>\n<p class=\"article-body mb-nof-24 px-nof-16\">Kun Ven\u00e4j\u00e4 hy\u00f6kk\u00e4si kev\u00e4\u00e4ll\u00e4 2022 Ukrainaan ja Suomi k\u00e4ynnisti yhdess\u00e4 Ruotsin kanssa Naton j\u00e4senyyshakemuksen, Turkki oli yksi kummankin maan j\u00e4senyyksien viiv\u00e4stytt\u00e4jist\u00e4. Tuolloin pohdittiin jopa, oliko viivytyshanke yksi Erdoganin tavoista miellytt\u00e4\u00e4 Putinia.<\/p>\n<p class=\"article-body mb-nof-24 px-nof-16\">Turkki ratifioi viimeisen\u00e4 Nato-maana Suomen j\u00e4senyyden 30. maaliskuuta, ja Suomesta tuli Naton j\u00e4sen 4. huhtikuuta 2023.<\/p>\n","protected":false},"excerpt":{"rendered":"Moni on kysellyt jo, miksi Nato ei vastaa Ven\u00e4j\u00e4n toistuviin ilmatilaloukkauksiin nyt samalla tavoin. Marraskuussa tulee kuluneeksi kymmenen&hellip;\n","protected":false},"author":2,"featured_media":41097,"comment_status":"","ping_status":"","sticky":false,"template":"","format":"standard","meta":{"footnotes":""},"categories":[14],"tags":[22,23,26,27,33,31,30,17,34,24,25,28,29,15,18,21,32,19,20,56,16,59,60,61],"class_list":{"0":"post-41096","1":"post","2":"type-post","3":"status-publish","4":"format-standard","5":"has-post-thumbnail","7":"category-ulkomaat","8":"tag-breaking-news","9":"tag-breakingnews","10":"tag-featured-news","11":"tag-featurednews","12":"tag-fi","13":"tag-finland","14":"tag-finnish","15":"tag-headlines","16":"tag-ilta-sanomat","17":"tag-latest-news","18":"tag-latestnews","19":"tag-main-news","20":"tag-mainnews","21":"tag-news","22":"tag-otsikot","23":"tag-paauutiset","24":"tag-suomi","25":"tag-top-stories","26":"tag-topstories","27":"tag-ulkomaat","28":"tag-uutiset","29":"tag-world","30":"tag-world-news","31":"tag-worldnews"},"share_on_mastodon":{"url":"","error":""},"_links":{"self":[{"href":"https:\/\/www.europesays.com\/fi\/wp-json\/wp\/v2\/posts\/41096","targetHints":{"allow":["GET"]}}],"collection":[{"href":"https:\/\/www.europesays.com\/fi\/wp-json\/wp\/v2\/posts"}],"about":[{"href":"https:\/\/www.europesays.com\/fi\/wp-json\/wp\/v2\/types\/post"}],"author":[{"embeddable":true,"href":"https:\/\/www.europesays.com\/fi\/wp-json\/wp\/v2\/users\/2"}],"replies":[{"embeddable":true,"href":"https:\/\/www.europesays.com\/fi\/wp-json\/wp\/v2\/comments?post=41096"}],"version-history":[{"count":0,"href":"https:\/\/www.europesays.com\/fi\/wp-json\/wp\/v2\/posts\/41096\/revisions"}],"wp:featuredmedia":[{"embeddable":true,"href":"https:\/\/www.europesays.com\/fi\/wp-json\/wp\/v2\/media\/41097"}],"wp:attachment":[{"href":"https:\/\/www.europesays.com\/fi\/wp-json\/wp\/v2\/media?parent=41096"}],"wp:term":[{"taxonomy":"category","embeddable":true,"href":"https:\/\/www.europesays.com\/fi\/wp-json\/wp\/v2\/categories?post=41096"},{"taxonomy":"post_tag","embeddable":true,"href":"https:\/\/www.europesays.com\/fi\/wp-json\/wp\/v2\/tags?post=41096"}],"curies":[{"name":"wp","href":"https:\/\/api.w.org\/{rel}","templated":true}]}}