{"id":41098,"date":"2025-09-21T08:27:09","date_gmt":"2025-09-21T08:27:09","guid":{"rendered":"https:\/\/www.europesays.com\/fi\/41098\/"},"modified":"2025-09-21T08:27:09","modified_gmt":"2025-09-21T08:27:09","slug":"hyokkays-venelaiturilla-poliisi-epailee-torkeaa-rikosta","status":"publish","type":"post","link":"https:\/\/www.europesays.com\/fi\/41098\/","title":{"rendered":"Hy\u00f6kk\u00e4ys venelaiturilla \u2013 Poliisi ep\u00e4ilee t\u00f6rke\u00e4\u00e4 rikosta"},"content":{"rendered":"<p>Uhri havaitsi ep\u00e4iltyjen ry\u00f6st\u00f6aikeet venelaiturilla. Kaksi miest\u00e4 hy\u00f6kk\u00e4si uhrin kimppuun ja vei t\u00e4lt\u00e4 omaisuutta v\u00e4kivalloin. <\/p>\n<p><img decoding=\"async\" class=\"image image-show image-preview\" src=\"https:\/\/www.europesays.com\/fi\/wp-content\/uploads\/2025\/09\/7bee6b4cc8acf2a6e8087a47c3e18c14249ebf62049b5072123ea25828a14742.jpg\" alt=\"\"\/><img decoding=\"async\" class=\"image image-show\" src=\"https:\/\/www.europesays.com\/fi\/wp-content\/uploads\/2025\/09\/1758141971_535_7bee6b4cc8acf2a6e8087a47c3e18c14249ebf62049b5072123ea25828a14742.jpg\" alt=\"\"\/><\/p>\n<p>Poliisi pyyt\u00e4\u00e4 havaintoja kyseiseen tapahtumaan ja tapahtumapaikan l\u00e4heisyydess\u00e4 olleisiin henkil\u00f6ihin liittyen.  Inka Soveri<\/p>\n<p class=\"paragraph\">Pohjanmaan poliisilaitos tutkii ep\u00e4ilty\u00e4 t\u00f6rke\u00e4\u00e4 ry\u00f6st\u00f6\u00e4 Vaasassa.<\/p>\n<p class=\"paragraph\">Ep\u00e4ilty ry\u00f6st\u00f6 tapahtui sunnuntain vastaisena y\u00f6n\u00e4 kello yhden aikaan J\u00e4rvikatu 2\u201312:n venelaiturin kohdalla.<\/p>\n<p class=\"paragraph\">Uhri ilmoitti poliisille, ett\u00e4 h\u00e4nen kimppuunsa oli hy\u00f6k\u00e4nnyt kaksi miest\u00e4, kun h\u00e4n oli keskeytt\u00e4nyt n\u00e4iden anastusaikeet venelaiturilla. Hy\u00f6kk\u00e4\u00e4jien seurassa oli ollut my\u00f6s yksi nainen.<\/p>\n<p class=\"paragraph\">Uhrilta vietiin tilanteessa omaisuutta v\u00e4kivaltaa k\u00e4ytt\u00e4m\u00e4ll\u00e4. Poliisin tiedotteen mukaan uhri p\u00e4\u00e4si pakenemaan paikalta eik\u00e4 h\u00e4nell\u00e4 ole havaintoja siit\u00e4, minne p\u00e4in h\u00e4nen kimppuunsa hy\u00f6k\u00e4nneet henkil\u00f6t l\u00e4htiv\u00e4t.<\/p>\n<p class=\"paragraph\">Poliisi pyyt\u00e4\u00e4 havaintoja kyseiseen tapahtumaan ja tapahtumapaikan l\u00e4heisyydess\u00e4 olleisiin henkil\u00f6ihin liittyen.<\/p>\n<p class=\"paragraph\">Havainnot voi ilmoittaa s\u00e4hk\u00f6postilla Pohjanmaan poliisilaitoksen vihjes\u00e4hk\u00f6postiin osoitteeseen vihjeet.pohjanmaa@poliisi.fi tai j\u00e4tt\u00e4m\u00e4ll\u00e4 \u00e4\u00e4niviestin numeroon 0295 415 501.<\/p>\n","protected":false},"excerpt":{"rendered":"Uhri havaitsi ep\u00e4iltyjen ry\u00f6st\u00f6aikeet venelaiturilla. Kaksi miest\u00e4 hy\u00f6kk\u00e4si uhrin kimppuun ja vei t\u00e4lt\u00e4 omaisuutta v\u00e4kivalloin. Poliisi pyyt\u00e4\u00e4 havaintoja&hellip;\n","protected":false},"author":2,"featured_media":37958,"comment_status":"","ping_status":"","sticky":false,"template":"","format":"standard","meta":{"footnotes":""},"categories":[12],"tags":[35,22,23,26,27,33,31,30,17,55,24,25,41,28,29,15,18,21,122,54,103,32,19,20,16],"class_list":{"0":"post-41098","1":"post","2":"type-post","3":"status-publish","4":"format-standard","5":"has-post-thumbnail","7":"category-suomi","8":"tag-24h","9":"tag-breaking-news","10":"tag-breakingnews","11":"tag-featured-news","12":"tag-featurednews","13":"tag-fi","14":"tag-finland","15":"tag-finnish","16":"tag-headlines","17":"tag-lainvalvonta","18":"tag-latest-news","19":"tag-latestnews","20":"tag-liikunta-ja-urheilu","21":"tag-main-news","22":"tag-mainnews","23":"tag-news","24":"tag-otsikot","25":"tag-paauutiset","26":"tag-pelastaminen","27":"tag-pelastuspalvelut","28":"tag-sosiaalikysymykset","29":"tag-suomi","30":"tag-top-stories","31":"tag-topstories","32":"tag-uutiset"},"share_on_mastodon":{"url":"","error":""},"_links":{"self":[{"href":"https:\/\/www.europesays.com\/fi\/wp-json\/wp\/v2\/posts\/41098","targetHints":{"allow":["GET"]}}],"collection":[{"href":"https:\/\/www.europesays.com\/fi\/wp-json\/wp\/v2\/posts"}],"about":[{"href":"https:\/\/www.europesays.com\/fi\/wp-json\/wp\/v2\/types\/post"}],"author":[{"embeddable":true,"href":"https:\/\/www.europesays.com\/fi\/wp-json\/wp\/v2\/users\/2"}],"replies":[{"embeddable":true,"href":"https:\/\/www.europesays.com\/fi\/wp-json\/wp\/v2\/comments?post=41098"}],"version-history":[{"count":0,"href":"https:\/\/www.europesays.com\/fi\/wp-json\/wp\/v2\/posts\/41098\/revisions"}],"wp:featuredmedia":[{"embeddable":true,"href":"https:\/\/www.europesays.com\/fi\/wp-json\/wp\/v2\/media\/37958"}],"wp:attachment":[{"href":"https:\/\/www.europesays.com\/fi\/wp-json\/wp\/v2\/media?parent=41098"}],"wp:term":[{"taxonomy":"category","embeddable":true,"href":"https:\/\/www.europesays.com\/fi\/wp-json\/wp\/v2\/categories?post=41098"},{"taxonomy":"post_tag","embeddable":true,"href":"https:\/\/www.europesays.com\/fi\/wp-json\/wp\/v2\/tags?post=41098"}],"curies":[{"name":"wp","href":"https:\/\/api.w.org\/{rel}","templated":true}]}}