{"id":41099,"date":"2025-09-21T08:28:08","date_gmt":"2025-09-21T08:28:08","guid":{"rendered":"https:\/\/www.europesays.com\/fi\/41099\/"},"modified":"2025-09-21T08:28:08","modified_gmt":"2025-09-21T08:28:08","slug":"kaksi-hallituspuolueiden-kansanedustajaa-muutti-mieltaan-palestiinasta","status":"publish","type":"post","link":"https:\/\/www.europesays.com\/fi\/41099\/","title":{"rendered":"Kaksi hallituspuolueiden kansanedustajaa muutti mielt\u00e4\u00e4n Palestiinasta"},"content":{"rendered":"<p>Israel|Israelin sotatoimet ja humanitaarinen kriisi Gazassa muuttivat kokoomuksen sek\u00e4 perussuomalaisen kansanedustajan n\u00e4kemyksen Palestiinan tilanteesta.<\/p>\n<p class=\"article-body mb-nof-24 px-nof-16\">Kansanedustaja <a class=\"article-personlink\" href=\"https:\/\/www.hs.fi\/haku\/?query=Pia%20Kauma\" rel=\"nofollow noopener\" target=\"_blank\">Pia Kauma<\/a> (kok) n\u00e4ki pitk\u00e4\u00e4n, ett\u00e4 Palestiinan valtion tunnustaminen olisi palkinto Hamasille.<\/p>\n<p class=\"article-body mb-nof-24 px-nof-16\">Ei en\u00e4\u00e4.<\/p>\n<p class=\"article-body mb-nof-24 px-nof-16\">H\u00e4nen ajattelunsa muuttui, kun uutisoitiin, ett\u00e4 Gazan siviilej\u00e4 <a class=\"article-genericlink\" href=\"https:\/\/www.hs.fi\/maailma\/art-2000011476645.html\" rel=\"nofollow noopener\" target=\"_blank\">n\u00e4\u00e4nnytet\u00e4\u00e4n <\/a>n\u00e4lk\u00e4\u00e4n. Israel on sodan aikana <a class=\"article-genericlink\" href=\"https:\/\/www.hs.fi\/maailma\/art-2000011389536.html\" rel=\"nofollow noopener\" target=\"_blank\">rajoittanut <\/a>voimakkaasti humanitaarisen avun kuljettamista Gazan kaistaleelle. Israel on v\u00e4itt\u00e4nyt, ett\u00e4 se ei est\u00e4 avun p\u00e4\u00e4sy\u00e4 Gazaan.<\/p>\n<p class=\"article-body mb-nof-24 px-nof-16\">\u201dT\u00e4m\u00e4 j\u00e4rjet\u00f6n, liian pitk\u00e4lle mennyt tuhoaminen ja ihmisten n\u00e4\u00e4nnytt\u00e4minen. Sellaista min\u00e4 en hyv\u00e4ksy enk\u00e4 ymm\u00e4rr\u00e4.\u201d<\/p>\n<p class=\"article-body mb-nof-24 px-nof-16\">Kauman mukaan Israelin toiminta on mennyt \u201djo aikoja sitten\u201d liian pitk\u00e4lle. H\u00e4n sanoo, ett\u00e4 maapinta-alaltaan noin Inkoon kokoisesta Gazan kaistaleesta ei ole juuri mit\u00e4\u00e4n j\u00e4ljell\u00e4. Alue on pommitettu maan tasalle, h\u00e4n lis\u00e4\u00e4.<\/p>\n<p class=\"article-body mb-nof-24 px-nof-16\">Viimeisen vuoden aikana Kauma kertoo vierailleensa kaksi kertaa Israelissa ja palestiinalaiskaupunki Ramallahissa Etyjin yleiskokouksen puheenjohtajana. H\u00e4n pyrki ymm\u00e4rt\u00e4m\u00e4\u00e4n, mit\u00e4 Israel tavoittelee sodalla ja my\u00f6s palestiinalaisten n\u00e4k\u00f6kulmia.<\/p>\n<p class=\"article-body mb-nof-24 px-nof-16\">Kauma kertoo puhuneensa israelilaistoimijoiden kanssa siit\u00e4, kuinka sota lietsoo vihaa molemmin puolin. Kauman mukaan jatkuva pommittaminen luo pohjaa uudelle terrorismille. H\u00e4n pettyi siihen, kuinka vaikeaa keskustelu oli.<\/p>\n<p class=\"article-body mb-nof-24 px-nof-16\">\u201dHeid\u00e4n oli hyvin vaikea ottaa vastaan hienovaraistakaan kritiikki\u00e4.\u201d<\/p>\n<p class=\"article-body mb-nof-24 px-nof-16\">Kauman mukaan h\u00e4nelle sanottiin, ett\u00e4 Israel varoittaa etuk\u00e4teen ennen iskuja, jotta siviilit voisivat siirty\u00e4 turvaan. K\u00e4sitett\u00e4 viattomista siviileist\u00e4 toimijat eiv\u00e4t Kauman mukaan hyv\u00e4ksyneet.<\/p>\n<p class=\"article-body mb-nof-24 px-nof-16\">\u201dHe kokevat, ett\u00e4 uhka ei ole pelk\u00e4st\u00e4\u00e4n Hamasin terroristeissa, vaan osittain my\u00f6s siviileiss\u00e4. He kokevat, ett\u00e4 kun on uutisoitu lapsiuhreista, niin osa vanhemmista lapsista, ei ihan pikkulapset, ovat jo Hamasin sotureita.\u201d<\/p>\n<p class=\"article-body mb-nof-24 px-nof-16\">My\u00f6hemmin Kauma haluaa lis\u00e4t\u00e4, ett\u00e4 Hamas k\u00e4ytt\u00e4\u00e4 lapsia ihmiskilpin\u00e4.<\/p>\n<p class=\"article-body mb-nof-24 px-nof-16\">Terrorij\u00e4rjest\u00f6 Hamas hy\u00f6kk\u00e4si Israeliin tappaen l\u00e4hes 1200 ihmist\u00e4 lokakuussa 2023. Sen j\u00e4lkeen Israelin iskuihin Gazassa on kuollut <a class=\"article-genericlink\" href=\"https:\/\/www.hs.fi\/maailma\/art-2000011397901.html\" rel=\"nofollow noopener\" target=\"_blank\">arvioiden <\/a>mukaan yli 60 000 ihmist\u00e4.<\/p>\n<p class=\"article-body mb-nof-24 px-nof-16\">Israelin jatkaessa sotaa my\u00f6s kansanedustaja <a class=\"article-personlink\" href=\"https:\/\/www.hs.fi\/haku\/?query=Veijo%20Niemen\" rel=\"nofollow noopener\" target=\"_blank\">Veijo Niemen<\/a> (ps) n\u00e4kemys Palestiinan tilanteesta muuttui.<\/p>\n<p class=\"article-body mb-nof-24 px-nof-16\">\u201dKohtuus olisi pit\u00e4nyt olla kaikessa. Nyt he [Israel] meinaavat jatkaa kylm\u00e4sti siihen asti, ett\u00e4 kaikki Gazan kaistaleella on tuusan nuuskana. On tietysti hirve\u00e4sti ihmistappioita.\u201d<\/p>\n<p><img decoding=\"async\" src=\"https:\/\/www.europesays.com\/fi\/wp-content\/uploads\/2025\/09\/1758443288_108_468.jpg\" alt=\"Kansanedustaja Veijo Niemi (ps) eduskunnassa syysistuntokauden alussa.\" class=\"_Img_tdqg8_1\" style=\"aspect-ratio:1.5\" loading=\"eager\"\/><\/p>\n<p class=\"article-picture-caption\">Kansanedustaja Veijo Niemi (ps) eduskunnassa syysistuntokauden alussa. Kuva:\u00a0Kalle Koponen \/ HS<\/p>\n<p class=\"article-body mb-nof-24 px-nof-16\">Niemi sanoo, ett\u00e4 h\u00e4n ei \u201dl\u00f6yd\u00e4\u201d Palestiinan tunnustettavaa valtiota. Ensin pit\u00e4isi saada aselepo, Hamas riisuttua aseista ja j\u00e4rkev\u00e4 palestiinalaishallinto sek\u00e4 poliisivoimat. Sen j\u00e4lkeen Suomella ei olisi h\u00e4nen mukaansa estett\u00e4 tunnustaa Palestiina.<\/p>\n<p class=\"article-body mb-nof-24 px-nof-16\">Nyt Gazan siviileille pit\u00e4isi saada mit\u00e4 kiirusimmin ruokaa ja apua, Niemi sanoo.<\/p>\n<p class=\"article-body mb-nof-24 px-nof-16\">Niemi kertoo ajatelleensa Hamasin hy\u00f6kk\u00e4yksen j\u00e4lkeen, ett\u00e4 Israel puolustaa maataan oikeutetusti. Nyt h\u00e4n sanoo, ett\u00e4 Israelin olisi ollut syyt\u00e4 lopettaa jo aiemmin.<\/p>\n<p class=\"article-body mb-nof-24 px-nof-16\">YK:n tutkijat <a class=\"article-genericlink\" href=\"https:\/\/www.bbc.com\/news\/articles\/c8641wv0n4go\" rel=\"nofollow noopener\" target=\"_blank\">kertoivat<\/a> tiistaina, ett\u00e4 Israel on syyllistynyt lokakuusta 2023 alkaen kansamurhaan Gazan alueella. Tarkoitus on tutkijoiden mukaan tuhota alueen palestiinalaiset. Israel <a class=\"article-genericlink\" href=\"https:\/\/www.hs.fi\/maailma\/art-2000011496634.html\" rel=\"nofollow noopener\" target=\"_blank\">aloitti <\/a>t\u00e4ll\u00e4 viikolla hy\u00f6kk\u00e4yksen Gazan kaupunkiin.<\/p>\n<p class=\"article-body mb-nof-24 px-nof-16\">Kauman mukaan Suomi on melko l\u00e4hell\u00e4 sit\u00e4, ett\u00e4 Palestiina tunnustetaan. H\u00e4n ei vastaa suoraan pit\u00e4isik\u00f6 valtio tunnustaa nyt, mutta asiaa pit\u00e4isi katsoa ensi viikon YK:n yleiskokouksen j\u00e4lkeen. Joukko l\u00e4nsivaltioita aikoo tunnustaa Palestiinan kokouksen yhteydess\u00e4.<\/p>\n<p class=\"article-body mb-nof-24 px-nof-16\">Hallituspuolueista kristillisdemokraatit ja perussuomalaiset <a class=\"article-genericlink\" href=\"https:\/\/www.hs.fi\/politiikka\/art-2000011400607.html\" rel=\"nofollow noopener\" target=\"_blank\">eiv\u00e4t <\/a>kannata Palestiinan tunnustamista. Kauma toivoo puolueiden ymm\u00e4rt\u00e4v\u00e4n, ett\u00e4 L\u00e4hi-id\u00e4n rauha edellytt\u00e4\u00e4 kaikkien osapuolien tulemista toisiaan vastaan.<\/p>\n<p class=\"article-body mb-nof-24 px-nof-16\">\u201dSe ei tapahdu sill\u00e4 tavalla, ett\u00e4 ik\u00e4\u00e4n kuin linnoittaudutaan kummankaan osapuolen puolelle liian tiukasti\u201d, Kauma sanoo.<\/p>\n<p class=\"article-body mb-nof-24 px-nof-16\">Israelilla on oikeus puolustautua, Kauma sanoo. Tiettyyn rajaan asti h\u00e4n kertoo ymm\u00e4rt\u00e4v\u00e4ns\u00e4 maan toimet, mutta raja ylittyi jo \u201dkauan sitten\u201d<\/p>\n","protected":false},"excerpt":{"rendered":"Israel|Israelin sotatoimet ja humanitaarinen kriisi Gazassa muuttivat kokoomuksen sek\u00e4 perussuomalaisen kansanedustajan n\u00e4kemyksen Palestiinan tilanteesta. Kansanedustaja Pia Kauma (kok)&hellip;\n","protected":false},"author":2,"featured_media":41100,"comment_status":"","ping_status":"","sticky":false,"template":"","format":"standard","meta":{"footnotes":""},"categories":[5],"tags":[22,23,26,27,33,31,30,17,46,24,25,28,29,15,18,21,32,19,20,16],"class_list":{"0":"post-41099","1":"post","2":"type-post","3":"status-publish","4":"format-standard","5":"has-post-thumbnail","7":"category-otsikot","8":"tag-breaking-news","9":"tag-breakingnews","10":"tag-featured-news","11":"tag-featurednews","12":"tag-fi","13":"tag-finland","14":"tag-finnish","15":"tag-headlines","16":"tag-helsingin-sanomat","17":"tag-latest-news","18":"tag-latestnews","19":"tag-main-news","20":"tag-mainnews","21":"tag-news","22":"tag-otsikot","23":"tag-paauutiset","24":"tag-suomi","25":"tag-top-stories","26":"tag-topstories","27":"tag-uutiset"},"share_on_mastodon":{"url":"","error":""},"_links":{"self":[{"href":"https:\/\/www.europesays.com\/fi\/wp-json\/wp\/v2\/posts\/41099","targetHints":{"allow":["GET"]}}],"collection":[{"href":"https:\/\/www.europesays.com\/fi\/wp-json\/wp\/v2\/posts"}],"about":[{"href":"https:\/\/www.europesays.com\/fi\/wp-json\/wp\/v2\/types\/post"}],"author":[{"embeddable":true,"href":"https:\/\/www.europesays.com\/fi\/wp-json\/wp\/v2\/users\/2"}],"replies":[{"embeddable":true,"href":"https:\/\/www.europesays.com\/fi\/wp-json\/wp\/v2\/comments?post=41099"}],"version-history":[{"count":0,"href":"https:\/\/www.europesays.com\/fi\/wp-json\/wp\/v2\/posts\/41099\/revisions"}],"wp:featuredmedia":[{"embeddable":true,"href":"https:\/\/www.europesays.com\/fi\/wp-json\/wp\/v2\/media\/41100"}],"wp:attachment":[{"href":"https:\/\/www.europesays.com\/fi\/wp-json\/wp\/v2\/media?parent=41099"}],"wp:term":[{"taxonomy":"category","embeddable":true,"href":"https:\/\/www.europesays.com\/fi\/wp-json\/wp\/v2\/categories?post=41099"},{"taxonomy":"post_tag","embeddable":true,"href":"https:\/\/www.europesays.com\/fi\/wp-json\/wp\/v2\/tags?post=41099"}],"curies":[{"name":"wp","href":"https:\/\/api.w.org\/{rel}","templated":true}]}}