{"id":41113,"date":"2025-09-21T08:52:07","date_gmt":"2025-09-21T08:52:07","guid":{"rendered":"https:\/\/www.europesays.com\/fi\/41113\/"},"modified":"2025-09-21T08:52:07","modified_gmt":"2025-09-21T08:52:07","slug":"trumpin-hallinto-jysaytti-rajun-rajoituksen-suora-hyokkays-iltalehti","status":"publish","type":"post","link":"https:\/\/www.europesays.com\/fi\/41113\/","title":{"rendered":"Trumpin hallinto jys\u00e4ytti rajun rajoituksen \u2013 \u201dSuora hy\u00f6kk\u00e4ys\u201d &#8211; Iltalehti"},"content":{"rendered":"<ol>\n<li><a href=\"https:\/\/news.google.com\/rss\/articles\/CBMifEFVX3lxTFBWbmh0UEhDenlvc3J4bkFsZnVYaVl2TWcwUzlZaUl4RWZsaWl4YTBLQmJEcG5EdVJLSG1pQVFvUUNvR3lVZVg2ZzRKMmlKRWxkTzJ6dkcyZ2pTODFWdUpZbEJNcTNOeUZQYXVPeHBVdXliZ05SSjRURjRHTjU?oc=5\" target=\"_blank\" rel=\"nofollow noopener\">Trumpin hallinto jys\u00e4ytti rajun rajoituksen \u2013 \u201dSuora hy\u00f6kk\u00e4ys\u201d<\/a>&nbsp;&nbsp;Iltalehti<\/li>\n<li><a href=\"https:\/\/news.google.com\/rss\/articles\/CBMiXkFVX3lxTE9qRnRIQmk0bW5HWlQ4ZWZfT0dYNVJ4MjNlWkNZV21pREdDdkhKSmRQV3A2a0RHM3pIdDl5WnJMR05aanByb2hLTmQzRFd5V0JCbUNwVldoS3ZHMXY2YXc?oc=5\" target=\"_blank\" rel=\"nofollow noopener\">Yhdysvaltain puolustusministeri\u00f6 ilmoitti uusista rajoituksista \u2013 \u201dT\u00e4m\u00e4n pit\u00e4isi huolestuttaa jokaista amerikkalaista\u201d<\/a>&nbsp;&nbsp;Ilta-Sanomat<\/li>\n<li><a href=\"https:\/\/news.google.com\/rss\/articles\/CBMiQkFVX3lxTFBYMk5qVkpfS2IwZktpaDNCUm0zaGFaQW85bGE0c2Z0R0JrZjh0bDVDdlA1UGFBVGVxNW1meTdRLVZKdw?oc=5\" target=\"_blank\" rel=\"nofollow noopener\">Yhdysvaltain puolustusministeri\u00f6 ilmoitti uusista rajoituksista toimittajille<\/a>&nbsp;&nbsp;Yle<\/li>\n<li><a href=\"https:\/\/news.google.com\/rss\/articles\/CBMiV0FVX3lxTE5wMHBFLWl1dmc0eDJMZDJUSkN6YjN5cEN3TXd5TFl6dFBWNkZVQWw0c0ZGSE1RUVhkQ2ttNzRDQ1BNYzYxMWNpUmlKbVVyVWo5VnlZWjlJQQ?oc=5\" target=\"_blank\" rel=\"nofollow noopener\">Pentagonilta uusia rajoituksia lehdist\u00f6lle \u2013 kaikki tieto hyv\u00e4ksytett\u00e4v\u00e4 jatkossa<\/a>&nbsp;&nbsp;Keskisuomalainen<\/li>\n<\/ol>\n","protected":false},"excerpt":{"rendered":"Trumpin hallinto jys\u00e4ytti rajun rajoituksen \u2013 \u201dSuora hy\u00f6kk\u00e4ys\u201d&nbsp;&nbsp;Iltalehti Yhdysvaltain puolustusministeri\u00f6 ilmoitti uusista rajoituksista \u2013 \u201dT\u00e4m\u00e4n pit\u00e4isi huolestuttaa jokaista&hellip;\n","protected":false},"author":2,"featured_media":41114,"comment_status":"","ping_status":"","sticky":false,"template":"","format":"standard","meta":{"footnotes":""},"categories":[14],"tags":[35,22,23,26,27,33,31,30,17,24,25,28,29,15,18,21,142,637,144,32,19,20,56,16,638,59,60,61,143],"class_list":{"0":"post-41113","1":"post","2":"type-post","3":"status-publish","4":"format-standard","5":"has-post-thumbnail","7":"category-ulkomaat","8":"tag-24h","9":"tag-breaking-news","10":"tag-breakingnews","11":"tag-featured-news","12":"tag-featurednews","13":"tag-fi","14":"tag-finland","15":"tag-finnish","16":"tag-headlines","17":"tag-latest-news","18":"tag-latestnews","19":"tag-main-news","20":"tag-mainnews","21":"tag-news","22":"tag-otsikot","23":"tag-paauutiset","24":"tag-poliitikot","25":"tag-politiikka","26":"tag-presidentti","27":"tag-suomi","28":"tag-top-stories","29":"tag-topstories","30":"tag-ulkomaat","31":"tag-uutiset","32":"tag-valtiovalta","33":"tag-world","34":"tag-world-news","35":"tag-worldnews","36":"tag-yhdysvaltain-politiikka"},"share_on_mastodon":{"url":"","error":""},"_links":{"self":[{"href":"https:\/\/www.europesays.com\/fi\/wp-json\/wp\/v2\/posts\/41113","targetHints":{"allow":["GET"]}}],"collection":[{"href":"https:\/\/www.europesays.com\/fi\/wp-json\/wp\/v2\/posts"}],"about":[{"href":"https:\/\/www.europesays.com\/fi\/wp-json\/wp\/v2\/types\/post"}],"author":[{"embeddable":true,"href":"https:\/\/www.europesays.com\/fi\/wp-json\/wp\/v2\/users\/2"}],"replies":[{"embeddable":true,"href":"https:\/\/www.europesays.com\/fi\/wp-json\/wp\/v2\/comments?post=41113"}],"version-history":[{"count":0,"href":"https:\/\/www.europesays.com\/fi\/wp-json\/wp\/v2\/posts\/41113\/revisions"}],"wp:featuredmedia":[{"embeddable":true,"href":"https:\/\/www.europesays.com\/fi\/wp-json\/wp\/v2\/media\/41114"}],"wp:attachment":[{"href":"https:\/\/www.europesays.com\/fi\/wp-json\/wp\/v2\/media?parent=41113"}],"wp:term":[{"taxonomy":"category","embeddable":true,"href":"https:\/\/www.europesays.com\/fi\/wp-json\/wp\/v2\/categories?post=41113"},{"taxonomy":"post_tag","embeddable":true,"href":"https:\/\/www.europesays.com\/fi\/wp-json\/wp\/v2\/tags?post=41113"}],"curies":[{"name":"wp","href":"https:\/\/api.w.org\/{rel}","templated":true}]}}