{"id":41119,"date":"2025-09-21T09:06:09","date_gmt":"2025-09-21T09:06:09","guid":{"rendered":"https:\/\/www.europesays.com\/fi\/41119\/"},"modified":"2025-09-21T09:06:09","modified_gmt":"2025-09-21T09:06:09","slug":"yksi-johannes-holopaisen-lahisukulaisista-on-erityisen-innokas-kannustamaan-nayttelijaa-ttk-taipaleella","status":"publish","type":"post","link":"https:\/\/www.europesays.com\/fi\/41119\/","title":{"rendered":"Yksi Johannes Holopaisen l\u00e4hisukulaisista on erityisen innokas kannustamaan n\u00e4yttelij\u00e4\u00e4 TTK-taipaleella"},"content":{"rendered":"<p><strong class=\"typography-bold\">Johannes Holopainen suhtautuu tanssiin &#8221;ihmisi\u00e4 yhdist\u00e4v\u00e4n\u00e4 ulottuvuutena&#8221;.\u00a0<\/strong><\/p>\n<p><a class=\"underline\" data-testid=\"internal-link\" role=\"link\" data-sentry-element=\"Link\" data-sentry-component=\"InternalLink\" data-sentry-source-file=\"InternalLink.tsx\" href=\"https:\/\/www.mtvuutiset.fi\/aihe\/tanssii-tahtien-kanssa\/2839810\" rel=\"nofollow noopener\" target=\"_blank\">Tanssii T\u00e4htien Kanssa<\/a> -ohjelman suorat l\u00e4hetykset ovat p\u00e4r\u00e4ht\u00e4neet vaihdilla k\u00e4yntiin.\u00a0<\/p>\n<p>T\u00e4ll\u00e4 tuotantokaudella t\u00e4htiopettaja <a class=\"underline\" data-testid=\"internal-link\" role=\"link\" data-sentry-element=\"Link\" data-sentry-component=\"InternalLink\" data-sentry-source-file=\"InternalLink.tsx\" href=\"https:\/\/www.mtvuutiset.fi\/aihe\/katri-riihilahti\/8482148\" rel=\"nofollow noopener\" target=\"_blank\"><strong class=\"typography-bold\">Katri Riihilahti<\/strong><\/a><strong class=\"typography-bold\"> <\/strong>on tehnyt paluun TTK-parketille. H\u00e4nen t\u00e4htioppilaansa on t\u00e4n\u00e4 syksyn\u00e4 n\u00e4yttelij\u00e4 <a class=\"underline\" data-testid=\"internal-link\" role=\"link\" data-sentry-element=\"Link\" data-sentry-component=\"InternalLink\" data-sentry-source-file=\"InternalLink.tsx\" href=\"https:\/\/www.mtvuutiset.fi\/aihe\/johannes-holopainen\/8712216\" rel=\"nofollow noopener\" target=\"_blank\"><strong class=\"typography-bold\">Johannes Holopainen<\/strong><\/a>.<\/p>\n<p>Riihilahti on iloinen saadessaan palata t\u00e4htiopettajaksi, ja my\u00f6nt\u00e4\u00e4 sen olevan my\u00f6s j\u00e4nnitt\u00e4v\u00e4\u00e4 omalla tavallaan. Kausi on Riihilahdelle kymmenes, eli tavallaan h\u00e4nen juhlavuotensa.\u00a0<\/p>\n<p>\u2013 Ihanaa olla takaisin ja ett\u00e4 on Johannes parina, n\u00e4yttelij\u00e4. Koskaan aikaisemmin minulla ei ole ollut (parina).<\/p>\n<p>Edellisen kauden Riihilahti oli pois TTK:sta \u00e4itiysloman t\u00e4hden. H\u00e4nen ja ex-jalkapalloilija <a class=\"underline\" data-testid=\"internal-link\" role=\"link\" data-sentry-element=\"Link\" data-sentry-component=\"InternalLink\" data-sentry-source-file=\"InternalLink.tsx\" href=\"https:\/\/www.mtvuutiset.fi\/aihe\/aki-riihilahti\/4588088\" rel=\"nofollow noopener\" target=\"_blank\"><strong class=\"typography-bold\">Aki Riihilahden<\/strong><\/a><strong class=\"typography-bold\"> <\/strong>esikoinen t\u00e4ytti juuri vuoden. T\u00e4htiopettaja kertoo taaperon olevan innokas liikkuja ja \u00e4iti tanssiikin my\u00f6s lapsensa kanssa kotosalla.<\/p>\n<p>\u2013 Kovasti h\u00e4n musiikista tykk\u00e4\u00e4 ja liikkeest\u00e4, Riihilahti kertoo.\u00a0<\/p>\n<p>Lue lis\u00e4\u00e4: <a class=\"underline\" data-testid=\"internal-link\" role=\"link\" data-sentry-element=\"Link\" data-sentry-component=\"InternalLink\" data-sentry-source-file=\"InternalLink.tsx\" href=\"https:\/\/www.mtvuutiset.fi\/artikkeli\/nayttelija-johannes-holopainen-vakuutti-tanssitaidoillaan-taikapolya\/9217818\" rel=\"nofollow noopener\" target=\"_blank\">N\u00e4yttelij\u00e4 Johannes Holopainen vakuutti tanssitaidoillaan: &#8221;Taikap\u00f6ly\u00e4&#8221;<\/a><\/p>\n<p>T\u00e4htioppilas Holopainen kertoo pit\u00e4v\u00e4ns\u00e4 my\u00f6s liikkeest\u00e4 ja nauttivansa tanssimisesta. N\u00e4yttelij\u00e4 kertoo l\u00e4hipiirins\u00e4 olevan todella innoissaan siit\u00e4, ett\u00e4 h\u00e4net n\u00e4hd\u00e4\u00e4n pian TTK-parketilla.\u00a0<\/p>\n<p>Varsinkin Holopaisen sisko on luvannut saapua kannustamaan velje\u00e4\u00e4n joka l\u00e4hetykseen ja n\u00e4yttelij\u00e4 on my\u00f6s luvannut tanssittavansa siskoaan vastaisuudessa.\u00a0<\/p>\n<p>\u2013 Siell\u00e4 on siskolle paikka varattuna.\u00a0<\/p>\n<p>Holopaiselle merkitsee paljon, ett\u00e4 h\u00e4nen perheens\u00e4 ja sukulaisensa el\u00e4v\u00e4t vahvasti h\u00e4nen mukanaan TTK:ta.\u00a0<\/p>\n<p>\u2013 On ihanaa, ett\u00e4 t\u00e4m\u00e4 on semmoinen yhteinen juttu. Olen tosi fiiliksiss\u00e4, ett\u00e4 p\u00e4\u00e4see jakamaan my\u00f6s perheen kanssa t\u00e4t\u00e4 matkaa. Ja yst\u00e4vien kanssa my\u00f6s, tietenkin.\u00a0<\/p>\n<p>Riihilahden ja Holopaisen ensimm\u00e4inen TTK-tanssi tulee olemaan wieninvalssi. Heid\u00e4n kappaleensa taustalla kuullaan <strong class=\"typography-bold\">Lady Gagan <\/strong>kappale Hold My Hand.<\/p>\n<p>Lue my\u00f6s: <a class=\"underline\" data-testid=\"internal-link\" role=\"link\" data-sentry-element=\"Link\" data-sentry-component=\"InternalLink\" data-sentry-source-file=\"InternalLink.tsx\" href=\"https:\/\/www.mtvuutiset.fi\/artikkeli\/vappu-pimia-kertoo-mtv-uutisille-miksi-vetaytyy-ttk-sta-haluan-lahtea-ennen-kuin-se-tapahtuu\/9212088\" rel=\"nofollow noopener\" target=\"_blank\">Vappu Pimi\u00e4 kertoo MTV Uutisille, miksi vet\u00e4ytyy TTK:sta: &#8221;Haluan l\u00e4hte\u00e4 ennen kuin se tapahtuu&#8221;<\/a>Tanssii T\u00e4htien Kanssa <a class=\"underline\" data-testid=\"external-link\" href=\"https:\/\/www.mtv.fi\/ohjelma\/5d872b916e7968c4206a\/tanssii-tahtien-kanssa\" rel=\"noopener noreferrer nofollow\" target=\"_blank\" data-sentry-component=\"ExternalLink\" data-sentry-source-file=\"ExternalLink.tsx\">MTV Katsomossa<\/a> ja MTV3-kanavalla sunnuntaisin klo 19.30.<\/p>\n","protected":false},"excerpt":{"rendered":"Johannes Holopainen suhtautuu tanssiin &#8221;ihmisi\u00e4 yhdist\u00e4v\u00e4n\u00e4 ulottuvuutena&#8221;.\u00a0 Tanssii T\u00e4htien Kanssa -ohjelman suorat l\u00e4hetykset ovat p\u00e4r\u00e4ht\u00e4neet vaihdilla k\u00e4yntiin.\u00a0 T\u00e4ll\u00e4&hellip;\n","protected":false},"author":2,"featured_media":41120,"comment_status":"","ping_status":"","sticky":false,"template":"","format":"standard","meta":{"footnotes":""},"categories":[136],"tags":[407,137,33,31,30,408,32,109],"class_list":{"0":"post-41119","1":"post","2":"type-post","3":"status-publish","4":"format-standard","5":"has-post-thumbnail","7":"category-julkkikset","8":"tag-celebrities","9":"tag-entertainment","10":"tag-fi","11":"tag-finland","12":"tag-finnish","13":"tag-julkkikset","14":"tag-suomi","15":"tag-viihde"},"share_on_mastodon":{"url":"","error":""},"_links":{"self":[{"href":"https:\/\/www.europesays.com\/fi\/wp-json\/wp\/v2\/posts\/41119","targetHints":{"allow":["GET"]}}],"collection":[{"href":"https:\/\/www.europesays.com\/fi\/wp-json\/wp\/v2\/posts"}],"about":[{"href":"https:\/\/www.europesays.com\/fi\/wp-json\/wp\/v2\/types\/post"}],"author":[{"embeddable":true,"href":"https:\/\/www.europesays.com\/fi\/wp-json\/wp\/v2\/users\/2"}],"replies":[{"embeddable":true,"href":"https:\/\/www.europesays.com\/fi\/wp-json\/wp\/v2\/comments?post=41119"}],"version-history":[{"count":0,"href":"https:\/\/www.europesays.com\/fi\/wp-json\/wp\/v2\/posts\/41119\/revisions"}],"wp:featuredmedia":[{"embeddable":true,"href":"https:\/\/www.europesays.com\/fi\/wp-json\/wp\/v2\/media\/41120"}],"wp:attachment":[{"href":"https:\/\/www.europesays.com\/fi\/wp-json\/wp\/v2\/media?parent=41119"}],"wp:term":[{"taxonomy":"category","embeddable":true,"href":"https:\/\/www.europesays.com\/fi\/wp-json\/wp\/v2\/categories?post=41119"},{"taxonomy":"post_tag","embeddable":true,"href":"https:\/\/www.europesays.com\/fi\/wp-json\/wp\/v2\/tags?post=41119"}],"curies":[{"name":"wp","href":"https:\/\/api.w.org\/{rel}","templated":true}]}}