{"id":41143,"date":"2025-09-21T09:40:07","date_gmt":"2025-09-21T09:40:07","guid":{"rendered":"https:\/\/www.europesays.com\/fi\/41143\/"},"modified":"2025-09-21T09:40:07","modified_gmt":"2025-09-21T09:40:07","slug":"hs-maineikkaan-ja-jo-edesmenneen-hollywood-ohjaajaan-okykotia-myydaan-iisalmelaisilla-kaiuttimilla-varustettuna-savo","status":"publish","type":"post","link":"https:\/\/www.europesays.com\/fi\/41143\/","title":{"rendered":"HS: Maineikkaan ja jo edesmenneen Hollywood-ohjaajaan \u00f6kykotia myyd\u00e4\u00e4n iisalmelaisilla kaiuttimilla varustettuna | Savo"},"content":{"rendered":"<p>Iisalmelainen kaiutinvalmistaja Genelec on j\u00e4lleen otsikoissa. <a href=\"https:\/\/www.hs.fi\/kulttuuri\/art-2000011498650.html\" rel=\"nofollow noopener\" target=\"_blank\">Helsingin Sanomat kertoo<\/a>, ett\u00e4 viime tammikuussa kuollut maineikas yhdysvaltalainen ohjaaja-k\u00e4sikirjoittaja <strong>David Lynch<\/strong> oli yksi monista, joka luotti Genelecin kaiuttimiin.<\/p>\n<p>Asia k\u00e4y Helsingin Sanomille ilmi <a href=\"https:\/\/www.zillow.com\/homedetails\/7017-Senalda-Rd-Los-Angeles-CA-90068\/20803620_zpid\/?fbclid=IwZnRzaAM0vFBleHRuA2FlbQIxMQABHt-Hzhdvm6om_S8SnPhg7c8Lz_O4QjWBe_OZ5SBph_BAPo4HZsQlcb3Y98FJ_aem_WHGkRwrsVLvaWeYHxEJfXw\" rel=\"nofollow noopener\" target=\"_blank\">myynti-ilmoituksesta<\/a>, jolla Twin Peaksistakin tutun ohjaajan hulppeaa Hollywood Hillsin kotia myyd\u00e4\u00e4n.<\/p>\n<p>Lynchin kotia ja tiluksia esitell\u00e4\u00e4n myynti-ilmoituksessa runsain kuvin. Studiotiloja n\u00e4ytt\u00e4viss\u00e4 kuvissa mustat Genelecin aktiivikaiuttimet erottuvat hyvin. Lynch rakennutti tontilleen studion, jossa muun muassa viimeisteltiin h\u00e4nen elokuviensa musiikki ja \u00e4\u00e4nimaailma.<\/p>\n<p>Lynchin kodin hintapyynt\u00f6 on 15 miljoonaa dollaria eli l\u00e4hes 13 miljoonaa euroa. Myynniss\u00e4 olevalla 1,1 hehtaarin rinnetontilla sijaitsevaan asuinalueeseen kuuluu useita rakennuksia.<\/p>\n<p>Vuonna 1978 perustettu \u00e4\u00e4nentoistolaitteita valmistava perheyritys Genelec on saanut julkista tunnustusta muusikoilta ja muilta ihmisilt\u00e4 useita kertoja aiemminkin.<\/p>\n<p>\t\t<a class=\"diks-gallery__link\" href=\"https:\/\/www.savonsanomat.fi\/incoming\/vov59m\/10570228_.jpg\/alternates\/FREE_1440\/10570228_.jpg\" data-thumbnail=\"\" data-sub-html=\"Genelecin p\u00e4\u00e4konttori ja tehdas sijaitsevat\u00a0Iisalmessa Pohjois-Savossa. Anni Nieminen\" aria-label=\"Katso isompi kuva\" rel=\"nofollow noopener\" target=\"_blank\"><br \/>\n\t\t\t\t<img class=\"diks-figure__image\" src=\"https:\/\/www.europesays.com\/fi\/wp-content\/uploads\/2025\/09\/10570228_.jpg\" loading=\"lazy\" decoding=\"sync\" alt=\"\"\/><\/p>\n<p>\t\t\t<\/a><br \/>\n\t\t\t\t\tGenelecin p\u00e4\u00e4konttori ja tehdas sijaitsevat\u00a0Iisalmessa Pohjois-Savossa. Anni Nieminen<\/p>\n","protected":false},"excerpt":{"rendered":"Iisalmelainen kaiutinvalmistaja Genelec on j\u00e4lleen otsikoissa. Helsingin Sanomat kertoo, ett\u00e4 viime tammikuussa kuollut maineikas yhdysvaltalainen ohjaaja-k\u00e4sikirjoittaja David Lynch&hellip;\n","protected":false},"author":2,"featured_media":41144,"comment_status":"","ping_status":"","sticky":false,"template":"","format":"standard","meta":{"footnotes":""},"categories":[130],"tags":[153,623,137,33,31,30,2434,379,1928,1616,32,485,140,109],"class_list":{"0":"post-41143","1":"post","2":"type-post","3":"status-publish","4":"format-standard","5":"has-post-thumbnail","7":"category-viihde","8":"tag-audiovisuaalinen-media","9":"tag-elokuva","10":"tag-entertainment","11":"tag-fi","12":"tag-finland","13":"tag-finnish","14":"tag-kirjailijat-ml-kolumnistit","15":"tag-kirjallisuus","16":"tag-kirjallisuus-ja-audiovisuaalinen-media","17":"tag-media-viestinta","18":"tag-suomi","19":"tag-taide-yleista","20":"tag-tv-ja-elokuvat","21":"tag-viihde"},"share_on_mastodon":{"url":"","error":""},"_links":{"self":[{"href":"https:\/\/www.europesays.com\/fi\/wp-json\/wp\/v2\/posts\/41143","targetHints":{"allow":["GET"]}}],"collection":[{"href":"https:\/\/www.europesays.com\/fi\/wp-json\/wp\/v2\/posts"}],"about":[{"href":"https:\/\/www.europesays.com\/fi\/wp-json\/wp\/v2\/types\/post"}],"author":[{"embeddable":true,"href":"https:\/\/www.europesays.com\/fi\/wp-json\/wp\/v2\/users\/2"}],"replies":[{"embeddable":true,"href":"https:\/\/www.europesays.com\/fi\/wp-json\/wp\/v2\/comments?post=41143"}],"version-history":[{"count":0,"href":"https:\/\/www.europesays.com\/fi\/wp-json\/wp\/v2\/posts\/41143\/revisions"}],"wp:featuredmedia":[{"embeddable":true,"href":"https:\/\/www.europesays.com\/fi\/wp-json\/wp\/v2\/media\/41144"}],"wp:attachment":[{"href":"https:\/\/www.europesays.com\/fi\/wp-json\/wp\/v2\/media?parent=41143"}],"wp:term":[{"taxonomy":"category","embeddable":true,"href":"https:\/\/www.europesays.com\/fi\/wp-json\/wp\/v2\/categories?post=41143"},{"taxonomy":"post_tag","embeddable":true,"href":"https:\/\/www.europesays.com\/fi\/wp-json\/wp\/v2\/tags?post=41143"}],"curies":[{"name":"wp","href":"https:\/\/api.w.org\/{rel}","templated":true}]}}