{"id":41151,"date":"2025-09-21T09:46:07","date_gmt":"2025-09-21T09:46:07","guid":{"rendered":"https:\/\/www.europesays.com\/fi\/41151\/"},"modified":"2025-09-21T09:46:07","modified_gmt":"2025-09-21T09:46:07","slug":"kuinka-nopeasti-suomalaiset-juoksevat-100-metria-120-kiloinen-morssari-polleana-kukaan-ei-usko","status":"publish","type":"post","link":"https:\/\/www.europesays.com\/fi\/41151\/","title":{"rendered":"Kuinka nopeasti suomalaiset juoksevat 100 metri\u00e4? 120-kiloinen m\u00f6rss\u00e4ri polleana \u2013 \u201dKukaan ei usko\u201d"},"content":{"rendered":"<p>Suomen yleisurheilumaajoukkueesta l\u00f6ytyisi kiinnostavia taistelupareja sataselle.<\/p>\n<p class=\"paragraph\">Seiv\u00e4shypp\u00e4\u00e4j\u00e4 <strong>Armand Duplantis<\/strong> ja 400 metrin aiturit\u00e4hti <strong>Karsten Warholm<\/strong> panivat vuosi sitten show-vaihteen p\u00e4\u00e4lle ja ottivat yhteen 100 metrin kisassa.<\/p>\n<p class=\"paragraph\">Tempaus her\u00e4tti rutkasti huomiota eik\u00e4 v\u00e4hiten sen vuoksi, ett\u00e4 omassa lajissaan yli kuuden metrin korkeudessa leijaileva Duplantis vei voiton ajalla 10,37 sekuntia. Warholm ylitti maaliviivan ajassa 10,47 sekuntia.<\/p>\n<p class=\"paragraph\">Juoksun on tiedetty olevan Duplantisin vahvuus, mutta tulos saattoi silti saada monet pohtimaan, miten vahvoja juoksijoita eri yleisurheilulajien edustajat ovat.<\/p>\n<p class=\"paragraph\">Miten on Suomen maajoukkueen laita?<\/p>\n<p>Murtoa kiinnostaa<\/p>\n<p class=\"paragraph\">Seiv\u00e4shypp\u00e4\u00e4j\u00e4 <strong>Wilma Murto<\/strong> sanoi pian Duplantisin ja Warholmin yhteenoton j\u00e4lkeen, ett\u00e4 haluaisi itsekin kovasti p\u00e4\u00e4st\u00e4 kokeilemaan satasta. Tokion MM-kisoihin menness\u00e4 tilaisuutta ei ollut viel\u00e4 ilmaantunut.<\/p>\n<p class=\"paragraph\">\u2013\u2009Minusta olisi siisti\u00e4, jos tulokseni alkaisi 11:ll\u00e4. Enn\u00e4tykseni on 12,34, mutta juoksin sen 15-vuotiaana. Voisiko aikani olla 11,8\u201311,9? En tied\u00e4. Vauhtikest\u00e4vyys ja telinel\u00e4ht\u00f6 olisivat suurimmat rajoitteeni, Murto pohti.<\/p>\n<p class=\"paragraph\">Joka tapauksessa Murron tavoite olisi ehdottomasti alittaa 12 sekuntia.<\/p>\n<p class=\"paragraph\">\u2013\u2009Viel\u00e4 en ole p\u00e4\u00e4ssyt kokeilemaan. Jos joskus sopiva tilaisuus esitt\u00e4ytyy, tilaisuus saattaa tehd\u00e4 varkaan. Se kiinnostaisi kyll\u00e4.<\/p>\n<p>Wilma Murto arvelee, ett\u00e4 naisten seiv\u00e4shypyss\u00e4 olisi useita alle 12 sekunnin juoksijoita. Jenni G\u00e4stgivar<\/p>\n<p>Vastustaja?<\/p>\n<p class=\"paragraph\">Gallup Suomen yleisurheilumaajoukkueen j\u00e4senten keskuudessa paljastaa, ett\u00e4 yksi potentiaalinen vastustaja Murrolle olisi kolmiloikkaaja <strong>Senni Salminen<\/strong>.<\/p>\n<p class=\"paragraph\">\u2013\u2009T\u00e4ll\u00e4 hetkell\u00e4 juoksuni kulkee kyll\u00e4 aika kivasti. V\u00e4itt\u00e4isin, ett\u00e4 12 sekunnin alle tai pintaan se menisi, Salminen arveli omasta 100 metrin ajastaan.<\/p>\n<p class=\"paragraph\">Pit\u00e4isik\u00f6 Murron ja Salmisen ottaa kisa? Salminen innostuu asiasta.<\/p>\n<p class=\"paragraph\">\u2013\u2009Niin, suomalainen pienempi versio Warholmin ja Duplantisin kisasta. Se olisi hauskaa, Salminen sanoi ja nauroi.<\/p>\n<p>Senni Salminen sanoo olevansa hyv\u00e4ss\u00e4 juoksukunnossa. Jenni G\u00e4stgivar<\/p>\n<p class=\"paragraph\">Kolmiloikassa on eritt\u00e4in hyvi\u00e4 juoksijoita. Salminen huomauttaa, ett\u00e4 Tokion olympialaisissa vuonna 2021 Venezuelan loikkaihmeen <strong>Yulimar Rojasin<\/strong> huippunopeudeksi mitattiin jopa 40,2 kilometri\u00e4 tunnissa.<\/p>\n<p class=\"paragraph\">Mik\u00e4li tieto pit\u00e4\u00e4 paikkansa, lukema nostaa Rojasin huippunopeudessa maailman parhaiden naissprinttereiden rinnalle ja jopa ohi.<\/p>\n<p class=\"paragraph\">My\u00f6s Salminen kokee olevansa kolmiloikkaajaksi nopea.<\/p>\n<p class=\"paragraph\">\u2013\u2009Joskus hyvin pienen\u00e4 olen kokeillut 100 metri\u00e4. Olisi kiva kokeilla nyt, kun juoksu on kunnossa. Katsotaan. Se menisi ensi vuoden puolelle.<\/p>\n<p>Lotta veisi Lassia<\/p>\n<p class=\"paragraph\">Salmisen ja Murron kisaan voisi osallistua my\u00f6s pika-aituri <strong>Lotta Harala<\/strong>, jonka enn\u00e4tys 100 metrin sile\u00e4ll\u00e4 on p\u00e4\u00e4lle 12:n. Nuo ajat ovat kuitenkin vuosien takaa.<\/p>\n<p class=\"paragraph\">\u2013\u2009En edes muista milloin se on juostu. Kyll\u00e4 min\u00e4 ensi kaudella haluan sile\u00e4n juosta. Kyll\u00e4 enn\u00e4tyksen pit\u00e4isi 11:ll\u00e4 alkaa, Harala linjasi.<\/p>\n<p class=\"paragraph\">Haralan nimiss\u00e4 oleva 100 metrin aitajuoksun Suomen enn\u00e4tys on 12,65.<\/p>\n<p>Lotta Harala linjasi, ett\u00e4 100 metrin sile\u00e4 tulee ensi vuonna kokeiluun. Jenni G\u00e4stgivar<\/p>\n<p class=\"paragraph\">Keih\u00e4\u00e4nheiton vuoden 2022 EM-pronssimitalisti <strong>Lassi Etel\u00e4talo<\/strong> voisi kenties mitell\u00e4 Haralan kanssa niin, ett\u00e4 Etel\u00e4talo juoksee sile\u00e4\u00e4 ja Harala aidattua satasta.<\/p>\n<p class=\"paragraph\">\u2013\u2009En varmaan 12 sekunnin alle p\u00e4\u00e4sisi, Etel\u00e4talo sanoi 100 metrin ajastaan.<\/p>\n<p class=\"paragraph\">\u2013\u2009Juuri katseltiin naisten aitajuoksua. Sile\u00e4n voisin juuri p\u00e4\u00e4st\u00e4 v\u00e4h\u00e4n nopeampaa kuin he saman matkan aitojen kanssa. En voi sanoa, ett\u00e4 olisin t\u00e4ll\u00e4 hetkell\u00e4 mitenk\u00e4\u00e4n kova juoksija.<\/p>\n<p>Porvari kiit\u00e4\u00e4<\/p>\n<p class=\"paragraph\">Uuden sukupolven keih\u00e4smies, 22-vuotias <strong>Eemil Porvari<\/strong> sen sijaan on hyv\u00e4 juoksija.<\/p>\n<p class=\"paragraph\">Porvari on vuosien varrella tahkonnut eri yleisurheilulajeja innokkaasti. Viime kes\u00e4n\u00e4 h\u00e4n pinkoi satasen aikaan 11,10 sekuntia.<\/p>\n<p class=\"paragraph\">\u2013\u2009Veikkaan, ett\u00e4 aika samoihin menisi nyt. Hyv\u00e4ss\u00e4, nopeassa kunnossa olen. En uskalla sanoa, ett\u00e4 menisi alle 11 sekunnin.<\/p>\n<p class=\"paragraph\">\u2013\u2009Jotkut ehk\u00e4 treenaavat juoksua v\u00e4hemm\u00e4n. Minulla jalat ovat niin iso vahvuus, ett\u00e4 harjoittelen sit\u00e4 treenikaudella ja yll\u00e4pid\u00e4n maksiminopeutta kes\u00e4ll\u00e4.<\/p>\n<p>Ken on heist\u00e4 nopein? Keih\u00e4smiehet Eemil Porvari,  Lassi Etel\u00e4talo ja Oliver Helander. Jenni G\u00e4stgivar<\/p>\n<p class=\"paragraph\">Gallupin perusteella Oliver Helander sijoittuisi satasella kollegoidensa Porvarin ja Etel\u00e4talon v\u00e4liin.<\/p>\n<p class=\"paragraph\">\u2013\u200912,00, Helander ilmoitti potentiaaliseksi ajakseen.<\/p>\n<p class=\"paragraph\">\u2013\u2009Telineet eiv\u00e4t ole tutut. Siin\u00e4 olisi suurimmat vaikeudet. Keih\u00e4\u00e4nheitt\u00e4j\u00e4ksi olen ihan suhteellisen hyv\u00e4 juoksija mutta pikajuoksijaksi en.<\/p>\n<p>Liipolaa harmittaa<\/p>\n<p class=\"paragraph\">Innokkaimmin omasta satasen ajastaan spekuloi moukarimies <strong>Henri Liipola<\/strong>.<\/p>\n<p class=\"paragraph\">Liipola kehaisee olevansa hyv\u00e4 juoksija ja yll\u00e4tt\u00e4neens\u00e4 muut ihmiset monesti Tampereen Pirkkahallissa sprinteill\u00e4\u00e4n.<\/p>\n<p class=\"paragraph\">\u2013\u2009Minua harmittaa, ett\u00e4 kukaan ei koskaan usko, jos sanon olevani hyv\u00e4 juoksija, Liipola sanoi ja nauroi.<\/p>\n<p class=\"paragraph\">\u2013\u2009Juoksuni ei n\u00e4yt\u00e4 silt\u00e4, milt\u00e4 se yleens\u00e4 n\u00e4ytt\u00e4\u00e4, kun iso mies juoksee \u2013 l\u00f6ntyst\u00e4miselt\u00e4. Omani n\u00e4ytt\u00e4\u00e4 ihan juoksemiselta.<\/p>\n<p>Henri Liipola heittelee 7,26-kiloista moukaria yli 70 metrin. Jenni G\u00e4stgivar<\/p>\n<p class=\"paragraph\">190-senttinen ja noin 120-kiloinen Liipola pohtii, ett\u00e4 ainoa ongelma on, ett\u00e4 100 metri\u00e4 on \u201dihan vitun pitk\u00e4 matka\u201d.<\/p>\n<p class=\"paragraph\">\u2013\u2009Mit\u00e4h\u00e4n min\u00e4 sanoisin ajakseni. Sanotaan 14\u201315 sekuntia.<\/p>\n<p class=\"paragraph\">\u2013\u2009Olen ymm\u00e4rt\u00e4nyt, ett\u00e4 l\u00e4hesk\u00e4\u00e4n kaikki heitt\u00e4j\u00e4t eiv\u00e4t juokse, mutta min\u00e4 kyll\u00e4 juoksen, koska olen aika hyv\u00e4 juoksija.<\/p>\n","protected":false},"excerpt":{"rendered":"Suomen yleisurheilumaajoukkueesta l\u00f6ytyisi kiinnostavia taistelupareja sataselle. Seiv\u00e4shypp\u00e4\u00e4j\u00e4 Armand Duplantis ja 400 metrin aiturit\u00e4hti Karsten Warholm panivat vuosi sitten&hellip;\n","protected":false},"author":2,"featured_media":41152,"comment_status":"","ping_status":"","sticky":false,"template":"","format":"standard","meta":{"footnotes":""},"categories":[5],"tags":[35,22,23,26,27,33,31,30,17,2987,24,25,41,28,29,5546,15,18,21,32,19,20,161,16,162],"class_list":{"0":"post-41151","1":"post","2":"type-post","3":"status-publish","4":"format-standard","5":"has-post-thumbnail","7":"category-otsikot","8":"tag-24h","9":"tag-breaking-news","10":"tag-breakingnews","11":"tag-featured-news","12":"tag-featurednews","13":"tag-fi","14":"tag-finland","15":"tag-finnish","16":"tag-headlines","17":"tag-juoksu-urheilu","18":"tag-latest-news","19":"tag-latestnews","20":"tag-liikunta-ja-urheilu","21":"tag-main-news","22":"tag-mainnews","23":"tag-naisten-yleisurheilu","24":"tag-news","25":"tag-otsikot","26":"tag-paauutiset","27":"tag-suomi","28":"tag-top-stories","29":"tag-topstories","30":"tag-urheilutapahtumat","31":"tag-uutiset","32":"tag-yleisurheilu"},"share_on_mastodon":{"url":"","error":""},"_links":{"self":[{"href":"https:\/\/www.europesays.com\/fi\/wp-json\/wp\/v2\/posts\/41151","targetHints":{"allow":["GET"]}}],"collection":[{"href":"https:\/\/www.europesays.com\/fi\/wp-json\/wp\/v2\/posts"}],"about":[{"href":"https:\/\/www.europesays.com\/fi\/wp-json\/wp\/v2\/types\/post"}],"author":[{"embeddable":true,"href":"https:\/\/www.europesays.com\/fi\/wp-json\/wp\/v2\/users\/2"}],"replies":[{"embeddable":true,"href":"https:\/\/www.europesays.com\/fi\/wp-json\/wp\/v2\/comments?post=41151"}],"version-history":[{"count":0,"href":"https:\/\/www.europesays.com\/fi\/wp-json\/wp\/v2\/posts\/41151\/revisions"}],"wp:featuredmedia":[{"embeddable":true,"href":"https:\/\/www.europesays.com\/fi\/wp-json\/wp\/v2\/media\/41152"}],"wp:attachment":[{"href":"https:\/\/www.europesays.com\/fi\/wp-json\/wp\/v2\/media?parent=41151"}],"wp:term":[{"taxonomy":"category","embeddable":true,"href":"https:\/\/www.europesays.com\/fi\/wp-json\/wp\/v2\/categories?post=41151"},{"taxonomy":"post_tag","embeddable":true,"href":"https:\/\/www.europesays.com\/fi\/wp-json\/wp\/v2\/tags?post=41151"}],"curies":[{"name":"wp","href":"https:\/\/api.w.org\/{rel}","templated":true}]}}