{"id":41169,"date":"2025-09-21T10:11:07","date_gmt":"2025-09-21T10:11:07","guid":{"rendered":"https:\/\/www.europesays.com\/fi\/41169\/"},"modified":"2025-09-21T10:11:07","modified_gmt":"2025-09-21T10:11:07","slug":"poliisi-etsi-kadonnutta-miesta-uuraisilla-loytyi-sivullisen-vihjeen-ansiosta-keski-suomi","status":"publish","type":"post","link":"https:\/\/www.europesays.com\/fi\/41169\/","title":{"rendered":"Poliisi etsi kadonnutta miest\u00e4 Uuraisilla \u2013 l\u00f6ytyi sivullisen vihjeen ansiosta | Keski-Suomi"},"content":{"rendered":"<p>Poliisilla oli viime y\u00f6n\u00e4 kadonneen henkil\u00f6n etsint\u00e4teht\u00e4v\u00e4 Uuraisilla, poliisi tiedottaa.<\/p>\n<p>Poliisi sai perjantaina iltayhdentoista j\u00e4lkeen h\u00e4t\u00e4keskuksen kautta ilmoituksen kadonneesta mieshenkil\u00f6st\u00e4.<\/p>\n<p>Mies l\u00f6ytyi lauantaina aamuyhdeks\u00e4n j\u00e4lkeen sivullisen tekem\u00e4n ilmoituksen perusteella. Henkil\u00f6 oli kylmettynyt, mutta nyt hoidettavana ja turvassa.<\/p>\n<p>Kadonnutta etsi poliisin yksik\u00f6iden lis\u00e4ksi vapaaehtoinen pelastuspalvelu. Poliisi kiitt\u00e4\u00e4 etsint\u00e4\u00e4n osallistuneita.<\/p>\n","protected":false},"excerpt":{"rendered":"Poliisilla oli viime y\u00f6n\u00e4 kadonneen henkil\u00f6n etsint\u00e4teht\u00e4v\u00e4 Uuraisilla, poliisi tiedottaa. Poliisi sai perjantaina iltayhdentoista j\u00e4lkeen h\u00e4t\u00e4keskuksen kautta ilmoituksen&hellip;\n","protected":false},"author":2,"featured_media":30445,"comment_status":"","ping_status":"","sticky":false,"template":"","format":"standard","meta":{"footnotes":""},"categories":[12],"tags":[22,23,26,27,33,31,30,17,55,24,25,28,29,15,18,21,122,54,103,32,19,20,546,4087,16,796],"class_list":{"0":"post-41169","1":"post","2":"type-post","3":"status-publish","4":"format-standard","5":"has-post-thumbnail","7":"category-suomi","8":"tag-breaking-news","9":"tag-breakingnews","10":"tag-featured-news","11":"tag-featurednews","12":"tag-fi","13":"tag-finland","14":"tag-finnish","15":"tag-headlines","16":"tag-lainvalvonta","17":"tag-latest-news","18":"tag-latestnews","19":"tag-main-news","20":"tag-mainnews","21":"tag-news","22":"tag-otsikot","23":"tag-paauutiset","24":"tag-pelastaminen","25":"tag-pelastuspalvelut","26":"tag-sosiaalikysymykset","27":"tag-suomi","28":"tag-top-stories","29":"tag-topstories","30":"tag-turvallisuus","31":"tag-uurainen","32":"tag-uutiset","33":"tag-yhteiskunta"},"share_on_mastodon":{"url":"","error":""},"_links":{"self":[{"href":"https:\/\/www.europesays.com\/fi\/wp-json\/wp\/v2\/posts\/41169","targetHints":{"allow":["GET"]}}],"collection":[{"href":"https:\/\/www.europesays.com\/fi\/wp-json\/wp\/v2\/posts"}],"about":[{"href":"https:\/\/www.europesays.com\/fi\/wp-json\/wp\/v2\/types\/post"}],"author":[{"embeddable":true,"href":"https:\/\/www.europesays.com\/fi\/wp-json\/wp\/v2\/users\/2"}],"replies":[{"embeddable":true,"href":"https:\/\/www.europesays.com\/fi\/wp-json\/wp\/v2\/comments?post=41169"}],"version-history":[{"count":0,"href":"https:\/\/www.europesays.com\/fi\/wp-json\/wp\/v2\/posts\/41169\/revisions"}],"wp:featuredmedia":[{"embeddable":true,"href":"https:\/\/www.europesays.com\/fi\/wp-json\/wp\/v2\/media\/30445"}],"wp:attachment":[{"href":"https:\/\/www.europesays.com\/fi\/wp-json\/wp\/v2\/media?parent=41169"}],"wp:term":[{"taxonomy":"category","embeddable":true,"href":"https:\/\/www.europesays.com\/fi\/wp-json\/wp\/v2\/categories?post=41169"},{"taxonomy":"post_tag","embeddable":true,"href":"https:\/\/www.europesays.com\/fi\/wp-json\/wp\/v2\/tags?post=41169"}],"curies":[{"name":"wp","href":"https:\/\/api.w.org\/{rel}","templated":true}]}}