{"id":41178,"date":"2025-09-21T10:31:08","date_gmt":"2025-09-21T10:31:08","guid":{"rendered":"https:\/\/www.europesays.com\/fi\/41178\/"},"modified":"2025-09-21T10:31:08","modified_gmt":"2025-09-21T10:31:08","slug":"motocross-kimi-raikkosen-talli-voitti-maailmanmestaruuden","status":"publish","type":"post","link":"https:\/\/www.europesays.com\/fi\/41178\/","title":{"rendered":"Motocross: Kimi R\u00e4ikk\u00f6sen talli voitti maailmanmestaruuden"},"content":{"rendered":"<p>Motocrossin maailmanmestaruus ratkesi sunnuntaina.<\/p>\n<p class=\"article-body mb-nof-24 px-nof-16\">Formulalegenda <a class=\"article-personlink\" href=\"https:\/\/www.is.fi\/haku\/?query=Kimi%20R%C3%A4ikk%C3%B6sen\" rel=\"nofollow noopener\" target=\"_blank\">Kimi R\u00e4ikk\u00f6sen <\/a>omistama Kawasaki Racing Team p\u00e4\u00e4si sunnuntaina juhlimaan toden teolla, kun tallin kuljettaja <a class=\"article-personlink\" href=\"https:\/\/www.is.fi\/haku\/?query=Romain%20Febvre\" rel=\"nofollow noopener\" target=\"_blank\">Romain Febvre<\/a> voitti motocrossin MXGP-sarjan maailmanmestaruuden sunnuntaina.<\/p>\n<p class=\"article-body mb-nof-24 px-nof-16\">Febvre oli Australian osakilpailussa nelj\u00e4s, mik\u00e4 riitti mestaruuden varmistamiseen. Ranskalainen Febvre ker\u00e4si kauden aikana 956 pistett\u00e4 ja j\u00e4tti belgialaisen <a class=\"article-personlink\" href=\"https:\/\/www.is.fi\/haku\/?query=Lucas%20Coenenin\" rel=\"nofollow noopener\" target=\"_blank\">Lucas Coenenin<\/a> 39 pisteen p\u00e4\u00e4h\u00e4n.<\/p>\n<p class=\"article-body mb-nof-24 px-nof-16\">KTM-kuski Coenen voitti kauden p\u00e4\u00e4t\u00f6skilpailun, mutta se ei riitt\u00e4nyt Febvren tavoittamiseen.<\/p>\n<p class=\"article-body mb-nof-24 px-nof-16\"><a class=\"article-personlink\" href=\"https:\/\/www.is.fi\/haku\/?query=Minttu%20R%C3%A4ikk%C3%B6nen\" rel=\"nofollow noopener\" target=\"_blank\">Minttu R\u00e4ikk\u00f6nen<\/a> jakoi Instagramin tarinoissaan kuvia ja onnitteli Febvre\u00e4, miest\u00e4\u00e4n Kimi R\u00e4ikk\u00f6st\u00e4 sek\u00e4 tallip\u00e4\u00e4llikk\u00f6 <a class=\"article-personlink\" href=\"https:\/\/www.is.fi\/haku\/?query=Antti%20Pyrh%C3%B6st%C3%A4\" rel=\"nofollow noopener\" target=\"_blank\">Antti Pyrh\u00f6st\u00e4<\/a>.<\/p>\n<p class=\"article-body mb-nof-24 px-nof-16\">\u2013 Kovaa ty\u00f6t\u00e4. Periksiantamatonta sitoutumista. Pys\u00e4ytt\u00e4m\u00e4t\u00f6nt\u00e4 vauhtia. Onnea koko tallille historian tekemisest\u00e4, Minttu R\u00e4ikk\u00f6nen kirjoitti.<\/p>\n<p class=\"article-body mb-nof-24 px-nof-16\">Febvre, 33, lukeutuu maailman ehdottomiin huippuihin. H\u00e4n voitti ensimm\u00e4isen MXGP:n maailmanmestaruutensa 2015 ja nyt kymmenen vuotta my\u00f6hemmin toisen.<\/p>\n","protected":false},"excerpt":{"rendered":"Motocrossin maailmanmestaruus ratkesi sunnuntaina. Formulalegenda Kimi R\u00e4ikk\u00f6sen omistama Kawasaki Racing Team p\u00e4\u00e4si sunnuntaina juhlimaan toden teolla, kun tallin&hellip;\n","protected":false},"author":2,"featured_media":41179,"comment_status":"","ping_status":"","sticky":false,"template":"","format":"standard","meta":{"footnotes":""},"categories":[158],"tags":[33,31,30,34,159,32,160],"class_list":{"0":"post-41178","1":"post","2":"type-post","3":"status-publish","4":"format-standard","5":"has-post-thumbnail","7":"category-urheilu","8":"tag-fi","9":"tag-finland","10":"tag-finnish","11":"tag-ilta-sanomat","12":"tag-sports","13":"tag-suomi","14":"tag-urheilu"},"share_on_mastodon":{"url":"","error":""},"_links":{"self":[{"href":"https:\/\/www.europesays.com\/fi\/wp-json\/wp\/v2\/posts\/41178","targetHints":{"allow":["GET"]}}],"collection":[{"href":"https:\/\/www.europesays.com\/fi\/wp-json\/wp\/v2\/posts"}],"about":[{"href":"https:\/\/www.europesays.com\/fi\/wp-json\/wp\/v2\/types\/post"}],"author":[{"embeddable":true,"href":"https:\/\/www.europesays.com\/fi\/wp-json\/wp\/v2\/users\/2"}],"replies":[{"embeddable":true,"href":"https:\/\/www.europesays.com\/fi\/wp-json\/wp\/v2\/comments?post=41178"}],"version-history":[{"count":0,"href":"https:\/\/www.europesays.com\/fi\/wp-json\/wp\/v2\/posts\/41178\/revisions"}],"wp:featuredmedia":[{"embeddable":true,"href":"https:\/\/www.europesays.com\/fi\/wp-json\/wp\/v2\/media\/41179"}],"wp:attachment":[{"href":"https:\/\/www.europesays.com\/fi\/wp-json\/wp\/v2\/media?parent=41178"}],"wp:term":[{"taxonomy":"category","embeddable":true,"href":"https:\/\/www.europesays.com\/fi\/wp-json\/wp\/v2\/categories?post=41178"},{"taxonomy":"post_tag","embeddable":true,"href":"https:\/\/www.europesays.com\/fi\/wp-json\/wp\/v2\/tags?post=41178"}],"curies":[{"name":"wp","href":"https:\/\/api.w.org\/{rel}","templated":true}]}}