{"id":41411,"date":"2025-09-21T16:35:09","date_gmt":"2025-09-21T16:35:09","guid":{"rendered":"https:\/\/www.europesays.com\/fi\/41411\/"},"modified":"2025-09-21T16:35:09","modified_gmt":"2025-09-21T16:35:09","slug":"ruotsalaiskuskille-uran-kahdeksas-mm-titteli-gronholm-nappasi-niukasti-hopean","status":"publish","type":"post","link":"https:\/\/www.europesays.com\/fi\/41411\/","title":{"rendered":"Ruotsalaiskuskille uran kahdeksas MM-titteli &#8211; Gr\u00f6nholm nappasi niukasti hopean"},"content":{"rendered":"<p>Kristoffersson nappasi Turkista lauantaina voiton ja ratkaisi mestaruuden jo sunnuntain alkuerien tulosten perusteella. Turkissa mukana p\u00e4\u00e4luokassa oli vain nelj\u00e4 autoa, jonka takia MM-sarjan kuskit ajoivat alkueriss\u00e4 yhdess\u00e4 EM-sarjan kuljettajien kanssa.<\/p>\n<p>\u2013 Olen todella ylpe\u00e4 meid\u00e4n tiimist\u00e4mme. T\u00e4m\u00e4 on ollut kovaa ty\u00f6t\u00e4 koko vuoden ajan. T\u00e4n\u00e4\u00e4n kokeilimme kaikkea, jotta olisimme saaneet Gr\u00f6nholmin kiinni my\u00f6s Ole-Christianin toimesta. Taisimme menett\u00e4\u00e4 kaksoisvoiton MM-sarjassa vain pisteell\u00e4, mutta silti upea suoritus, Kristoffersson kertoi.<\/p>\n<p>MM-hopealle ajoi Suomen<strong> Niclas Gr\u00f6nholm<\/strong> ennen <strong>Ole-Christian Veibya<\/strong>. Kaksikon v\u00e4lille j\u00e4i eroa vain pisteen verran. Kristofferssonin ja Veibyn KMS Motorsport nappasi ylivoimaisen voiton tiimien sarjassa. Veiby voitti sunnuntaina kisan ennen Kristofferssonia ja Gr\u00f6nholmia.<\/p>\n<p>\u2013 Uskomaton fiilis. Meill\u00e4 oli jo eilen hyv\u00e4 vauhti, mutta kaikki ei osunut kohdilleen. Sain apua Johanilta, mutta olen onnellinen, koska en tehnyt mit\u00e4\u00e4n virheit\u00e4, Veiby sanoi.<\/p>\n<p>\u2013 Olisimme voineet saavuttaa paljon t\u00e4n\u00e4\u00e4n, mutta oma olo on ollut kipe\u00e4 ja my\u00f6s autossa on ollut ongelmaa. Finaalissa tuntui heti liukkaalta, joten p\u00e4\u00e4tin vain s\u00e4ilytt\u00e4\u00e4 kolmostilan ja pit\u00e4\u00e4 Klaran takanani, Gr\u00f6nholm puolestaan summasi.<\/p>\n<p>Vasta 16-vuotias <strong>Joni Turpeinen<\/strong> oli sunnuntain finaalissa nelj\u00e4s ennen <strong>Klara Anderssonia <\/strong>ja <strong>Nils Vollandia<\/strong>. KonneGroupin toimitusjohtajan, itsekin EM-sarjassa mitaleille ajaneen, <strong>Mika Liimataisen <\/strong>suojatti Turpeinen oli kautta aikain nuori kuski rallicrossin MM-sarjassa.<\/p>\n<p>Kristoffersson on napannut nyt saman verran MM-titteleit\u00e4 kuin rallin puolella<strong> Sebastien Ogier<\/strong>. Ensi kaudella MM-sarjaa ei rallicrossissa ajeta, joten Kristoffersson joutuu odottelemaan viel\u00e4 hetkisen ennen kuin p\u00e4\u00e4see tavoittelemaan Sebastien Loebin yhdeks\u00e4n maailmanmestaruuden saavutusta. Loebin enn\u00e4tyst\u00e4 hakee t\u00e4n\u00e4 vuonna my\u00f6s Ogier, joka johtaa rallin MM-sarjaa ennen kolmea viimeist\u00e4 osakilpailua.<\/p>\n","protected":false},"excerpt":{"rendered":"Kristoffersson nappasi Turkista lauantaina voiton ja ratkaisi mestaruuden jo sunnuntain alkuerien tulosten perusteella. Turkissa mukana p\u00e4\u00e4luokassa oli vain&hellip;\n","protected":false},"author":2,"featured_media":41412,"comment_status":"","ping_status":"","sticky":false,"template":"","format":"standard","meta":{"footnotes":""},"categories":[158],"tags":[33,31,30,11097,3604,5044,159,32,11098,160],"class_list":{"0":"post-41411","1":"post","2":"type-post","3":"status-publish","4":"format-standard","5":"has-post-thumbnail","7":"category-urheilu","8":"tag-fi","9":"tag-finland","10":"tag-finnish","11":"tag-johan-kristoffersson","12":"tag-niclas-gronholm","13":"tag-rallicrossin-mm-sarja","14":"tag-sports","15":"tag-suomi","16":"tag-turkin-mm-rallicross","17":"tag-urheilu"},"share_on_mastodon":{"url":"","error":""},"_links":{"self":[{"href":"https:\/\/www.europesays.com\/fi\/wp-json\/wp\/v2\/posts\/41411","targetHints":{"allow":["GET"]}}],"collection":[{"href":"https:\/\/www.europesays.com\/fi\/wp-json\/wp\/v2\/posts"}],"about":[{"href":"https:\/\/www.europesays.com\/fi\/wp-json\/wp\/v2\/types\/post"}],"author":[{"embeddable":true,"href":"https:\/\/www.europesays.com\/fi\/wp-json\/wp\/v2\/users\/2"}],"replies":[{"embeddable":true,"href":"https:\/\/www.europesays.com\/fi\/wp-json\/wp\/v2\/comments?post=41411"}],"version-history":[{"count":0,"href":"https:\/\/www.europesays.com\/fi\/wp-json\/wp\/v2\/posts\/41411\/revisions"}],"wp:featuredmedia":[{"embeddable":true,"href":"https:\/\/www.europesays.com\/fi\/wp-json\/wp\/v2\/media\/41412"}],"wp:attachment":[{"href":"https:\/\/www.europesays.com\/fi\/wp-json\/wp\/v2\/media?parent=41411"}],"wp:term":[{"taxonomy":"category","embeddable":true,"href":"https:\/\/www.europesays.com\/fi\/wp-json\/wp\/v2\/categories?post=41411"},{"taxonomy":"post_tag","embeddable":true,"href":"https:\/\/www.europesays.com\/fi\/wp-json\/wp\/v2\/tags?post=41411"}],"curies":[{"name":"wp","href":"https:\/\/api.w.org\/{rel}","templated":true}]}}