{"id":41427,"date":"2025-09-21T17:02:10","date_gmt":"2025-09-21T17:02:10","guid":{"rendered":"https:\/\/www.europesays.com\/fi\/41427\/"},"modified":"2025-09-21T17:02:10","modified_gmt":"2025-09-21T17:02:10","slug":"laihin-voittaa-dokumentti-somevaikuttaja-cassandra-klatzkow-sai-vihaista-palautetta-laihduttuaan","status":"publish","type":"post","link":"https:\/\/www.europesays.com\/fi\/41427\/","title":{"rendered":"Laihin voittaa -dokumentti: Somevaikuttaja Cassandra Klatzkow sai vihaista palautetta laihduttuaan"},"content":{"rendered":"<p>Laihin voittaa -dokumentissa kerrotaan sosiaalisen median lietsomista ulkon\u00e4k\u00f6paineista monelta kantilta. Katsojalle j\u00e4\u00e4 paljon pohdittavaa.<\/p>\n<p class=\"article-body mb-nof-24 px-nof-16\">TV-LEHTI ARVIOI: Sosiaalinen media on pullollaan treenivinkkej\u00e4, ruokavalio-ohjeita ja kuvia hoikista vartaloista.<\/p>\n<p class=\"article-body mb-nof-24 px-nof-16\">Ilmi\u00f6t\u00e4 kriittisesti tarkasteleva ruotsalaisdokumentti Laihin voittaa osuu naulan kantaan, sill\u00e4 se tarjoaa konkreettisia esimerkkej\u00e4 siit\u00e4, miten somessa ihannoidaan jopa \u00e4\u00e4rimm\u00e4ist\u00e4 laihuutta. Ohjelmassa kerrotaan, miten er\u00e4s teini-ik\u00e4inen tytt\u00f6 pyysi Tiktokissa toista nuorta \u201dn\u00e4\u00e4nnytt\u00e4m\u00e4\u00e4n itse\u00e4\u00e4n\u201d kanssaan.<\/p>\n<p class=\"article-body mb-nof-24 px-nof-16\">Hieman erilaista perspektiivi\u00e4 teemaan antaa puolestaan ruotsalainen somevaikuttaja <a class=\"article-personlink\" href=\"https:\/\/www.is.fi\/haku\/?query=Cassandra%20Klatzkow,\" rel=\"nofollow noopener\" target=\"_blank\">Cassandra Klatzkow,<\/a> 38, joka tunnettiin 2010-luvulla kehoaktivistina. H\u00e4n jakoi nuorena itsest\u00e4\u00e4n someen muun muassa v\u00e4h\u00e4pukeisia kuvia.<\/p>\n<p class=\"article-body mb-nof-24 px-nof-16\">\u2013\u2009Aika harva ruotsalaistytt\u00f6 julkaisi 2010-luvun alussa kuvia py\u00f6re\u00e4st\u00e4 vartalostaan. Min\u00e4 jaoin sellaisia otoksia ja puhuin oman kehon rakastamisen puolesta, h\u00e4n sanoo dokumentissa.<\/p>\n<p class=\"article-body mb-nof-24 px-nof-16\">Klatzkow j\u00e4tti kehoaktivismin jo vuosia sitten ja keskittyi sosiaalisessa mediassa muunlaiseen sis\u00e4lt\u00f6\u00f6n. H\u00e4n k\u00e4vi vuonna 2020 lihavuusleikkauksessa. Ulkoiselta olemukseltaan roimasti muuttunut nainen sai t\u00e4m\u00e4n j\u00e4lkeen vihaista palautetta entisilt\u00e4 seuraajiltaan.<\/p>\n<p class=\"article-body mb-nof-24 px-nof-16\">\u2013\u2009Tajusin keskusteltuani minuun pettyneiden ihmisten kanssa, ett\u00e4 kyse oli samaistumisesta. He tunsivat, ett\u00e4 olin pett\u00e4nyt heid\u00e4t. En ollut en\u00e4\u00e4 samanlainen ihminen kuin silloin, kun he saivat oikeutuksen itselleen kuviani katsomalla. Ymm\u00e4rr\u00e4n sen.<\/p>\n<p><img decoding=\"async\" src=\"https:\/\/www.europesays.com\/fi\/wp-content\/uploads\/2025\/09\/1758474129_699_468.jpg\" alt=\"Klatzkow vuoden 2018 kuvassa.\" class=\"_Img_tdqg8_1\" style=\"aspect-ratio:0.6661458333333333\" loading=\"eager\"\/><\/p>\n<p class=\"article-picture-caption\">Klatzkow vuoden 2018 kuvassa. Kuva:\u00a0Stella Pictures \/ AOP<\/p>\n<p><img decoding=\"async\" src=\"https:\/\/www.europesays.com\/fi\/wp-content\/uploads\/2025\/09\/1758474130_829_468.jpg\" alt=\"T\u00e4lt\u00e4 Klatzkow n\u00e4ytt\u00e4\u00e4 dokumentissa.\" class=\"_Img_tdqg8_1\" style=\"aspect-ratio:1.5\" loading=\"eager\"\/><\/p>\n<p class=\"article-picture-caption\">T\u00e4lt\u00e4 Klatzkow n\u00e4ytt\u00e4\u00e4 dokumentissa. Kuva:\u00a0Yle \/ SVT<\/p>\n<p class=\"article-body mb-nof-24 px-nof-16\">Monet olivat kiukkuisia vaikuttajalle my\u00f6s siksi, ett\u00e4 t\u00e4m\u00e4 ei kertonut heti k\u00e4yneens\u00e4 leikkauksessa.<\/p>\n<p class=\"article-body mb-nof-24 px-nof-16\">Klatzkow kertoi vuonna 2023 <a class=\"article-genericlink\" href=\"https:\/\/poddtoppen.se\/podcast\/1483193099\/det-skaver\" rel=\"nofollow noopener\" target=\"_blank\">Det skaver<\/a> -podcastissa, ett\u00e4 lihavuusleikkaus oli aluksi h\u00e4nelle niin herkk\u00e4 aihe, ettei h\u00e4n halunnut puhua siit\u00e4.<\/p>\n<p class=\"article-body mb-nof-24 px-nof-16\">\u2013\u2009En kuitenkaan koskaan ole v\u00e4itt\u00e4nyt laihtuneeni treenaamalla. Olen treenannut itsest\u00e4ni vahvemman, mutta laihtumiseni ei johtunut siit\u00e4, Klatzkow totesi.<\/p>\n<p class=\"article-body mb-nof-24 px-nof-16\">Klatzkow sanoo j\u00e4tt\u00e4neens\u00e4 aikoinaan kehoaktivismin, koska h\u00e4n ei pit\u00e4nyt kehopositiivisuudeksi kehittyneen liikkeen uusista tuulista.<\/p>\n<p class=\"article-body mb-nof-24 px-nof-16\">\u2013\u2009Normaalihoikat ihmisetkin esiintyiv\u00e4t valtavan kokoisina somessa. He valtasivat liikkeen, joka perustui alun perin l\u00e4skifobian murskaamiseen, Klatzkow esitt\u00e4\u00e4 n\u00e4kemyksens\u00e4 dokumentissa.<\/p>\n<p class=\"article-body mb-nof-24 px-nof-16\">Karoliinisen instituutin psykologian professori<a class=\"article-personlink\" href=\"https:\/\/www.is.fi\/haku\/?query=%20Lisa%20Thorell\" rel=\"nofollow noopener\" target=\"_blank\"> Lisa Thorell <\/a>pen\u00e4\u00e4 ohjelmassa vastuunottoa aivan meilt\u00e4 kaikilta.<\/p>\n<p class=\"article-body mb-nof-24 px-nof-16\">\u2013\u2009Influenssereiden lis\u00e4ksi muutkin ihmiset jakavat kuvia ep\u00e4terveist\u00e4 kehoihanteista, Thorell toteaa.<\/p>\n<p class=\"article-body mb-nof-24 px-nof-16\"><a class=\"article-personlink\" href=\"https:\/\/www.is.fi\/haku\/?query=Lina\" rel=\"nofollow noopener\" target=\"_blank\">Lina<\/a>, 17, kertoo dokumentissa, miten sosiaalisen median kehoihanteet vaikuttavat h\u00e4nen el\u00e4m\u00e4\u00e4ns\u00e4 hyvin kokonaisvaltaisesti.<\/p>\n<p class=\"article-body mb-nof-24 px-nof-16\">\u2013\u2009Eilen s\u00f6in kananugetteja. Olin sy\u00f6m\u00e4ss\u00e4 niit\u00e4 lis\u00e4\u00e4, kunnes n\u00e4in somessa videon, jossa kannustettiin nuoria tytt\u00f6j\u00e4 laihtumaan. Ruokahaluni katosi v\u00e4litt\u00f6m\u00e4sti.<\/p>\n<p><img decoding=\"async\" src=\"https:\/\/www.europesays.com\/fi\/wp-content\/uploads\/2025\/09\/1758474130_468_468.jpg\" alt=\"17-vuotias Lina sanoo, ett\u00e4 monet vanhemmat ihmiset eiv\u00e4t ymm\u00e4rr\u00e4 sit\u00e4, millainen rooli somella on nuorten el\u00e4m\u00e4ss\u00e4.\" class=\"_Img_tdqg8_1\" style=\"aspect-ratio:1.7777777777777777\" loading=\"eager\"\/><\/p>\n<p class=\"article-picture-caption\">17-vuotias Lina sanoo, ett\u00e4 monet vanhemmat ihmiset eiv\u00e4t ymm\u00e4rr\u00e4 sit\u00e4, millainen rooli somella on nuorten el\u00e4m\u00e4ss\u00e4. Kuva:\u00a0Yle \/ Svt<\/p>\n<p class=\"article-body mb-nof-24 px-nof-16\">Useita ruotsalaisvaikuttajia on syytetty \u201dlaihuuskiihkoilusta\u201d, joka tarkoittaa hoikkuuden ylikorostamista ja laihuuden tavoittelua.<\/p>\n<p class=\"article-body mb-nof-24 px-nof-16\">\u2013\u2009Pyysimme n\u00e4it\u00e4 vaikuttajia mukaan dokumenttiin, mutta he eiv\u00e4t lopulta suostuneet, ohjelmassa sanotaan.<\/p>\n<p class=\"article-body mb-nof-24 px-nof-16\">Dokumentti kielt\u00e4m\u00e4tt\u00e4 vaatisi hieman lis\u00e4\u00e4 vaikuttajien \u00e4\u00e4nt\u00e4. Muutoin ohjelma on varsin mainio, sill\u00e4 se tuo ilmi\u00f6n eri puolet n\u00e4kyville paikoittain raadollisella tavalla, mutta samaan aikaan se ei liiallisesti alleviivaa mit\u00e4\u00e4n yksitt\u00e4ist\u00e4 argumenttia.<\/p>\n<p class=\"article-body mb-nof-24 px-nof-16\">Dokumenttielokuvat ovatkin parhaimmillaan, kun ne j\u00e4tt\u00e4v\u00e4t katsojalle paljon pohdittavaa. T\u00e4ss\u00e4 teht\u00e4v\u00e4ss\u00e4 Laihin voittaa -dokumentti onnistuu loistavasti.<\/p>\n<p class=\"article-body nof-ui-body-medium mb-nof-24 px-nof-16\">Laihin voittaa, Teema &amp; Fem klo 22.57 sunnuntaina 21.9. &amp; Yle Areenassa 21.9. klo 6.00.<\/p>\n","protected":false},"excerpt":{"rendered":"Laihin voittaa -dokumentissa kerrotaan sosiaalisen median lietsomista ulkon\u00e4k\u00f6paineista monelta kantilta. Katsojalle j\u00e4\u00e4 paljon pohdittavaa. TV-LEHTI ARVIOI: Sosiaalinen media&hellip;\n","protected":false},"author":2,"featured_media":41428,"comment_status":"","ping_status":"","sticky":false,"template":"","format":"standard","meta":{"footnotes":""},"categories":[130],"tags":[137,33,31,30,34,32,109],"class_list":{"0":"post-41427","1":"post","2":"type-post","3":"status-publish","4":"format-standard","5":"has-post-thumbnail","7":"category-viihde","8":"tag-entertainment","9":"tag-fi","10":"tag-finland","11":"tag-finnish","12":"tag-ilta-sanomat","13":"tag-suomi","14":"tag-viihde"},"share_on_mastodon":{"url":"","error":""},"_links":{"self":[{"href":"https:\/\/www.europesays.com\/fi\/wp-json\/wp\/v2\/posts\/41427","targetHints":{"allow":["GET"]}}],"collection":[{"href":"https:\/\/www.europesays.com\/fi\/wp-json\/wp\/v2\/posts"}],"about":[{"href":"https:\/\/www.europesays.com\/fi\/wp-json\/wp\/v2\/types\/post"}],"author":[{"embeddable":true,"href":"https:\/\/www.europesays.com\/fi\/wp-json\/wp\/v2\/users\/2"}],"replies":[{"embeddable":true,"href":"https:\/\/www.europesays.com\/fi\/wp-json\/wp\/v2\/comments?post=41427"}],"version-history":[{"count":0,"href":"https:\/\/www.europesays.com\/fi\/wp-json\/wp\/v2\/posts\/41427\/revisions"}],"wp:featuredmedia":[{"embeddable":true,"href":"https:\/\/www.europesays.com\/fi\/wp-json\/wp\/v2\/media\/41428"}],"wp:attachment":[{"href":"https:\/\/www.europesays.com\/fi\/wp-json\/wp\/v2\/media?parent=41427"}],"wp:term":[{"taxonomy":"category","embeddable":true,"href":"https:\/\/www.europesays.com\/fi\/wp-json\/wp\/v2\/categories?post=41427"},{"taxonomy":"post_tag","embeddable":true,"href":"https:\/\/www.europesays.com\/fi\/wp-json\/wp\/v2\/tags?post=41427"}],"curies":[{"name":"wp","href":"https:\/\/api.w.org\/{rel}","templated":true}]}}