{"id":41467,"date":"2025-09-21T18:00:08","date_gmt":"2025-09-21T18:00:08","guid":{"rendered":"https:\/\/www.europesays.com\/fi\/41467\/"},"modified":"2025-09-21T18:00:08","modified_gmt":"2025-09-21T18:00:08","slug":"28-eurolla-laakarin-pakeille-nyt-sataa-palautetta","status":"publish","type":"post","link":"https:\/\/www.europesays.com\/fi\/41467\/","title":{"rendered":"28 eurolla l\u00e4\u00e4k\u00e4rin pakeille \u2013 Nyt sataa palautetta"},"content":{"rendered":"<p>Yli 65-vuotiaille tarkoitettu yksityisl\u00e4\u00e4k\u00e4rikokeilu on k\u00e4ynnistynyt syyskuun alusta. Se mahdollistaa kolme yleisl\u00e4\u00e4k\u00e4rik\u00e4ynti\u00e4 vuodessa julkisen terveydenhuollon asiakasmaksulla.<\/p>\n<p class=\"paragraph\">Valtakunnallinen yli 65-vuotiaille tarkoitettu yksityisl\u00e4\u00e4k\u00e4rikokeilu k\u00e4ynnistyi reilut pari viikkoa sitten kuun alusta.<\/p>\n<p class=\"paragraph\">65 vuotta t\u00e4ytt\u00e4neet p\u00e4\u00e4sev\u00e4t nyt yksityiselle yleisl\u00e4\u00e4k\u00e4rille julkisen terveydenhuollon asiakasmaksulla. Yleisl\u00e4\u00e4k\u00e4rik\u00e4ynti saa maksaa enint\u00e4\u00e4n 28,20 euroa Kela-korvauksen j\u00e4lkeen. Kokeilu kattaa kolme yleisl\u00e4\u00e4k\u00e4rik\u00e4ynti\u00e4 vuodessa, t\u00e4n\u00e4 vuonna kaksi.<\/p>\n<p class=\"paragraph\">Sosiaaliturvaministeri <a href=\"https:\/\/www.iltalehti.fi\/henkilot\/Sanni Grahn-Laasonen\" class=\"article-link-person-page\" rel=\"nofollow noopener\" target=\"_blank\">Sanni Grahn-Laasosen<\/a> (kok) mukaan valinnanvapauskokeilu on l\u00e4htenyt liikkeelle jopa odotuksia paremmin ja ajat ovat menneet kuin kuumille kiville.<\/p>\n<p class=\"paragraph\">\u2013 Jo nyt ministeri\u00f6\u00f6n kantautuu liikuttavia viestej\u00e4 siit\u00e4, miten ihmiset ovat p\u00e4\u00e4sseet nopeasti hoitoon ja n\u00e4ytt\u00e4m\u00e4\u00e4n ehk\u00e4 pitk\u00e4\u00e4nkin mieless\u00e4 olleen vaivansa. Moni on kommentoinut, ett\u00e4 l\u00e4\u00e4k\u00e4rin p\u00e4\u00e4see kuin ennen vanhaan.<\/p>\n<p class=\"paragraph\">My\u00f6s sit\u00e4 viesti\u00e4 kuuluu, ett\u00e4 hyvinvointialueille varattuja aikoja on peruttu eli uudistus saattaisi vapauttaa julkisella puolella hoidon resursseja.<\/p>\n<p class=\"paragraph\">\u2013 Osa hyvinvointialueista on ottanut linjan, ett\u00e4 he ovat kertoneet kokeilusta omille asiakkailleen ja tekev\u00e4t yhteisty\u00f6t\u00e4. On jaettu Kelan esitett\u00e4 l\u00e4\u00e4k\u00e4riaikaa kaipaaville, jos sit\u00e4 ei ole ollut heti saatavilla hyvinvointialueella, Grahn-Laasonen kertoo.<\/p>\n<p>\u201dSain avun\u201d<\/p>\n<p class=\"paragraph\">Iltalehti <a href=\"https:\/\/www.iltalehti.fi\/kotimaa\/228fd29a-a12d-4e81-94fe-1190e3cfd312\" rel=\"nofollow noopener\" target=\"_blank\">on ker\u00e4nnyt<\/a> lukijoilta palautetta kokeilusta, jolle tulee niin ruusuja kuin risuja.<\/p>\n<p class=\"paragraph\">\u2013 Sain hyv\u00e4\u00e4 hoitoa. Kiva l\u00e4\u00e4k\u00e4ri nainen. Sain avun. Vuosia vaivannut vaiva. Kiitos 28 e, er\u00e4s lukija nimimerkin takaa kuvaa.<\/p>\n<p class=\"paragraph\">Er\u00e4s henkil\u00f6 kertoo, ettei saanut omalla hyvinvointialueellaan aikaa l\u00e4\u00e4k\u00e4rille ja olisi joutunut odottamaan viikkoja. Yhteydenotto l\u00e4\u00e4k\u00e4rikeskukseen auttoi:<\/p>\n<p class=\"paragraph\">\u2013 L\u00e4\u00e4k\u00e4ri tutki perusteellisesti ja sain l\u00e4hetteen laboratorioon, jossa en ole viel\u00e4 ehtinyt k\u00e4ym\u00e4\u00e4n. Kaikki sujui hyvin ja l\u00e4\u00e4k\u00e4ri sanoi, ett\u00e4 kannattaa kokeilla kokeilua. Maksoin heti ja laboratoriosta tulee sitten eri lasku. Sekin on varsin halpa paitsi yksi kohta verikokeesta, joka ei sis\u00e4lly t\u00e4m\u00e4n KELA:n korvauksen piiriin. Olen eritt\u00e4in tyytyv\u00e4inen t\u00e4h\u00e4n 65+-k\u00e4yt\u00e4nt\u00f6\u00f6n.<\/p>\n<p class=\"paragraph\">Valinnanvapauskokeilussa <a href=\"https:\/\/www.kela.fi\/kaynnit-yksityisella-yleislaakarilla-65-vuotta-tayttaneille\" target=\"_blank\" rel=\"noopener nofollow\">tietyt vastaanotoilla m\u00e4\u00e4r\u00e4tyt tutkimukset<\/a>, ei kaikki, saa puoleen hintaan ja niille on m\u00e4\u00e4ritelty enimm\u00e4ishinnat. Joitakin asiakkaita on yll\u00e4tt\u00e4nyt se, ett\u00e4 tutkimukset maksavat.<\/p>\n<p>\u201dVoi suuri\u00e4\u00e4nisesti kehua\u201d<\/p>\n<p class=\"paragraph\">Lukijat antavat kokeilusta my\u00f6s kritiikki\u00e4. Er\u00e4s yritti esimerkiksi saada yksityiselt\u00e4 palveluntarjoajalta aikaa, mutta paikalla oli vain yksi l\u00e4\u00e4k\u00e4ri yli 65-vuotiaiden kokeilua varten eik\u00e4 t\u00e4ll\u00e4 ollut vastaanottoa sin\u00e4 p\u00e4iv\u00e4n\u00e4.<\/p>\n<p class=\"paragraph\">\u2013 K\u00e4ynti maksoi 140\u20ac.<\/p>\n<p class=\"paragraph\">My\u00f6s toinen lukija yritti p\u00e4\u00e4st\u00e4 yksityiselle turhaan eik\u00e4 onnistunut tavoittamaan kokeilun piiriss\u00e4 olevaa l\u00e4\u00e4k\u00e4ri\u00e4.<\/p>\n<p class=\"paragraph\">\u2013 Ajoin 150 km kotikuntaan. Aamulla kello 8 soitto omaan terveyskeskukseen. Hoidossa 8:30. Kuulun kokeilun piiriin.<\/p>\n<p class=\"paragraph\">Yksi lukijoista n\u00e4kee uudistuksessa poliittisten pisteiden kalastelua.<\/p>\n<p class=\"paragraph\">\u2013 K\u00e4yt\u00e4nn\u00f6ss\u00e4 ei mit\u00e4\u00e4n merkityst\u00e4, sill\u00e4 niin v\u00e4h\u00e4n aikoja ja p\u00e4\u00e4asiassa suurilla paikkakunnilla. Lis\u00e4ksi niin rajattuihin vaivoihin. Kyll\u00e4 poliitikot osaavat, ett\u00e4 voi suuri\u00e4\u00e4nisesti kehua itse\u00e4\u00e4n.<\/p>\n<p class=\"paragraph\">Joitakin sapettaa my\u00f6s kokeilun vastaanottoajan pituus. Se on 20 minuuttia.<\/p>\n<p class=\"paragraph\">\u2013 Minulle l\u00e4\u00e4k\u00e4ri sanoi jossain vaiheessa, ett\u00e4 vastaanottoaika on valitettavasti 20 minuuttia. En saanut selvityst\u00e4 asiaani, tosin reseptin l\u00e4\u00e4kkeest\u00e4, jolla nyt v\u00e4h\u00e4n voi tilannetta helpottaa.<\/p>\n<p class=\"paragraph\">My\u00f6s siit\u00e4 huomautetaan, ett\u00e4 yksityisen sairaanhoidon kustannuksille ei ole maksukattoa eli vuosiomavastuuta.<\/p>\n<p class=\"paragraph\">\u2013 Olen maksanut 3 maksua ja p\u00e4\u00e4sen terveyden hoitoon maksutta, nyt jos menen yksityiselle t\u00e4m\u00e4 ei ole voimassa! er\u00e4s lukija sanoo.<\/p>\n<p class=\"paragraph\">Matka- ja l\u00e4\u00e4kekustannuksissa on kuitenkin maksukatot.<\/p>\n<p>Jo yli 400 palveluntuottajaa<\/p>\n<p class=\"paragraph\">Kuten <a href=\"https:\/\/www.iltalehti.fi\/kotimaa\/228fd29a-a12d-4e81-94fe-1190e3cfd312\" rel=\"nofollow noopener\" target=\"_blank\">Iltalehti on kertonut<\/a> aiemmin, yli 65-vuotiaiden valinnanvapauskokeilun palveluntarjoajien tarjoamassa kattavuudessa on suuria eroja.<\/p>\n<p class=\"paragraph\">Esimerkiksi terveysj\u00e4tti Mehil\u00e4isell\u00e4 kokeilu on t\u00e4ll\u00e4 hetkell\u00e4 k\u00e4yt\u00f6ss\u00e4 vain seitsem\u00e4n kaupungin yksitt\u00e4isill\u00e4 toimipisteill\u00e4, kun taas Terveystalolta kokeilussa mukana on noin 80 yksikk\u00f6\u00e4 ymp\u00e4ri Suomen.<\/p>\n<p class=\"paragraph\">Grahn-Laasosen mukaan osallistumisesta ei viel\u00e4 n\u00e4in alkuvaiheessa pid\u00e4 tehd\u00e4 isoja johtop\u00e4\u00e4t\u00f6ksi\u00e4.<\/p>\n<p class=\"paragraph\">\u2013 Ensimm\u00e4isist\u00e4 hetkist\u00e4 alkaen mukana on ollut yli 400 palveluntuottajaa, l\u00e4\u00e4k\u00e4riasemaa tai elinkeinonharjoittajaa eri puolilla Suomea.<\/p>\n<p class=\"paragraph\">N\u00e4ist\u00e4 86 on ammatinharjoittajia tai pieni\u00e4 l\u00e4\u00e4k\u00e4rikeskuksia, jotka eiv\u00e4t kuulu suurimpiin valtakunnallisiin ketjuihin.<\/p>\n<p class=\"paragraph\">\u2013 Osa l\u00e4\u00e4k\u00e4riasemista on l\u00e4htenyt liikkeelle varovaisemmin ja osa nopeammin. Se riippuu my\u00f6s siit\u00e4, miten l\u00e4\u00e4k\u00e4reit\u00e4 saadaan rekrytoitua kokeiluun. Palveluntuottajat, eri l\u00e4\u00e4k\u00e4riasemat ja l\u00e4\u00e4k\u00e4rit p\u00e4\u00e4tt\u00e4v\u00e4t itse siit\u00e4, ett\u00e4 haluavatko he olla mukana t\u00e4ss\u00e4 kokeilussa.<\/p>\n<p class=\"paragraph\">Maantieteellisesti katvealueiksi <a href=\"https:\/\/www.iltalehti.fi\/kotimaa\/228fd29a-a12d-4e81-94fe-1190e3cfd312\" rel=\"nofollow noopener\" target=\"_blank\">j\u00e4\u00e4v\u00e4t<\/a> silti ainakin Pohjanmaan, Pohjois-Pohjanmaan, Keski-Pohjanmaan ja Etel\u00e4-Pohjanmaan pienet kunnat sek\u00e4 Savonlinna ja sen pienet l\u00e4hikunnat.<\/p>\n<p>Kelan kartta yli 65-vuotiaiden valinnanvapauskokeilun tilanteesta, kun kokeilu on ollut k\u00e4ynniss\u00e4 reilut pari viikkoa. Kela<\/p>\n<p class=\"paragraph\">Ministeri n\u00e4kee kuitenkin, ett\u00e4 palveluntuottajat sijoittuvat laajasti eri puolille Suomea.<\/p>\n<p class=\"paragraph\">\u2013 Kela viestii siit\u00e4, ett\u00e4 palveluntuottajia ilmoittautuu koko ajan my\u00f6s lis\u00e4\u00e4.<\/p>\n<p>Riitt\u00e4\u00e4k\u00f6 20 minuuttia?<\/p>\n<p class=\"paragraph\">Keskusteltaessa, onko 20 minuutin aika yleisl\u00e4\u00e4k\u00e4rille riitt\u00e4v\u00e4, ministeri Grahn-Laasonen muistuttaa, ett\u00e4 kokeiluissa on aina tiettyj\u00e4 reunaehtoja.<\/p>\n<p class=\"paragraph\">Kokeilun toimivuudesta ker\u00e4t\u00e4\u00e4n tietoa.<\/p>\n<p class=\"paragraph\">\u2013 Ensimm\u00e4isten tietojen perusteella palveluntuottajilta on my\u00f6s kantautunut sen tyyppist\u00e4 viesti\u00e4, ett\u00e4 hyvin moni on saanut avun nimenomaan yleisl\u00e4\u00e4k\u00e4rik\u00e4ynnilt\u00e4. Eli ei ole tarvittukaan jatkohoitoa, ministeri toteaa.<\/p>\n<p>Terveystalolta valinnnanvapauskokeilussa mukana on t\u00e4ll\u00e4 hetkell\u00e4 noin 80 yksikk\u00f6\u00e4 ymp\u00e4ri Suomen. Outi J\u00e4rvinen<\/p>\n<p class=\"paragraph\">\u2013 Kokeilussa on my\u00f6s huomioitu alkuper\u00e4ist\u00e4 esityst\u00e4 korjaamalla yhdenvertaisuus niin, ett\u00e4 l\u00e4\u00e4k\u00e4rik\u00e4ynnit ovat toimeentulotuessa hyv\u00e4ksyttyj\u00e4 menoja. N\u00e4in my\u00f6s toimeentulotuen saajat voivat hy\u00f6ty\u00e4 kokeilusta. T\u00e4m\u00e4 ratkoo my\u00f6s Kela-korvauksiin kohdistettua kritiikki\u00e4 siit\u00e4, ettei kaikilla ole ollut varaa yksityisl\u00e4\u00e4k\u00e4rik\u00e4ynteihin.<\/p>\n<p>Omal\u00e4\u00e4k\u00e4rimallille rahat?<\/p>\n<p class=\"paragraph\">Esimerkiksi L\u00e4\u00e4k\u00e4riliitto on ollut huolissaan yli 65-vuotiaiden valinnanvapauskokeilusta.<\/p>\n<p class=\"paragraph\">On pelko, ett\u00e4 yksityinen puoli imisi pikku hiljaa l\u00e4\u00e4k\u00e4reit\u00e4 julkiselta puolelta ja julkisen puolen hoito k\u00e4rsisi.<\/p>\n<p class=\"paragraph\">Vaihtoehtoisena mallina liitosta on nostettu esille vuosikymmeni\u00e4 sitten toteutettua Kelan omal\u00e4\u00e4k\u00e4rimallia.<\/p>\n<p class=\"paragraph\">Oppositiosta on muun muassa katsottu, ett\u00e4 hallituksen esitys tukisi asiantuntijoiden suosimaa omal\u00e4\u00e4k\u00e4ri- ja omahoitajamallin kehitt\u00e4mist\u00e4.<\/p>\n<p class=\"paragraph\">Hallitus on luvannut erillisrahoitusta omal\u00e4\u00e4k\u00e4rimallin kehitt\u00e4miseen, kuten <a href=\"https:\/\/www.hs.fi\/politiikka\/art-2000011487231.html\" target=\"_blank\" rel=\"noopener nofollow\">Helsingin Sanomatkin<\/a> artikkelissaan keskiviikkona huomautti.<\/p>\n<p class=\"paragraph\">\u2013 Hallitus on varannut Kela-korvausten kehitt\u00e4misen m\u00e4\u00e4r\u00e4rahoista \u201dtalteen\u201d lis\u00e4rahoitusta sen varalle, mik\u00e4li 65 vuotta t\u00e4ytt\u00e4neiden Kela-korvauskokeilu osoittautuu hyvin suosituksi. Lis\u00e4ksi rahoitusta voidaan k\u00e4ytt\u00e4\u00e4 mm. omal\u00e4\u00e4k\u00e4rimallin jatkokehitt\u00e4miseen, ministeri Grahn-Laasonen kirjoitti viestipalvelu X:ss\u00e4 2. syyskuuta.<\/p>\n<p>\u201dEi mill\u00e4\u00e4n tavalla pois\u201d<\/p>\n<p class=\"paragraph\">Iltalehti kysyi varsinaisen haastattelun j\u00e4lkeen viel\u00e4 s\u00e4hk\u00f6postilla Grahn-Laasoselta, jakaako h\u00e4n huolen siit\u00e4, ett\u00e4 valinnanvapauskokeilu voi heikent\u00e4\u00e4 julkisen puolen palveluita sek\u00e4<strong> <\/strong>kuinka paljon ja koska omal\u00e4\u00e4k\u00e4rimalliin tulee Orpon hallitukselta rahat.<\/p>\n<p class=\"paragraph\">Rahoitusta j\u00e4rjest\u00e4mist\u00e4 vaikeuttanee hyvinvointialueiden rahoituksen yleiskatteellisuus. Esimerkiksi hankerahoitus voisi kuitenkin tulla kyseeseen.<\/p>\n<p class=\"paragraph\">Ministeri vastaa itse, ettei 65 vuotta t\u00e4ytt\u00e4neiden valinnanvapauskokeilu ole mill\u00e4\u00e4n tavalla pois hyvinvointialueilta, vaan tuo lis\u00e4\u00e4 l\u00e4\u00e4k\u00e4riaikojen tarjontaa el\u00e4kel\u00e4isille ja voi parhaimmillaan jopa hieman purkaa hyvinvointialueiden ruuhkaa ja hoitojonoja.<\/p>\n<p class=\"paragraph\">\u2013 Rinnalla hallitus edist\u00e4\u00e4 omal\u00e4\u00e4k\u00e4rimallin k\u00e4ytt\u00f6\u00f6nottoa hyvinvointialueilla koko Suomessa, ministeri lupaa.<\/p>\n<p class=\"paragraph\">H\u00e4nen mukaansa t\u00e4t\u00e4 kehityst\u00e4 n\u00e4hd\u00e4\u00e4n jo.<\/p>\n<p class=\"paragraph\">\u2013 Hyvinvointialueet tekev\u00e4t ty\u00f6t\u00e4 paikallisin toteutusmallein yleiskatteellisella valtionrahoituksella.<\/p>\n<p class=\"paragraph\">\u2013 Sosiaali- ja terveysministeri <a href=\"https:\/\/www.iltalehti.fi\/henkilot\/Kaisa Juuso\" class=\"article-link-person-page\" rel=\"nofollow noopener\" target=\"_blank\">Kaisa Juuso<\/a> on kuitenkin sanonut, ett\u00e4 hallitus varautuu my\u00f6s maltilliseen valtionavustus- ja kokeilurahoitukseen, mik\u00e4li siihen on selke\u00e4\u00e4 tarvetta, kun omal\u00e4\u00e4k\u00e4rimallia valmisteleva ty\u00f6ryhm\u00e4 saa ty\u00f6ns\u00e4 siihen pisteeseen, Grahn-Laasonen sanoo.<\/p>\n<p class=\"paragraph\">Juuso edustaa perussuomalaisia.<\/p>\n","protected":false},"excerpt":{"rendered":"Yli 65-vuotiaille tarkoitettu yksityisl\u00e4\u00e4k\u00e4rikokeilu on k\u00e4ynnistynyt syyskuun alusta. Se mahdollistaa kolme yleisl\u00e4\u00e4k\u00e4rik\u00e4ynti\u00e4 vuodessa julkisen terveydenhuollon asiakasmaksulla. Valtakunnallinen yli&hellip;\n","protected":false},"author":2,"featured_media":41468,"comment_status":"","ping_status":"","sticky":false,"template":"","format":"standard","meta":{"footnotes":""},"categories":[5],"tags":[35,22,23,26,27,33,31,30,863,17,24,25,28,29,15,18,21,637,32,502,4855,167,19,20,16],"class_list":{"0":"post-41467","1":"post","2":"type-post","3":"status-publish","4":"format-standard","5":"has-post-thumbnail","7":"category-otsikot","8":"tag-24h","9":"tag-breaking-news","10":"tag-breakingnews","11":"tag-featured-news","12":"tag-featurednews","13":"tag-fi","14":"tag-finland","15":"tag-finnish","16":"tag-hallitus","17":"tag-headlines","18":"tag-latest-news","19":"tag-latestnews","20":"tag-main-news","21":"tag-mainnews","22":"tag-news","23":"tag-otsikot","24":"tag-paauutiset","25":"tag-politiikka","26":"tag-suomi","27":"tag-terveydenhoito","28":"tag-terveydenhuolto-ja-sosiaalipalvelut","29":"tag-terveys","30":"tag-top-stories","31":"tag-topstories","32":"tag-uutiset"},"share_on_mastodon":{"url":"","error":""},"_links":{"self":[{"href":"https:\/\/www.europesays.com\/fi\/wp-json\/wp\/v2\/posts\/41467","targetHints":{"allow":["GET"]}}],"collection":[{"href":"https:\/\/www.europesays.com\/fi\/wp-json\/wp\/v2\/posts"}],"about":[{"href":"https:\/\/www.europesays.com\/fi\/wp-json\/wp\/v2\/types\/post"}],"author":[{"embeddable":true,"href":"https:\/\/www.europesays.com\/fi\/wp-json\/wp\/v2\/users\/2"}],"replies":[{"embeddable":true,"href":"https:\/\/www.europesays.com\/fi\/wp-json\/wp\/v2\/comments?post=41467"}],"version-history":[{"count":0,"href":"https:\/\/www.europesays.com\/fi\/wp-json\/wp\/v2\/posts\/41467\/revisions"}],"wp:featuredmedia":[{"embeddable":true,"href":"https:\/\/www.europesays.com\/fi\/wp-json\/wp\/v2\/media\/41468"}],"wp:attachment":[{"href":"https:\/\/www.europesays.com\/fi\/wp-json\/wp\/v2\/media?parent=41467"}],"wp:term":[{"taxonomy":"category","embeddable":true,"href":"https:\/\/www.europesays.com\/fi\/wp-json\/wp\/v2\/categories?post=41467"},{"taxonomy":"post_tag","embeddable":true,"href":"https:\/\/www.europesays.com\/fi\/wp-json\/wp\/v2\/tags?post=41467"}],"curies":[{"name":"wp","href":"https:\/\/api.w.org\/{rel}","templated":true}]}}