{"id":41523,"date":"2025-09-21T19:33:07","date_gmt":"2025-09-21T19:33:07","guid":{"rendered":"https:\/\/www.europesays.com\/fi\/41523\/"},"modified":"2025-09-21T19:33:07","modified_gmt":"2025-09-21T19:33:07","slug":"tv-kanavat-pimenevat-tunniksi-espoossa-paikalliset","status":"publish","type":"post","link":"https:\/\/www.europesays.com\/fi\/41523\/","title":{"rendered":"Tv-kanavat pimenev\u00e4t tunniksi Espoossa | Paikalliset"},"content":{"rendered":"<p>Osa televisiokanavista pimenee Espoossa noin tunnin ajaksi keskiviikkona 24. syyskuuta kello 8\u201316 v\u00e4lill\u00e4. Syyn\u00e4 katkokseen ovat Digitan huoltoty\u00f6t Espoon radio- ja tv-asemalla. Turvallisuuden vuoksi radiopalvelut l\u00e4hetet\u00e4\u00e4n huoltot\u00f6iden aikana alennetulla teholla, mink\u00e4 vuoksi peittoalueen reunamilla voi aiheutua h\u00e4iri\u00f6it\u00e4 palveluiden vastaanotossa, Digita tiedottaa.<\/p>\n<p>Huoltoty\u00f6t vaikuttavat Espoon lis\u00e4ksi Lohjan, Vantaan Hakunilan, Karkkilan, Hyvink\u00e4\u00e4n, Sipoon Norrkullan ja Nummi-Pusulan Hy\u00f6n\u00f6l\u00e4n asemiin.<\/p>\n<p><strong class=\"diks-storyline__impact\">Tv-kanavat, joita katkos koskee:<\/strong><\/p>\n<p>Yle TV1 HD, Yle TV2 HD, MTV3 HD, Nelonen HD, Yle Teema &amp; Fem HD, TV5 HD, Kutonen HD, TLC HD, STAR Channel HD, Hero HD, Frii HD, National Geographic HD, MTV Sub HD, Liv HD, Jim HD, MTV Ava HD, Alfa HD, Iskuri.net HD, One Way TV HD, VeikkausTV-19<\/p>\n<p><strong class=\"diks-storyline__impact\">Radiokanavat, joita tehonalennus koskee:<\/strong><\/p>\n<p>Yle Radio Suomi Helsinki, Yle Radio Vega \/ Huvudstadsregionen, YleX, Yle Mondo, Yle X3M, Yle Radio 1, Suomirock, Iskelm\u00e4, SuomiPop, Radio Nova, POPfm<\/p>\n","protected":false},"excerpt":{"rendered":"Osa televisiokanavista pimenee Espoossa noin tunnin ajaksi keskiviikkona 24. syyskuuta kello 8\u201316 v\u00e4lill\u00e4. Syyn\u00e4 katkokseen ovat Digitan huoltoty\u00f6t&hellip;\n","protected":false},"author":2,"featured_media":41524,"comment_status":"","ping_status":"","sticky":false,"template":"","format":"standard","meta":{"footnotes":""},"categories":[133],"tags":[137,400,33,31,30,5201,929,1616,979,32,1247,206,140,156,109],"class_list":{"0":"post-41523","1":"post","2":"type-post","3":"status-publish","4":"format-standard","5":"has-post-thumbnail","7":"category-televisiot","8":"tag-entertainment","9":"tag-espoo","10":"tag-fi","11":"tag-finland","12":"tag-finnish","13":"tag-hyvinkaa","14":"tag-karkkila","15":"tag-media-viestinta","16":"tag-sahkoinen-media","17":"tag-suomi","18":"tag-televisio","19":"tag-televisiot","20":"tag-tv-ja-elokuvat","21":"tag-tv","22":"tag-viihde"},"share_on_mastodon":{"url":"","error":""},"_links":{"self":[{"href":"https:\/\/www.europesays.com\/fi\/wp-json\/wp\/v2\/posts\/41523","targetHints":{"allow":["GET"]}}],"collection":[{"href":"https:\/\/www.europesays.com\/fi\/wp-json\/wp\/v2\/posts"}],"about":[{"href":"https:\/\/www.europesays.com\/fi\/wp-json\/wp\/v2\/types\/post"}],"author":[{"embeddable":true,"href":"https:\/\/www.europesays.com\/fi\/wp-json\/wp\/v2\/users\/2"}],"replies":[{"embeddable":true,"href":"https:\/\/www.europesays.com\/fi\/wp-json\/wp\/v2\/comments?post=41523"}],"version-history":[{"count":0,"href":"https:\/\/www.europesays.com\/fi\/wp-json\/wp\/v2\/posts\/41523\/revisions"}],"wp:featuredmedia":[{"embeddable":true,"href":"https:\/\/www.europesays.com\/fi\/wp-json\/wp\/v2\/media\/41524"}],"wp:attachment":[{"href":"https:\/\/www.europesays.com\/fi\/wp-json\/wp\/v2\/media?parent=41523"}],"wp:term":[{"taxonomy":"category","embeddable":true,"href":"https:\/\/www.europesays.com\/fi\/wp-json\/wp\/v2\/categories?post=41523"},{"taxonomy":"post_tag","embeddable":true,"href":"https:\/\/www.europesays.com\/fi\/wp-json\/wp\/v2\/tags?post=41523"}],"curies":[{"name":"wp","href":"https:\/\/api.w.org\/{rel}","templated":true}]}}