{"id":41611,"date":"2025-09-21T21:29:11","date_gmt":"2025-09-21T21:29:11","guid":{"rendered":"https:\/\/www.europesays.com\/fi\/41611\/"},"modified":"2025-09-21T21:29:11","modified_gmt":"2025-09-21T21:29:11","slug":"nain-hurmoksellisilta-nayttavat-charlie-kirkin-hautajaiset-ulkomaat","status":"publish","type":"post","link":"https:\/\/www.europesays.com\/fi\/41611\/","title":{"rendered":"N\u00e4in hurmoksellisilta n\u00e4ytt\u00e4v\u00e4t Charlie Kirkin hautajaiset | Ulkomaat"},"content":{"rendered":"<p class=\"aw-1gybjub aw-5vja16 cmIuaG zKETg yle__article__paragraph\">Poimimme t\u00e4h\u00e4n n\u00e4ytt\u00e4vimm\u00e4t ja kiinnostavimmat kuvat Charlie Kirkin hautajais\u00adseremoniasta.<\/p>\n<p><img decoding=\"async\" alt=\"Punaiseen pukeutuneet ihmiset kyynelehtiv\u00e4t stadionin yleis\u00f6ss\u00e4.\" src=\"https:\/\/www.europesays.com\/fi\/wp-content\/uploads\/2025\/09\/39-152669668d03ecd0974a.jpeg\" class=\"aw-1l9m598 hKVVvP\"\/><\/p>\n<p>Avaa kuvien katselu<\/p>\n<p>Yleis\u00f6\u00e4 State Farm Stadiumilla. Kuva: Patrick T. Fallon \/ AFP<\/p>\n<p>21.9. 23:44\u2022P\u00e4ivitetty 0:16<\/p>\n<p class=\"aw-1gybjub aw-1p7kakr cmIuaG fmSRng yle__article__paragraph\">Viime viikolla murhatun yhdysvaltalaisen oikeistoaktivisti <strong class=\"aw-ak79eh KyCXm yle__article__strong\">Charlie Kirkin<\/strong> hautajaisseremonia j\u00e4rjestettiin sunnuntaina Arizonan Glendalessa.<\/p>\n<p class=\"aw-1gybjub aw-1p7kakr cmIuaG fmSRng yle__article__paragraph\">31-vuotias Kirk ammuttiin 10. syyskuuta yleis\u00f6tilaisuudessa Utahissa.<\/p>\n<p class=\"aw-1gybjub aw-1p7kakr cmIuaG fmSRng yle__article__paragraph\">Kokoamme t\u00e4h\u00e4n artikkeliin kiinnostavimmat kuvat ja videot seremoniasta.<\/p>\n<p><img decoding=\"async\" alt=\"Mies vet\u00e4\u00e4 per\u00e4ss\u00e4\u00e4n suurta risti\u00e4, jonka jalkaan on kiinnitetty py\u00f6r\u00e4. Taustalla stadion t\u00e4yttyy.\" src=\"https:\/\/www.europesays.com\/fi\/wp-content\/uploads\/2025\/09\/39-152668768d02f68b81f3.jpeg\" loading=\"lazy\" class=\"aw-1l9m598 hKVVvP\"\/><\/p>\n<p>Avaa kuvien katselu<\/p>\n<p>Suurikokoista risti\u00e4 tuotiin stadionille ennen hautajaisseremoniaa. Kuva: Patrick T. Fallon \/ AFP<img decoding=\"async\" alt=\"Ihmiset laulavat ja heiluttavat k\u00e4si\u00e4\u00e4n yleis\u00f6ss\u00e4.\" src=\"https:\/\/www.europesays.com\/fi\/wp-content\/uploads\/2025\/09\/39-152669768d03ecd89369.jpeg\" loading=\"lazy\" class=\"aw-1l9m598 hKVVvP\"\/><\/p>\n<p>Avaa kuvien katselu<\/p>\n<p>\u201dT\u00e4ss\u00e4 olen, Luoja, l\u00e4het\u00e4 minut\u201d, lukee Charlie Kirki\u00e4 esitt\u00e4v\u00e4ss\u00e4 kyltiss\u00e4. Lause on Raamatun Vanhasta testamentista Jesajan kirjasta. Kuva: Joe Raedle \/ AFPYhdysvaltain presidentti Donald Trump tervehti yleis\u00f6\u00e4 suojalasin takaa. H\u00e4nen seurassaan oli h\u00e4nen perheenj\u00e4seni\u00e4\u00e4n.<img decoding=\"async\" alt=\"Ihmiset k\u00e4velev\u00e4t stadionille, yksi kantaa suurta Yhdysvaltain lippua.\" src=\"https:\/\/www.europesays.com\/fi\/wp-content\/uploads\/2025\/09\/39-152667668d020785b1ab.jpeg\" loading=\"lazy\" class=\"aw-1l9m598 hKVVvP\"\/><\/p>\n<p>Avaa kuvien katselu<\/p>\n<p>Kymmenettuhannet ihmiset jonottivat State Farm Stadiumille, jolla hautajaiset pidettiin. Kaikki halukkaat eiv\u00e4t p\u00e4\u00e4sseet edes sis\u00e4\u00e4n stadionille. Kuva: Andrew Caballero-Reynolds \/ AFP<img decoding=\"async\" alt=\"Elon Musk katsoo ihmisten keskelt\u00e4.\" src=\"https:\/\/www.europesays.com\/fi\/wp-content\/uploads\/2025\/09\/39-152669968d04217c31f9.jpeg\" loading=\"lazy\" class=\"aw-1l9m598 hKVVvP\"\/><\/p>\n<p>Avaa kuvien katselu<\/p>\n<p>My\u00f6s miljard\u00f6\u00f6ri Elon Musk osallistui Kirkin hautajaisiin. Kuva: Patrick T. Fallon \/ AFP<img decoding=\"async\" alt=\"Nuoret miehet ovat kohottaneet k\u00e4tens\u00e4 ilmaan ja laulavat hartain ilmein.\" src=\"https:\/\/www.europesays.com\/fi\/wp-content\/uploads\/2025\/09\/39-152670768d049ead4450.jpeg\" loading=\"lazy\" class=\"aw-1l9m598 hKVVvP\"\/><\/p>\n<p>Avaa kuvien katselu<\/p>\n<p>Yleis\u00f6 lauloi esiintyjien mukana. Kirk oli merkitt\u00e4v\u00e4 vaikuttaja etenkin nuorten miesten keskuudessa. Kuva: Caroline Brehman \/ EPA<img decoding=\"async\" alt=\"Nuori mies laulaa silm\u00e4t kiinni ja k\u00e4det kohti taivasta v\u00e4kijoukossa.\" src=\"https:\/\/www.europesays.com\/fi\/wp-content\/uploads\/2025\/09\/39-152672268d067cb8f0dc.jpeg\" loading=\"lazy\" class=\"aw-1l9m598 hKVVvP\"\/><\/p>\n<p>Avaa kuvien katselu<\/p>\n<p>Tunnelma yleis\u00f6ss\u00e4 oli tunteikas. Kuva: Win McNamee \/ AFP\u201dKun marttyyri kuolee, h\u00e4nen valtakautensa on vasta alussa\u201d, Charlie Kirkin yst\u00e4v\u00e4 ja kollega Mikey McCoy sanoi siteeraten teologi ja filosofi S\u00f8ren Kierkegaardia.<img decoding=\"async\" alt=\"Ihmiset yleis\u00f6ss\u00e4 pitelev\u00e4t k\u00e4tt\u00e4 rinnallaan.\" src=\"https:\/\/www.europesays.com\/fi\/wp-content\/uploads\/2025\/09\/39-152671368d04f08f207f.jpeg\" loading=\"lazy\" class=\"aw-1l9m598 hKVVvP\"\/><\/p>\n<p>Avaa kuvien katselu<\/p>\n<p>Yleis\u00f6 nousi seisomaan Yhdysvaltain kansallislaulun ajaksi. Seremonian osallistujia pyydettiin pukeutumaan siniseen, punaiseen ja valkoiseen eli Yhdysvaltain lipun v\u00e4reihin. Kuva: Reuters<img decoding=\"async\" alt=\"Jack Posobiec pitelee yl\u00f6s nostetussa nyrkiss\u00e4\u00e4n rukousnauhaa.\" src=\"https:\/\/www.europesays.com\/fi\/wp-content\/uploads\/2025\/09\/39-152671768d05851009ca.jpeg\" loading=\"lazy\" class=\"aw-1l9m598 hKVVvP\"\/><\/p>\n<p>Avaa kuvien katselu<\/p>\n<p>Tapahtumassa puhunut aktivisti Jack Posobiec teki t\u00f6it\u00e4 Kirkin Turning Point USA -j\u00e4rjest\u00f6lle. Posobiec tunnetaan laitaoikeistolaisena salaliittoteorioiden levitt\u00e4j\u00e4n\u00e4. Hautajaisissa h\u00e4n kannusti yleis\u00f6\u00e4 liittym\u00e4\u00e4n hengelliseen sotaan. Kuva: Patrick T. Fallon \/ AFP<img decoding=\"async\" alt=\"Kannattaja seisoo kahden kankaan edess\u00e4. Kankaisiin on kuvattu Jeesus, ja t\u00e4m\u00e4n alle Charlie Kirk.\" src=\"https:\/\/www.europesays.com\/fi\/wp-content\/uploads\/2025\/09\/39-152672068d067ca9b604.jpeg\" loading=\"lazy\" class=\"aw-1l9m598 hKVVvP\"\/><\/p>\n<p>Avaa kuvien katselu<\/p>\n<p>Trumpin ja Kirkin kannattaja stadionin ulkopuolella. H\u00e4nell\u00e4 oli mukanaan kaksi kangasta, joissa on kuvat Jeesuksesta ja Charlie Kirkist\u00e4. Kuva: Andrew Caballero-Reynolds \/ AFP<img decoding=\"async\" alt=\"Nainen on kohottanut k\u00e4tens\u00e4 ja kasvonsa kohti taivasta keskell\u00e4 v\u00e4kijoukkoa.\" src=\"https:\/\/www.europesays.com\/fi\/wp-content\/uploads\/2025\/09\/39-152671968d067ca98ee2.jpeg\" loading=\"lazy\" class=\"aw-1l9m598 hKVVvP\"\/><\/p>\n<p>Avaa kuvien katselu<\/p>\n<p>Nainen yleis\u00f6ss\u00e4. Kuva: Mandel Ngan \/ AFP<\/p>\n","protected":false},"excerpt":{"rendered":"Poimimme t\u00e4h\u00e4n n\u00e4ytt\u00e4vimm\u00e4t ja kiinnostavimmat kuvat Charlie Kirkin hautajais\u00adseremoniasta. Avaa kuvien katselu Yleis\u00f6\u00e4 State Farm Stadiumilla. Kuva: Patrick&hellip;\n","protected":false},"author":2,"featured_media":41612,"comment_status":"","ping_status":"","sticky":false,"template":"","format":"standard","meta":{"footnotes":""},"categories":[5],"tags":[22,23,26,27,33,31,30,17,24,25,28,29,15,18,21,11112,32,19,20,56,16,619],"class_list":{"0":"post-41611","1":"post","2":"type-post","3":"status-publish","4":"format-standard","5":"has-post-thumbnail","7":"category-otsikot","8":"tag-breaking-news","9":"tag-breakingnews","10":"tag-featured-news","11":"tag-featurednews","12":"tag-fi","13":"tag-finland","14":"tag-finnish","15":"tag-headlines","16":"tag-latest-news","17":"tag-latestnews","18":"tag-main-news","19":"tag-mainnews","20":"tag-news","21":"tag-otsikot","22":"tag-paauutiset","23":"tag-poliittinen-vakivalta","24":"tag-suomi","25":"tag-top-stories","26":"tag-topstories","27":"tag-ulkomaat","28":"tag-uutiset","29":"tag-yhdysvallat"},"share_on_mastodon":{"url":"","error":""},"_links":{"self":[{"href":"https:\/\/www.europesays.com\/fi\/wp-json\/wp\/v2\/posts\/41611","targetHints":{"allow":["GET"]}}],"collection":[{"href":"https:\/\/www.europesays.com\/fi\/wp-json\/wp\/v2\/posts"}],"about":[{"href":"https:\/\/www.europesays.com\/fi\/wp-json\/wp\/v2\/types\/post"}],"author":[{"embeddable":true,"href":"https:\/\/www.europesays.com\/fi\/wp-json\/wp\/v2\/users\/2"}],"replies":[{"embeddable":true,"href":"https:\/\/www.europesays.com\/fi\/wp-json\/wp\/v2\/comments?post=41611"}],"version-history":[{"count":0,"href":"https:\/\/www.europesays.com\/fi\/wp-json\/wp\/v2\/posts\/41611\/revisions"}],"wp:featuredmedia":[{"embeddable":true,"href":"https:\/\/www.europesays.com\/fi\/wp-json\/wp\/v2\/media\/41612"}],"wp:attachment":[{"href":"https:\/\/www.europesays.com\/fi\/wp-json\/wp\/v2\/media?parent=41611"}],"wp:term":[{"taxonomy":"category","embeddable":true,"href":"https:\/\/www.europesays.com\/fi\/wp-json\/wp\/v2\/categories?post=41611"},{"taxonomy":"post_tag","embeddable":true,"href":"https:\/\/www.europesays.com\/fi\/wp-json\/wp\/v2\/tags?post=41611"}],"curies":[{"name":"wp","href":"https:\/\/api.w.org\/{rel}","templated":true}]}}