{"id":41624,"date":"2025-09-21T21:54:11","date_gmt":"2025-09-21T21:54:11","guid":{"rendered":"https:\/\/www.europesays.com\/fi\/41624\/"},"modified":"2025-09-21T21:54:11","modified_gmt":"2025-09-21T21:54:11","slug":"kemijarvelta-loytynyt-ruumis-vedesta-mtv-uutiset","status":"publish","type":"post","link":"https:\/\/www.europesays.com\/fi\/41624\/","title":{"rendered":"Kemij\u00e4rvelt\u00e4 l\u00f6ytynyt ruumis vedest\u00e4 | MTV Uutiset"},"content":{"rendered":"<p><strong class=\"typography-bold\">Kemij\u00e4rvelt\u00e4 Lapin maakunnasta on l\u00f6ytynyt t\u00e4n\u00e4\u00e4n ruumis.\u00a0<\/strong><\/p>\n<p>Asiasta kerrotaan Oulun poliisin johtokeskuksesta. Ruumiin l\u00f6ytymisest\u00e4 uutisoi aiemmin <a class=\"underline\" data-testid=\"external-link\" href=\"https:\/\/www.iltalehti.fi\/kotimaa\/a\/981676f7-2c33-4af2-9fae-f89db7181310?_gl=1*1yc0lft*_ga*MTc4NjAzODMxOS4xNzU1MTgyMzA5*_ga_3L539PMN3X*czE3NTg0NjgzNDAkbzI3JGcxJHQxNzU4NDY4MzQxJGo1OSRsMCRoMA..\" rel=\"noopener noreferrer nofollow\" target=\"_blank\" data-sentry-component=\"ExternalLink\" data-sentry-source-file=\"ExternalLink.tsx\">Iltalehti<\/a>.<\/p>\n<p>Poliisin mukaan ilmoitus teht\u00e4v\u00e4st\u00e4 Kemij\u00e4rven Sallantielle tuli sunnuntaina puolenp\u00e4iv\u00e4n aikaan. Poliisi kertoi, ett\u00e4 vedenvarasta l\u00f6ytyi ihminen, joka todettiin paikan p\u00e4\u00e4ll\u00e4 kuolleeksi.<\/p>\n<p>Poliisi selvitt\u00e4\u00e4 kuolemansyyt\u00e4, eik\u00e4 tapahtuneesta ep\u00e4ill\u00e4 rikosta. Poliisi ei kertonut tapauksen yksityiskohtia eik\u00e4 toistaiseksi tiedota asiasta enemp\u00e4\u00e4.<\/p>\n","protected":false},"excerpt":{"rendered":"Kemij\u00e4rvelt\u00e4 Lapin maakunnasta on l\u00f6ytynyt t\u00e4n\u00e4\u00e4n ruumis.\u00a0 Asiasta kerrotaan Oulun poliisin johtokeskuksesta. Ruumiin l\u00f6ytymisest\u00e4 uutisoi aiemmin Iltalehti. Poliisin&hellip;\n","protected":false},"author":2,"featured_media":41625,"comment_status":"","ping_status":"","sticky":false,"template":"","format":"standard","meta":{"footnotes":""},"categories":[12],"tags":[22,23,26,27,33,31,30,17,24,25,28,29,15,18,21,32,19,20,16],"class_list":{"0":"post-41624","1":"post","2":"type-post","3":"status-publish","4":"format-standard","5":"has-post-thumbnail","7":"category-suomi","8":"tag-breaking-news","9":"tag-breakingnews","10":"tag-featured-news","11":"tag-featurednews","12":"tag-fi","13":"tag-finland","14":"tag-finnish","15":"tag-headlines","16":"tag-latest-news","17":"tag-latestnews","18":"tag-main-news","19":"tag-mainnews","20":"tag-news","21":"tag-otsikot","22":"tag-paauutiset","23":"tag-suomi","24":"tag-top-stories","25":"tag-topstories","26":"tag-uutiset"},"share_on_mastodon":{"url":"","error":""},"_links":{"self":[{"href":"https:\/\/www.europesays.com\/fi\/wp-json\/wp\/v2\/posts\/41624","targetHints":{"allow":["GET"]}}],"collection":[{"href":"https:\/\/www.europesays.com\/fi\/wp-json\/wp\/v2\/posts"}],"about":[{"href":"https:\/\/www.europesays.com\/fi\/wp-json\/wp\/v2\/types\/post"}],"author":[{"embeddable":true,"href":"https:\/\/www.europesays.com\/fi\/wp-json\/wp\/v2\/users\/2"}],"replies":[{"embeddable":true,"href":"https:\/\/www.europesays.com\/fi\/wp-json\/wp\/v2\/comments?post=41624"}],"version-history":[{"count":0,"href":"https:\/\/www.europesays.com\/fi\/wp-json\/wp\/v2\/posts\/41624\/revisions"}],"wp:featuredmedia":[{"embeddable":true,"href":"https:\/\/www.europesays.com\/fi\/wp-json\/wp\/v2\/media\/41625"}],"wp:attachment":[{"href":"https:\/\/www.europesays.com\/fi\/wp-json\/wp\/v2\/media?parent=41624"}],"wp:term":[{"taxonomy":"category","embeddable":true,"href":"https:\/\/www.europesays.com\/fi\/wp-json\/wp\/v2\/categories?post=41624"},{"taxonomy":"post_tag","embeddable":true,"href":"https:\/\/www.europesays.com\/fi\/wp-json\/wp\/v2\/tags?post=41624"}],"curies":[{"name":"wp","href":"https:\/\/api.w.org\/{rel}","templated":true}]}}