{"id":41626,"date":"2025-09-21T21:55:13","date_gmt":"2025-09-21T21:55:13","guid":{"rendered":"https:\/\/www.europesays.com\/fi\/41626\/"},"modified":"2025-09-21T21:55:13","modified_gmt":"2025-09-21T21:55:13","slug":"tutkija-venaja-pyrkii-ilmatilaloukkauksillaan-kaantamaan-lannen-huomion-pois-ukrainasta-uutissuomalainen","status":"publish","type":"post","link":"https:\/\/www.europesays.com\/fi\/41626\/","title":{"rendered":"Tutkija: Ven\u00e4j\u00e4 pyrkii ilmatilaloukkauksillaan k\u00e4\u00e4nt\u00e4m\u00e4\u00e4n l\u00e4nnen huomion pois Ukrainasta | Uutissuomalainen"},"content":{"rendered":"<p>Ven\u00e4j\u00e4 pyrkii toistuvilla ilmatilaloukkauksillaan k\u00e4\u00e4nt\u00e4m\u00e4\u00e4n l\u00e4nsimaiden huomion pois Ukrainasta, arvioi Viron kansainv\u00e4lisen puolustustutkimuskeskuksen johtaja Kristi Raik.<\/p>\n<p>Raikin mukaan ven\u00e4l\u00e4isten h\u00e4vitt\u00e4jien perjantainen Viron ilmatilan loukkaus oli jatkumoa Ven\u00e4j\u00e4n aiemmille ilmatilaloukkauksille Puolassa ja Romaniassa. H\u00e4nen mukaansa Ven\u00e4j\u00e4n toimet ovat heijastusta sen Ukrainassa kokemista vaikeuksista.<\/p>\n<p>\u2013\u2009Yhten\u00e4 Ven\u00e4j\u00e4n tavoitteena on v\u00e4hent\u00e4\u00e4 l\u00e4nsimaiden halua tukea Ukrainaa. Ven\u00e4j\u00e4 on nyt vaikeassa tilanteessa Ukrainassa, kun se ei juuri etene sotilaallisesti, eik\u00e4 diplomaattinen prosessikaan ole edennyt Ven\u00e4j\u00e4n kannalta toivottaviin tuloksiin, Raik sanoi STT:lle.<\/p>\n<p>\u2013\u2009Niinp\u00e4 Ven\u00e4j\u00e4 yritt\u00e4\u00e4 luoda painetta eskaloimalla turvallisuustilannetta Euroopassa. Se yritt\u00e4\u00e4 luoda pelkoa ja sit\u00e4 kautta jonkinlaista haluaa kompromisseihin ja sodan lopettamiseen Ven\u00e4j\u00e4n etujen mukaisella tavalla.<\/p>\n<p>Samalla Ven\u00e4j\u00e4 haluaa Raikin mukaan testata Natoa ja sen valmiutta puolustaa omaa aluettaan. Erityisesti Ven\u00e4j\u00e4 testaa Yhdysvaltojen reaktioita.<\/p>\n<p>\u2013\u2009Seh\u00e4n t\u00e4ss\u00e4 on se suuri ep\u00e4varmuustekij\u00e4 Euroopan turvallisuudessa t\u00e4ll\u00e4 hetkell\u00e4, Raik sanoo.<\/p>\n<p>\u2013\u2009Kovin vahva tai selke\u00e4h\u00e4n Yhdysvaltain reaktio ei toistaiseksi ole ollut.<\/p>\n<p>\t\t\t\t&#8221;T\u00e4llaista ei voi tapahtua vahingossa&#8221;<\/p>\n<p>Raikin mukaan ven\u00e4l\u00e4iskoneiden perjantainen ilmatilaloukkaus oli poikkeuksellisen r\u00e4ike\u00e4. Kolme Ven\u00e4j\u00e4n MiG-31-h\u00e4vitt\u00e4j\u00e4\u00e4 lensi Viron ilmatilassa 12 minuutin ajan. H\u00e4vitt\u00e4j\u00e4t lensiv\u00e4t Suomenlahdella Viron rajan suuntaisesti id\u00e4st\u00e4 l\u00e4nteen p\u00e4\u00e4kaupunki Tallinnan editse ja ylittiv\u00e4t rajan vajaalla 10 kilometrill\u00e4.<\/p>\n<p>Suomen, Ruotsin ja Italian h\u00e4vitt\u00e4j\u00e4t osallistuivat ven\u00e4l\u00e4iskoneiden saattamiseen pois Viron ilmatilasta. Italian ilmavoimien koneet on sijoitettu Viroon osana Naton suorittamaa Baltian ilmavalvontaa.<\/p>\n<p>\u2013\u2009Mit\u00e4\u00e4n t\u00e4llaista ei ole aiemmin n\u00e4hty Viron Nato-j\u00e4senyyden aikana. Aiemmat ilmatilaloukkaukset ovat olleet paljon pienempi\u00e4 ja sen tyyppisi\u00e4, ett\u00e4 on voitu v\u00e4itt\u00e4\u00e4 Ven\u00e4j\u00e4n taholta, ett\u00e4 kyseess\u00e4 oli huolimattomuus tai virhe. T\u00e4ss\u00e4 tapauksessahan sellainen ei tule lainkaan kysymykseen. T\u00e4llaista ei voi tapahtua vahingossa, Raik sanoo.<\/p>\n<p>Ilmatilaloukkauksen r\u00f6yhkeyden huomioon ottaen ei Raikin mukaan ole yll\u00e4tt\u00e4v\u00e4\u00e4, ett\u00e4 Viro on pyyt\u00e4nyt asian k\u00e4sittely\u00e4 sek\u00e4 Naton neuvostossa ett\u00e4 YK:n turvallisuusneuvostossa. Naton neuvosto on sotilasliiton t\u00e4rkein p\u00e4\u00e4t\u00f6ksentekoelin.<\/p>\n<p>YK:n turvallisuusneuvoston k\u00e4sittelylt\u00e4 Raik ei suuria odota \u2013 onhan Ven\u00e4j\u00e4 yksi turvallisuusneuvoston pysyvist\u00e4 j\u00e4senmaista \u2013 mutta Natolta Raik toivoo suorasanaista kannanottoa, joka tekee selv\u00e4ksi, ett\u00e4 sotilasliitto on tarvittaessa valmis vaikka voimatoimiin Ven\u00e4j\u00e4n loukkausten pys\u00e4ytt\u00e4miseksi.<\/p>\n<p>\u2013\u2009Jos Ven\u00e4j\u00e4 n\u00e4kee, ett\u00e4 Nato ei ole kykenev\u00e4 tai halukas vastaamaan, ett\u00e4 t\u00e4llaisesta ei ole mit\u00e4\u00e4n seurauksia Ven\u00e4j\u00e4lle, niin silloin on riski, ett\u00e4 vastaavia tapauksia tulee lis\u00e4\u00e4, Raik sanoo.<\/p>\n<p>\t\t\t\tSeuraavaksi koepallo Suomeen?<\/p>\n<p>Raikin mukaan ei ole poissuljettua, ett\u00e4 Ven\u00e4j\u00e4 koettelisi my\u00f6s Suomen reagointikyky\u00e4 esimerkiksi Suomen ilmatilaa loukkaamalla. H\u00e4nen mukaansa Suomi kuitenkin eroaa Baltian maista oman kansallisen puolustuskykyns\u00e4 vuoksi.<\/p>\n<p>\u2013\u2009Baltian maat ovat ilmavoimien osalta t\u00e4ysin Naton kollektiivisen toiminnan ja p\u00e4\u00e4t\u00f6sten varassa. Kansallinen puolustuskyky ehk\u00e4 v\u00e4h\u00e4n lis\u00e4\u00e4 pelotetta Suomen kohdalla, sill\u00e4 se lis\u00e4\u00e4 Suomen reaktionopeutta. Se varmasti painaa Ven\u00e4j\u00e4n harkinnassa, mutta silti sit\u00e4 ei voi sulkea pois, ett\u00e4 my\u00f6s Suomea l\u00e4hdet\u00e4\u00e4n testaamaan.<\/p>\n<p>Raik muistuttaa, ett\u00e4 Ven\u00e4j\u00e4n tulevat toimet eiv\u00e4t v\u00e4ltt\u00e4m\u00e4tt\u00e4 ole ilmatilaloukkauksia, vaan ne voivat tapahtua my\u00f6s esimerkiksi maalla tai merell\u00e4.<\/p>\n<p>\t\t\t\tKansalaismielipide ei Ven\u00e4j\u00e4ll\u00e4 ratkaise<\/p>\n<p>Raik painottaa, ett\u00e4 Ven\u00e4j\u00e4n tekem\u00e4t ilmatilaloukkaukset on n\u00e4ht\u00e4v\u00e4 osana laajempaa kokonaiskuvaa.<\/p>\n<p>\u2013\u2009Ven\u00e4j\u00e4 toimii niin kuin se toimii, koska se on vaikeassa tilanteessa Ukrainassa. Ven\u00e4j\u00e4 tiet\u00e4\u00e4, ett\u00e4 aika ei ole sen puolella, Sen tilanne Ukrainan sodassa on heikkenem\u00e4ss\u00e4. Ensi vuonna Ven\u00e4j\u00e4ll\u00e4 tulee olemaan jo vaikeuksia jatkaa sotaa ylip\u00e4\u00e4t\u00e4\u00e4n ja se hakee jonkinn\u00e4k\u00f6ist\u00e4 ulosp\u00e4\u00e4sy\u00e4, Raik arvioi.<\/p>\n<p>H\u00e4n perustaa arvionsa muun muassa Ven\u00e4j\u00e4n koko ajan heikentyv\u00e4\u00e4n taloustilanteeseen.<\/p>\n<p>\u2013\u2009Toki sotakoneiston tuotanto py\u00f6rii todella kovilla kierroksilla eli sik\u00e4li kykyj\u00e4 on, mutta valtion kassa hupenee ja ihmisresurssin kanssa alkaa olla vaikeampaa. Mobilisaatiota ei ole haluttu julistaa poliittisista syist\u00e4. Yli miljoona ven\u00e4l\u00e4ist\u00e4 on kaatunut tai haavoittunut t\u00e4h\u00e4n menness\u00e4. Kyll\u00e4 t\u00e4llaisellakin alkaa ennen pitk\u00e4\u00e4 olla vaikutusta, Raik laskee.<\/p>\n<p>Kansalaisten mielipiteell\u00e4 ei Raikin mukaan kuitenkaan ole ratkaisevaa merkityst\u00e4 Ven\u00e4j\u00e4n kaltaisessa yhteiskunnassa.<\/p>\n<p>\u2013\u2009Ven\u00e4l\u00e4isten sietokyky on eritt\u00e4in suuri, ja toisaalta Ven\u00e4j\u00e4n johdolla on kyky saada ihmiset ruotuun ja rangaista niit\u00e4, jotka yritt\u00e4v\u00e4t haastaa virallista linjaa. Enemmist\u00f6h\u00e4n on saatu hyvin sodan tueksi, Raik sanoo.<\/p>\n<p>\u2013\u2009Muutos ei l\u00e4hde kansalaismielipiteest\u00e4 vaan todenn\u00e4k\u00f6isemmin eliitin piirist\u00e4, kun sodan jatkaminen menee liian vaikeaksi.<\/p>\n","protected":false},"excerpt":{"rendered":"Ven\u00e4j\u00e4 pyrkii toistuvilla ilmatilaloukkauksillaan k\u00e4\u00e4nt\u00e4m\u00e4\u00e4n l\u00e4nsimaiden huomion pois Ukrainasta, arvioi Viron kansainv\u00e4lisen puolustustutkimuskeskuksen johtaja Kristi Raik. Raikin mukaan&hellip;\n","protected":false},"author":2,"featured_media":41627,"comment_status":"","ping_status":"","sticky":false,"template":"","format":"standard","meta":{"footnotes":""},"categories":[5],"tags":[22,23,26,27,33,31,30,17,2592,24,25,28,29,2579,15,18,21,637,2535,32,3129,19,20,549,16,10940],"class_list":{"0":"post-41626","1":"post","2":"type-post","3":"status-publish","4":"format-standard","5":"has-post-thumbnail","7":"category-otsikot","8":"tag-breaking-news","9":"tag-breakingnews","10":"tag-featured-news","11":"tag-featurednews","12":"tag-fi","13":"tag-finland","14":"tag-finnish","15":"tag-headlines","16":"tag-ilmapuolustus","17":"tag-latest-news","18":"tag-latestnews","19":"tag-main-news","20":"tag-mainnews","21":"tag-nato","22":"tag-news","23":"tag-otsikot","24":"tag-paauutiset","25":"tag-politiikka","26":"tag-puolustuspolitiikka","27":"tag-suomi","28":"tag-tallinna","29":"tag-top-stories","30":"tag-topstories","31":"tag-ukrainan-sota","32":"tag-uutiset","33":"tag-virolaiset-diplomaatit"},"share_on_mastodon":{"url":"","error":""},"_links":{"self":[{"href":"https:\/\/www.europesays.com\/fi\/wp-json\/wp\/v2\/posts\/41626","targetHints":{"allow":["GET"]}}],"collection":[{"href":"https:\/\/www.europesays.com\/fi\/wp-json\/wp\/v2\/posts"}],"about":[{"href":"https:\/\/www.europesays.com\/fi\/wp-json\/wp\/v2\/types\/post"}],"author":[{"embeddable":true,"href":"https:\/\/www.europesays.com\/fi\/wp-json\/wp\/v2\/users\/2"}],"replies":[{"embeddable":true,"href":"https:\/\/www.europesays.com\/fi\/wp-json\/wp\/v2\/comments?post=41626"}],"version-history":[{"count":0,"href":"https:\/\/www.europesays.com\/fi\/wp-json\/wp\/v2\/posts\/41626\/revisions"}],"wp:featuredmedia":[{"embeddable":true,"href":"https:\/\/www.europesays.com\/fi\/wp-json\/wp\/v2\/media\/41627"}],"wp:attachment":[{"href":"https:\/\/www.europesays.com\/fi\/wp-json\/wp\/v2\/media?parent=41626"}],"wp:term":[{"taxonomy":"category","embeddable":true,"href":"https:\/\/www.europesays.com\/fi\/wp-json\/wp\/v2\/categories?post=41626"},{"taxonomy":"post_tag","embeddable":true,"href":"https:\/\/www.europesays.com\/fi\/wp-json\/wp\/v2\/tags?post=41626"}],"curies":[{"name":"wp","href":"https:\/\/api.w.org\/{rel}","templated":true}]}}