{"id":41643,"date":"2025-09-21T22:22:10","date_gmt":"2025-09-21T22:22:10","guid":{"rendered":"https:\/\/www.europesays.com\/fi\/41643\/"},"modified":"2025-09-21T22:22:10","modified_gmt":"2025-09-21T22:22:10","slug":"luonto-suomessa-elaa-yli-90-etana-ja-kotilolajia-naita-puutarhan-vieraita-viherpeukalon-ei-tarvitse-saikahtaa-paikalliset","status":"publish","type":"post","link":"https:\/\/www.europesays.com\/fi\/41643\/","title":{"rendered":"Luonto | Suomessa el\u00e4\u00e4 yli 90 etana- ja kotilolajia \u2013 n\u00e4it\u00e4 puutarhan vieraita viherpeukalon ei tarvitse s\u00e4ik\u00e4ht\u00e4\u00e4 | Paikalliset"},"content":{"rendered":"<p>Useimmat etanalajit piilottelevat metsien suojissa. Komeaa ukko\u00adetanaa, mets\u00e4etanaa tai t\u00e4plik\u00e4st\u00e4 pantterietanaa ei tarvitse s\u00e4ik\u00e4ht\u00e4\u00e4, vaikka niit\u00e4 l\u00f6yt\u00e4isi pihamaalta.<\/p>\n<p>Vieraslaji espanjansiruetana tunnistetaan jo hyvin, koska sen tihuty\u00f6t kasveille ja joukkoesiintym\u00e4t ovat paljon esill\u00e4. Sen sijaan vieraslajin l\u00e4heinen sukulainen, mets\u00e4etana, ei samalla tavalla paistattele otsikoissa.<\/p>\n","protected":false},"excerpt":{"rendered":"Useimmat etanalajit piilottelevat metsien suojissa. Komeaa ukko\u00adetanaa, mets\u00e4etanaa tai t\u00e4plik\u00e4st\u00e4 pantterietanaa ei tarvitse s\u00e4ik\u00e4ht\u00e4\u00e4, vaikka niit\u00e4 l\u00f6yt\u00e4isi pihamaalta.&hellip;\n","protected":false},"author":2,"featured_media":41644,"comment_status":"","ping_status":"","sticky":false,"template":"","format":"standard","meta":{"footnotes":""},"categories":[117],"tags":[404,2267,33,31,30,753,72,3791,476,2369,118,32,119,477,534],"class_list":{"0":"post-41643","1":"post","2":"type-post","3":"status-publish","4":"format-standard","5":"has-post-thumbnail","7":"category-luonto","8":"tag-elaimet","9":"tag-eurooppa","10":"tag-fi","11":"tag-finland","12":"tag-finnish","13":"tag-kausimarjat","14":"tag-luonto","15":"tag-mansikat","16":"tag-nature","17":"tag-puutarha","18":"tag-science","19":"tag-suomi","20":"tag-tiede","21":"tag-wildlife","22":"tag-ymparisto-ja-luonto"},"share_on_mastodon":{"url":"","error":""},"_links":{"self":[{"href":"https:\/\/www.europesays.com\/fi\/wp-json\/wp\/v2\/posts\/41643","targetHints":{"allow":["GET"]}}],"collection":[{"href":"https:\/\/www.europesays.com\/fi\/wp-json\/wp\/v2\/posts"}],"about":[{"href":"https:\/\/www.europesays.com\/fi\/wp-json\/wp\/v2\/types\/post"}],"author":[{"embeddable":true,"href":"https:\/\/www.europesays.com\/fi\/wp-json\/wp\/v2\/users\/2"}],"replies":[{"embeddable":true,"href":"https:\/\/www.europesays.com\/fi\/wp-json\/wp\/v2\/comments?post=41643"}],"version-history":[{"count":0,"href":"https:\/\/www.europesays.com\/fi\/wp-json\/wp\/v2\/posts\/41643\/revisions"}],"wp:featuredmedia":[{"embeddable":true,"href":"https:\/\/www.europesays.com\/fi\/wp-json\/wp\/v2\/media\/41644"}],"wp:attachment":[{"href":"https:\/\/www.europesays.com\/fi\/wp-json\/wp\/v2\/media?parent=41643"}],"wp:term":[{"taxonomy":"category","embeddable":true,"href":"https:\/\/www.europesays.com\/fi\/wp-json\/wp\/v2\/categories?post=41643"},{"taxonomy":"post_tag","embeddable":true,"href":"https:\/\/www.europesays.com\/fi\/wp-json\/wp\/v2\/tags?post=41643"}],"curies":[{"name":"wp","href":"https:\/\/api.w.org\/{rel}","templated":true}]}}