{"id":41656,"date":"2025-09-21T22:46:09","date_gmt":"2025-09-21T22:46:09","guid":{"rendered":"https:\/\/www.europesays.com\/fi\/41656\/"},"modified":"2025-09-21T22:46:09","modified_gmt":"2025-09-21T22:46:09","slug":"jyvaskylalainen-reetta-mattila-25-tormasi-monia-nuoria-koskevaan-ilmoon-tyonhaussa-kaikki-eivat-palkkaa-vastavalmistuneita-keski-suomi","status":"publish","type":"post","link":"https:\/\/www.europesays.com\/fi\/41656\/","title":{"rendered":"Jyv\u00e4skyl\u00e4l\u00e4inen Reetta Mattila, 25, t\u00f6rm\u00e4si monia nuoria koskevaan ilm\u00f6\u00f6n ty\u00f6nhaussa \u2013 &#8221;Kaikki eiv\u00e4t palkkaa vastavalmistuneita&#8221; | Keski-Suomi"},"content":{"rendered":"<p>Korkeakoulututkinnon suorittaneista noin 85 prosenttia ty\u00f6llistyy vuoden sis\u00e4ll\u00e4 valmistumisesta, ilmenee Tilastokeskuksen tutkimuksesta. Noin 5 prosenttia on ty\u00f6tt\u00f6m\u00e4n\u00e4 vuosi valmistumisen j\u00e4lkeen.<\/p>\n<p>Ty\u00f6llistymiseen vaikuttavat Kansallisen koulutuksen arviointikeskuksen mukaan muun muassa yleinen talous- ja ty\u00f6llisyystilanne sek\u00e4 opiskeltu ala. T\u00e4ll\u00e4 hetkell\u00e4 ty\u00f6markkinoihin vaikuttaa eniten se, ett\u00e4 ty\u00f6paikkoja on v\u00e4h\u00e4n suhteessa ty\u00f6nhakijoiden m\u00e4\u00e4r\u00e4\u00e4n.<\/p>\n<p>Milt\u00e4 vallitseva ty\u00f6llisyystilanne n\u00e4ytt\u00e4\u00e4 korkeakoulusta valmistuneen silmin?<\/p>\n<p>\u2013\u2009Olen hakenut muutamaa vakituista paikkaa omalta alalta, mutta t\u00f6it\u00e4 on aika v\u00e4h\u00e4n tarjolla, jyv\u00e4skyl\u00e4l\u00e4inen <strong>Reetta Mattila<\/strong>, 25, kertoo.<\/p>\n<p>\t\t<a class=\"diks-gallery__link\" href=\"https:\/\/i.media.fi\/incoming\/g1h52t\/11051346.jpg\/alternates\/FREE_1440\/11051346.jpg\" data-thumbnail=\"\" data-sub-html=\"Reetta Mattilan mukaan oman alan ty\u00f6npaikkoja l\u00f6ytyy, mutta niit\u00e4 on t\u00e4ll\u00e4 hetkell\u00e4 v\u00e4h\u00e4n tarjolla. Sen vuoksi ty\u00f6nhaku voi haastaa monia valmistuneita. Reetta Mattilan kuva-albumi\" aria-label=\"Katso isompi kuva\" rel=\"nofollow noopener\" target=\"_blank\"><br \/>\n\t\t\t\t<img class=\"diks-figure__image\" src=\"https:\/\/www.europesays.com\/fi\/wp-content\/uploads\/2025\/09\/11051346.jpg\" loading=\"lazy\" decoding=\"sync\" alt=\"\"\/><\/p>\n<p>\t\t\t<\/a><br \/>\n\t\t\t\t\tReetta Mattilan mukaan oman alan ty\u00f6npaikkoja l\u00f6ytyy, mutta niit\u00e4 on t\u00e4ll\u00e4 hetkell\u00e4 v\u00e4h\u00e4n tarjolla. Sen vuoksi ty\u00f6nhaku voi haastaa monia valmistuneita. Reetta Mattilan kuva-albumi<\/p>\n<p><strong class=\"diks-storyline__impact\">Mattila valmistui <\/strong>maaliskuussa Jyv\u00e4skyl\u00e4n yliopiston kemian laitokselta filosofian maisteriksi. Etsinn\u00e4ss\u00e4 on vakituinen ty\u00f6paikka kemian alalta.<\/p>\n<blockquote class=\"voice-no-read rs_skip diks-blockquote\">\n<p class=\"diks-blockquote__text\">Ensimm\u00e4inen ty\u00f6paikka on vaikea saada.<\/p>\n<p>Reetta Mattila<\/p><\/blockquote>\n<p>\u2013\u2009Ty\u00f6llisty\u00e4 voi muun muassa kemistiksi, laboratoriop\u00e4\u00e4llik\u00f6ksi, aineenopettajaksi tai projekti-insin\u00f6\u00f6riksi. Kemianteollisuudessa ammattilaisia tarvitaan my\u00f6s tulevaisuudessa akku- ja autoteollisuudessa, joissa pyrit\u00e4\u00e4n p\u00e4\u00e4sem\u00e4\u00e4n nykyakuista toisenlaiseen vaihtoehtoon.<\/p>\n<p>Vaikka ty\u00f6n\u00e4kym\u00e4t vaikuttavat Mattilan mukaan hyvilt\u00e4, on ty\u00f6nhaussa omat haasteensa.<\/p>\n<p>\u2013\u2009Itse hakuprosessi on turhauttava. Ty\u00f6paikoista ei aina kuulu mit\u00e4\u00e4n, ja haastatteluihin on vaikea p\u00e4\u00e4st\u00e4. Tuntuu, ett\u00e4 monet ty\u00f6paikat etsiv\u00e4t superihmist\u00e4, jolla on jo kymmenen vuoden kokemus ty\u00f6el\u00e4m\u00e4st\u00e4 ja joka osaa kaiken mahdollisen.<\/p>\n<p>Mattilan mukaan korkeiden osaamisvaatimusten vuoksi ty\u00f6llistyminen on haastavaa vastavalmistuneille.<\/p>\n<p>\u2013\u2009Ensimm\u00e4inen ty\u00f6paikka on vaikea saada, kun kaikki yritykset eiv\u00e4t palkkaa vastavalmistuneita tai niit\u00e4, joilla ei ole viel\u00e4 pitk\u00e4\u00e4 kokemusta alalta. Onneksi jotkut rekrytoijat palkkaavat valmistuneita, vaikka ty\u00f6ilmoituksessa toivotaan pidemp\u00e4\u00e4 ty\u00f6kokemusta.<\/p>\n<p>\t\t<a class=\"diks-gallery__link\" href=\"https:\/\/i.media.fi\/incoming\/sst72h\/10462982.jpg\/alternates\/FREE_1440\/10462982.jpg\" data-thumbnail=\"\" data-sub-html=\"Kemianteollisuudessa tarvitaan moniin teht\u00e4viin ammattilaisia. T\u00e4ll\u00e4 hetkell\u00e4 alan ty\u00f6paikkoja on tarpeesta huolimatta v\u00e4h\u00e4n tarjolla. Ella Karttunen\" aria-label=\"Katso isompi kuva\" rel=\"nofollow noopener\" target=\"_blank\"><br \/>\n\t\t\t\t<img class=\"diks-figure__image\" src=\"https:\/\/www.europesays.com\/fi\/wp-content\/uploads\/2025\/09\/10462982.jpg\" loading=\"lazy\" decoding=\"sync\" alt=\"\"\/><\/p>\n<p>\t\t\t<\/a><br \/>\n\t\t\t\t\tKemianteollisuudessa tarvitaan moniin teht\u00e4viin ammattilaisia. T\u00e4ll\u00e4 hetkell\u00e4 alan ty\u00f6paikkoja on tarpeesta huolimatta v\u00e4h\u00e4n tarjolla. Ella Karttunen<\/p>\n<p><strong class=\"diks-storyline__impact\">Kaikesta huolimatta<\/strong> Mattila aikoo jatkaa sinnikk\u00e4\u00e4sti ty\u00f6nhakua. H\u00e4n on valmis muuttamaan ty\u00f6paikan per\u00e4ss\u00e4 toiselle paikkakunnalle, mik\u00e4 avaa lis\u00e4\u00e4 mahdollisuuksia. Tavoitteena olisi p\u00e4\u00e4st\u00e4 pian kiinni ty\u00f6el\u00e4m\u00e4\u00e4n.<\/p>\n<p>\u2013\u2009Lannistumista ty\u00f6nhausta ei ole viel\u00e4 tullut. Tosin on pieni paine siit\u00e4, ty\u00f6llistyyk\u00f6 alalle, josta tykk\u00e4\u00e4.<\/p>\n<p>Mattila kokee, ett\u00e4 monien vastavalmistuneiden ty\u00f6nhakua voisi helpottaa, jos siihen saisi ammattilaisilta neuvoja. N\u00e4in omaa hakemusta tai kokemusta voisi parantaa.<\/p>\n<p>\u2013\u2009Vastavalmistuneena olisi arvokasta saada tiet\u00e4\u00e4 rekrytoijien n\u00e4k\u00f6kulmasta, millainen oma hakemus on tai miksi ei tullut valituksi. T\u00e4llainen palaute voisi auttaa ty\u00f6llistymisess\u00e4.<\/p>\n<p>Juttu on julkaistu Rekry, ty\u00f6el\u00e4m\u00e4 &amp; koulutus -liitteess\u00e4. <a href=\"https:\/\/nakoislehti.media.fi\/keskisuomalainen\/9d8647ab-c8d0-4680-af0f-3ed56375c4e3\/1\" rel=\"nofollow noopener\" target=\"_blank\">Lue n\u00e4k\u00f6islehti maksutta<\/a>.<\/p>\n","protected":false},"excerpt":{"rendered":"Korkeakoulututkinnon suorittaneista noin 85 prosenttia ty\u00f6llistyy vuoden sis\u00e4ll\u00e4 valmistumisesta, ilmenee Tilastokeskuksen tutkimuksesta. Noin 5 prosenttia on ty\u00f6tt\u00f6m\u00e4n\u00e4 vuosi&hellip;\n","protected":false},"author":2,"featured_media":41657,"comment_status":"","ping_status":"","sticky":false,"template":"","format":"standard","meta":{"footnotes":""},"categories":[12],"tags":[22,23,26,27,33,31,30,17,425,426,96,11117,24,25,28,29,15,18,21,11015,32,19,20,2371,860,11016,16],"class_list":{"0":"post-41656","1":"post","2":"type-post","3":"status-publish","4":"format-standard","5":"has-post-thumbnail","7":"category-suomi","8":"tag-breaking-news","9":"tag-breakingnews","10":"tag-featured-news","11":"tag-featurednews","12":"tag-fi","13":"tag-finland","14":"tag-finnish","15":"tag-headlines","16":"tag-jyvaskyla","17":"tag-jyvaskylan-yliopisto","18":"tag-koulutus","19":"tag-koulutus-rekry","20":"tag-latest-news","21":"tag-latestnews","22":"tag-main-news","23":"tag-mainnews","24":"tag-news","25":"tag-otsikot","26":"tag-paauutiset","27":"tag-rekry","28":"tag-suomi","29":"tag-top-stories","30":"tag-topstories","31":"tag-tyo-ja-raha","32":"tag-tyoelama","33":"tag-tyoelama-ja-koulutus","34":"tag-uutiset"},"share_on_mastodon":{"url":"","error":""},"_links":{"self":[{"href":"https:\/\/www.europesays.com\/fi\/wp-json\/wp\/v2\/posts\/41656","targetHints":{"allow":["GET"]}}],"collection":[{"href":"https:\/\/www.europesays.com\/fi\/wp-json\/wp\/v2\/posts"}],"about":[{"href":"https:\/\/www.europesays.com\/fi\/wp-json\/wp\/v2\/types\/post"}],"author":[{"embeddable":true,"href":"https:\/\/www.europesays.com\/fi\/wp-json\/wp\/v2\/users\/2"}],"replies":[{"embeddable":true,"href":"https:\/\/www.europesays.com\/fi\/wp-json\/wp\/v2\/comments?post=41656"}],"version-history":[{"count":0,"href":"https:\/\/www.europesays.com\/fi\/wp-json\/wp\/v2\/posts\/41656\/revisions"}],"wp:featuredmedia":[{"embeddable":true,"href":"https:\/\/www.europesays.com\/fi\/wp-json\/wp\/v2\/media\/41657"}],"wp:attachment":[{"href":"https:\/\/www.europesays.com\/fi\/wp-json\/wp\/v2\/media?parent=41656"}],"wp:term":[{"taxonomy":"category","embeddable":true,"href":"https:\/\/www.europesays.com\/fi\/wp-json\/wp\/v2\/categories?post=41656"},{"taxonomy":"post_tag","embeddable":true,"href":"https:\/\/www.europesays.com\/fi\/wp-json\/wp\/v2\/tags?post=41656"}],"curies":[{"name":"wp","href":"https:\/\/api.w.org\/{rel}","templated":true}]}}