{"id":41666,"date":"2025-09-21T23:07:11","date_gmt":"2025-09-21T23:07:11","guid":{"rendered":"https:\/\/www.europesays.com\/fi\/41666\/"},"modified":"2025-09-21T23:07:11","modified_gmt":"2025-09-21T23:07:11","slug":"prinssi-williamin-ahdistus-tallentui-kameroille","status":"publish","type":"post","link":"https:\/\/www.europesays.com\/fi\/41666\/","title":{"rendered":"Prinssi Williamin ahdistus tallentui kameroille"},"content":{"rendered":"<p>            All Over Press\n        <\/p>\n<p class=\"subtitle \">William kaipaisi kuninkaalta kovempia otteita set\u00e4ns\u00e4 suhteen.<\/p>\n<p class=\"article-content article-content-width !bg-background\">Ison-Britannian kuninkaallisen perheen keskin\u00e4iset ristiriidat ovat hyvin tiedossa. Kuningas  ja prinssi  suhde prinssi  ja t\u00e4m\u00e4n  -vaimoon on ollut umpisolmussa jo vuosia.\u00a0<\/p>\n<p class=\"article-content article-content-width !bg-background\">Yhdysvaltoihin draamaa paennut Harry ei kuitenkaan ole hovin ainoa musta lammas. Charlesin veli, prinssi  on ryvettynyt omissa kohuissaan, joiden syyt ovat huomattavasti synkempi\u00e4.\u00a0<\/p>\n<p>        <a itemprop=\"url\" href=\"https:\/\/www.seiska.fi\/kuninkaalliset\/muutos-prinsessa-catherinen-ulkonaossa-puhuttaa\/1908981\" rel=\"nofollow noopener\" target=\"_blank\"><\/p>\n<p>\nVau, mik\u00e4 tyyli!\n<\/p>\n<p class=\"section-date\">\n        <strong class=\"article-section\" data-section=\"kuninkaalliset\"><br \/>\n            kuninkaalliset<br \/>\n        <\/strong><br \/>\n        26.8. 07:00\n    <\/p>\n<p>    Muutos prinsessa Catherinen ulkon\u00e4\u00f6ss\u00e4 puhuttaa<\/p>\n<p itemprop=\"description\" class=\"subtitle \">\n    Prinsessa debytoi uuden hiustyylins\u00e4 koko perheen kirkkok\u00e4ynnill\u00e4.\n<\/p>\n<p>        <\/a><\/p>\n<p>Rankat syyt\u00f6kset<\/p>\n<p class=\"article-content article-content-width !bg-background\">Andrew&#8217;ta on syytetty useaan otteeseen ep\u00e4asiallisesta k\u00e4yt\u00f6ksest\u00e4.  tunnetuin uhri  syytti my\u00f6s Andrew&#8217;ta hyv\u00e4ksik\u00e4yt\u00f6st\u00e4. Virginian mukaan h\u00e4net pakotettiin harrastamaan 17-vuotiaana seksi\u00e4 prinssin kanssa kolmesti vuonna 2001.\u00a0<\/p>\n<p>                <img decoding=\"async\" src=\"https:\/\/www.europesays.com\/fi\/wp-content\/uploads\/2025\/09\/1937489.webp\" width=\"576\" height=\"476\" alt=\"Prinssi Andrew ja Virginia kuvattiin yhdess\u00e4 vuonna 2001.\" loading=\"lazy\" \/>            <\/p>\n<p>\n            Prinssi Andrew ja Virginia kuvattiin yhdess\u00e4 vuonna 2001.<br \/>\n            Shutterstock\/All Over Press\n        <\/p>\n<p class=\"article-content article-content-width !bg-background\">Andrew on kielt\u00e4nyt syyt\u00f6kset. Vuonna 2022 h\u00e4n teki asiassa sovintoratkaisun. Syytteist\u00e4 luovuttiin ja Andrew maksoi Virginialle korvauksia yli 14 miljoonaa euroa. Prinssi luopui kuninkaallisista teht\u00e4vist\u00e4\u00e4n saman vuoden tammikuussa.<\/p>\n<p>        <a itemprop=\"url\" href=\"https:\/\/www.seiska.fi\/kuninkaalliset\/kohupaljastus-prinsessa-dianasta-epailykset-herasivat\/1909122\" rel=\"nofollow noopener\" target=\"_blank\"><\/p>\n<p>\nEp\u00e4ilykset her\u00e4siv\u00e4t\n<\/p>\n<p class=\"section-date\">\n        <strong class=\"article-section\" data-section=\"kuninkaalliset\"><br \/>\n            kuninkaalliset<br \/>\n        <\/strong><br \/>\n        25.8. 19:00\n    <\/p>\n<p>    Kohupaljastus prinsessa Dianasta \u2013 ep\u00e4ilykset her\u00e4siv\u00e4t<\/p>\n<p itemprop=\"description\" class=\"subtitle \">\n    Ghislaine Maxwellin ulostulot ker\u00e4\u00e4v\u00e4t ihmettely\u00e4.\n<\/p>\n<p>        <\/a><\/p>\n<p class=\"article-content article-content-width !bg-background\">Epstein -kohusta sek\u00e4 teht\u00e4viens\u00e4 j\u00e4tt\u00e4misest\u00e4 huolimatta Andrew on yh\u00e4 tuttu n\u00e4ky muiden kuningasperheen j\u00e4senten rinnalla. Kaikki eiv\u00e4t kuitenkaan ole tilanteesta mieliss\u00e4\u00e4n. Erityisesti prinssi Williamin on kuvailtu olevan tyytym\u00e4t\u00f6n tapaan, jolla is\u00e4 Charles on tilanteen hoitanut.\u00a0<\/p>\n<p>William ei p\u00e4\u00e4ssyt karkuun<\/p>\n<p class=\"article-content article-content-width !bg-background\">Brittihovi kokoontui tiistaina 16. syyskuuta Kentin herttuatar  hautajaisiin. William l\u00f6ysi itsens\u00e4 kiusallisesta tilanteesta, kun Andrew ly\u00f6tt\u00e4ytyi h\u00e4nen seuraansa kesken surujuhlan. <a href=\"https:\/\/www.mirror.co.uk\/news\/royals\/expert-lip-reader-reveals-prince-35927187\" target=\"_blank\" rel=\"nofollow noopener\">Mirror<\/a> kertoo Williamin olleen set\u00e4ns\u00e4 toiminnasta raivoissaan.<\/p>\n<p>                <img decoding=\"async\" src=\"https:\/\/www.europesays.com\/fi\/wp-content\/uploads\/2025\/09\/1937485.webp\" width=\"576\" height=\"322\" alt=\"William ei ollut mieliss\u00e4\u00e4n, ett\u00e4 Andrew l\u00e4hestyi h\u00e4nt\u00e4 tilanteessa, josta ei ollut mahdollista poistua.\" loading=\"lazy\" \/>            <\/p>\n<p>\n            William ei ollut mieliss\u00e4\u00e4n, ett\u00e4 Andrew l\u00e4hestyi h\u00e4nt\u00e4 tilanteessa, josta ei ollut mahdollista poistua.<br \/>\n            AOP\n        <\/p>\n<p class=\"article-content article-content-width !bg-background\">Hautajaisissa otetuista kuvista ilmenee, ett\u00e4 Andrew asettui velejnpoikansa viereen seisomaan. William ei selv\u00e4stik\u00e4\u00e4n ole juttutuulella ja kaksikon v\u00e4lill\u00e4 vallitseva kiusallisuus v\u00e4littyy jopa stillikuvien v\u00e4lityksell\u00e4.<\/p>\n<p>        <a itemprop=\"url\" href=\"https:\/\/www.seiska.fi\/kuninkaalliset\/prinssi-andrew-raivosi-kotinsa-lahistolla-tassa-syy\/1898267\" rel=\"nofollow noopener\" target=\"_blank\"><\/p>\n<p>\nPrinssi Andrew raivostui\n<\/p>\n<p class=\"section-date\">\n        <strong class=\"article-section\" data-section=\"kuninkaalliset\"><br \/>\n            kuninkaalliset<br \/>\n        <\/strong><br \/>\n        15.8. 11:30\n    <\/p>\n<p>    Prinssi Andrew raivosi kotinsa l\u00e4hist\u00f6ll\u00e4 \u2013 t\u00e4ss\u00e4 syy<\/p>\n<p itemprop=\"description\" class=\"subtitle \">\n    Tiety\u00f6maan ty\u00f6ntekij\u00e4t joutuivat tahtomattaan prinssin raivon kohteeksi.\n<\/p>\n<p>        <\/a><\/p>\n<p class=\"article-content article-content-width !bg-background\">Mirrorin jututtaman asiantuntijan mukaan William on yritt\u00e4nyt tietoisesti et\u00e4\u00e4nnytt\u00e4\u00e4 itse\u00e4\u00e4n skandaali-sed\u00e4st\u00e4\u00e4n. H\u00e4n ei my\u00f6sk\u00e4\u00e4n toivo tulevansa kuvatuksi Andrew&#8217;n seurassa.\u00a0<\/p>\n<p>                <img decoding=\"async\" src=\"https:\/\/www.europesays.com\/fi\/wp-content\/uploads\/2025\/09\/1937487.webp\" width=\"576\" height=\"322\" alt=\"William katseli muualle Charlesin jutellessa Andrew'n kanssa.\" loading=\"lazy\" \/>            <\/p>\n<p>\n            William katseli muualle Charlesin jutellessa Andrew&#8217;n kanssa.<br \/>\n            James Veysey\/Shutterstock\/All Over Press\n        <\/p>\n<p class=\"article-content article-content-width !bg-background\">\u2013 H\u00e4n uskoo, ett\u00e4 Andrew ja  ovat heikent\u00e4neet teoillaan muiden kuninkaallisten tekem\u00e4\u00e4 hyv\u00e4\u00e4 ty\u00f6t\u00e4, asiantuntija toteaa.<\/p>\n<p>        <a itemprop=\"url\" href=\"https:\/\/www.seiska.fi\/kuninkaalliset\/kirjapaljastus-epsteinilla-raju-mielipide-prinssi-andrewsta\/1888632\" rel=\"nofollow noopener\" target=\"_blank\"><\/p>\n<p>\nKohupaljastus prinssi Andrew&#8217;sta\n<\/p>\n<p class=\"section-date\">\n        <strong class=\"article-section\" data-section=\"kuninkaalliset\"><br \/>\n            kuninkaalliset<br \/>\n        <\/strong><br \/>\n        4.8. 15:31\n    <\/p>\n<p>    Kirjapaljastus: Epsteinill\u00e4 raju mielipide prinssi Andrew&#8217;sta<\/p>\n<p itemprop=\"description\" class=\"subtitle \">\n    Kuningas Charlesin velje\u00e4 kutsutaan kirjassa muun muassa seksiaddiktiksi.\n<\/p>\n<p>        <\/a><\/p>\n","protected":false},"excerpt":{"rendered":"All Over Press William kaipaisi kuninkaalta kovempia otteita set\u00e4ns\u00e4 suhteen. Ison-Britannian kuninkaallisen perheen keskin\u00e4iset ristiriidat ovat hyvin tiedossa.&hellip;\n","protected":false},"author":2,"featured_media":41667,"comment_status":"","ping_status":"","sticky":false,"template":"","format":"standard","meta":{"footnotes":""},"categories":[130],"tags":[1721,137,33,31,30,3958,1383,11121,11122,4197,6468,1416,1724,4457,651,32,10777,9209,109,11123],"class_list":{"0":"post-41666","1":"post","2":"type-post","3":"status-publish","4":"format-standard","5":"has-post-thumbnail","7":"category-viihde","8":"tag-brittihovi","9":"tag-entertainment","10":"tag-fi","11":"tag-finland","12":"tag-finnish","13":"tag-hautajaiset","14":"tag-herttuatar-meghan","15":"tag-jeffrey-epstein","16":"tag-kohtaaminen","17":"tag-kuningas-charles","18":"tag-prinssi-andrew","19":"tag-prinssi-harry","20":"tag-prinssi-william","21":"tag-seksuaalirikos","22":"tag-suhteet","23":"tag-suomi","24":"tag-syytos","25":"tag-valirikko","26":"tag-viihde","27":"tag-virginia-giuffre"},"share_on_mastodon":{"url":"","error":""},"_links":{"self":[{"href":"https:\/\/www.europesays.com\/fi\/wp-json\/wp\/v2\/posts\/41666","targetHints":{"allow":["GET"]}}],"collection":[{"href":"https:\/\/www.europesays.com\/fi\/wp-json\/wp\/v2\/posts"}],"about":[{"href":"https:\/\/www.europesays.com\/fi\/wp-json\/wp\/v2\/types\/post"}],"author":[{"embeddable":true,"href":"https:\/\/www.europesays.com\/fi\/wp-json\/wp\/v2\/users\/2"}],"replies":[{"embeddable":true,"href":"https:\/\/www.europesays.com\/fi\/wp-json\/wp\/v2\/comments?post=41666"}],"version-history":[{"count":0,"href":"https:\/\/www.europesays.com\/fi\/wp-json\/wp\/v2\/posts\/41666\/revisions"}],"wp:featuredmedia":[{"embeddable":true,"href":"https:\/\/www.europesays.com\/fi\/wp-json\/wp\/v2\/media\/41667"}],"wp:attachment":[{"href":"https:\/\/www.europesays.com\/fi\/wp-json\/wp\/v2\/media?parent=41666"}],"wp:term":[{"taxonomy":"category","embeddable":true,"href":"https:\/\/www.europesays.com\/fi\/wp-json\/wp\/v2\/categories?post=41666"},{"taxonomy":"post_tag","embeddable":true,"href":"https:\/\/www.europesays.com\/fi\/wp-json\/wp\/v2\/tags?post=41666"}],"curies":[{"name":"wp","href":"https:\/\/api.w.org\/{rel}","templated":true}]}}