{"id":41800,"date":"2025-09-22T03:50:11","date_gmt":"2025-09-22T03:50:11","guid":{"rendered":"https:\/\/www.europesays.com\/fi\/41800\/"},"modified":"2025-09-22T03:50:11","modified_gmt":"2025-09-22T03:50:11","slug":"the-box-suomi-arvio-tallaista-ohjelmaa-suomessa-ei-olla-ennen-nahty-ja-siksi-se-kannattaa-katsoa","status":"publish","type":"post","link":"https:\/\/www.europesays.com\/fi\/41800\/","title":{"rendered":"The Box Suomi arvio: T\u00e4llaista ohjelmaa Suomessa ei olla ennen n\u00e4hty ja siksi se kannattaa katsoa"},"content":{"rendered":"<p>Upouudessa formaatissa julkkikset h\u00f6lm\u00f6ilev\u00e4t mink\u00e4 kerke\u00e4v\u00e4t. Lopputulos on yll\u00e4tt\u00e4v\u00e4n onnistunut ja outo tosi-tv-kisa, jollaista ei meill\u00e4 ole ennen n\u00e4hty.<\/p>\n<p class=\"article-body mb-nof-24 px-nof-16\">Tv-lehti arvioi: Tv-kanavat ovat t\u00e4ynn\u00e4 ohjelmia, joissa julkkikset kilpailevat milloin miss\u00e4kin p\u00f6pelik\u00f6ss\u00e4 rahapalkinnosta. Sit\u00e4 luulisi, ettei t\u00e4ss\u00e4 vaiheessa mik\u00e4\u00e4n tosi-tv-kisa en\u00e4\u00e4 yll\u00e4t\u00e4, mutta toisin k\u00e4vi.<\/p>\n<p class=\"article-body mb-nof-24 px-nof-16\">Suomessa upouusi formaatti The Box Suomi on niin h\u00e4mment\u00e4v\u00e4 tapaus, ettei ensimm\u00e4isen jakson j\u00e4lkeen oikein tied\u00e4, mit\u00e4 ihmett\u00e4 sit\u00e4 on tullut katsottua.<\/p>\n<p class=\"article-body mb-nof-24 px-nof-16\">Idea on yksinkertainen: 12 julkkista suorittaa teht\u00e4vi\u00e4 ilman vihjeit\u00e4. Sekoiluksihan se menee. Esimerkiksi ensimm\u00e4isess\u00e4 jaksossa heitell\u00e4\u00e4n kumikanaa ketun suuhun. Kaikki tosin eiv\u00e4t tajua, mit\u00e4 vinkuvalle kanalle pit\u00e4isi tehd\u00e4.<\/p>\n<p class=\"article-body mb-nof-24 px-nof-16\">The Box Suomi seilaa tyylillisesti jossain Suurmestarin h\u00f6lm\u00f6ilyn ja Myyr\u00e4ss\u00e4 n\u00e4htyjen pulmapelien v\u00e4limaastossa. Se on t\u00e4ysin j\u00e4rjet\u00f6n, mutta oudon viihdytt\u00e4v\u00e4 ohjelma. Siit\u00e4 iso kiitos kuuluu kilpailijakaartille, jossa mukana on muitakin kuin tosi-tv-konkareita.<\/p>\n<p><img decoding=\"async\" src=\"https:\/\/www.europesays.com\/fi\/wp-content\/uploads\/2025\/09\/1758513009_895_468.jpg\" alt=\"Ex-j\u00e4\u00e4kiekkoilija Marko Anttila nappaa pelin tiimellyksess\u00e4 mukaansa jos jonkinlaista rekvisiittaa.\" class=\"_Img_tdqg8_1\" style=\"aspect-ratio:1.5035238841033673\" loading=\"eager\"\/><\/p>\n<p class=\"article-picture-caption\">Ex-j\u00e4\u00e4kiekkoilija Marko Anttila nappaa pelin tiimellyksess\u00e4 mukaansa jos jonkinlaista rekvisiittaa. Kuva:\u00a0Saku Tiainen\/Sanoma<\/p>\n<p class=\"article-body mb-nof-24 px-nof-16\">Hyvinvointivalmentaja <a class=\"article-personlink\" href=\"https:\/\/www.is.fi\/haku\/?query=Karita%20Tykk%C3%A4\" rel=\"nofollow noopener\" target=\"_blank\">Karita Tykk\u00e4<\/a> on ensimm\u00e4ist\u00e4 kertaa mukana realityss\u00e4, eik\u00e4 kultaleijona <a class=\"article-personlink\" href=\"https:\/\/www.is.fi\/haku\/?query=Marko%20%E2%80%9DM%C3%B6rk%C3%B6%E2%80%9D%20Anttilakaan\" rel=\"nofollow noopener\" target=\"_blank\">Marko \u201dM\u00f6rk\u00f6\u201d Anttilakaan<\/a> ole viel\u00e4 ehtinyt marinoitua viihdeohjelmissa.<\/p>\n<p class=\"article-body mb-nof-24 px-nof-16\">Moni katsoja saattaa hieraista silmi\u00e4\u00e4n, kun Tanssii t\u00e4htien kanssa -parketillakin t\u00e4n\u00e4 syksyn\u00e4 liihotteleva M\u00f6rk\u00f6 painaa The Box Suomessa menem\u00e4\u00e4n pellemaski p\u00e4\u00e4ss\u00e4\u00e4n. H\u00e4n on jakson most valuable player, kisan arvokkain pelaaja. Mahtavaa heitt\u00e4ytymist\u00e4!<\/p>\n<p><img decoding=\"async\" src=\"https:\/\/www.europesays.com\/fi\/wp-content\/uploads\/2025\/09\/1758513010_242_468.jpg\" alt=\"Laatikkojen ovet aukeavat ja kilpailijoille paljastuu outo pelilauta. The Box Suomi perustuu norjalaiseen formaattiin.\" class=\"_Img_tdqg8_1\" style=\"aspect-ratio:1.5035238841033673\" loading=\"eager\"\/><\/p>\n<p class=\"article-picture-caption\">Laatikkojen ovet aukeavat ja kilpailijoille paljastuu outo pelilauta. The Box Suomi perustuu norjalaiseen formaattiin. Kuva:\u00a0Saku Tiainen\/Sanoma<\/p>\n<p class=\"article-body mb-nof-24 px-nof-16\">Paljastuupa kiekkoel\u00e4kel\u00e4isest\u00e4 my\u00f6s kisassa uusia puolia, kun Anttila tekee katalan tempun kanssakilpailijalleen. Tarkoituksena on etsi\u00e4 keltaisia palikoita ja asettaa ne numeroidulle pelilaudalle. He eiv\u00e4t tied\u00e4, mit\u00e4 numerot tarkoittavat ja miksi palasissa on pelaajien kuvat.<\/p>\n<p><img decoding=\"async\" src=\"https:\/\/www.europesays.com\/fi\/wp-content\/uploads\/2025\/09\/1758513011_724_468.jpg\" alt=\"The Box Suomessa mukana ovat Karita Tykk\u00e4, Sauli Koskinen, Juuso Karikuusi, Amelie Blauberg, Eevi Teittinen, Janne Gr\u00f6nroos, Taru Valkeap\u00e4\u00e4, Marko Anttila, Ina Mikkola, Fathi Ahmed, Alharith \u201dAlha\u201d Obaid ja Bakari \u201dBaka\u201d Diarra.\" class=\"_Img_tdqg8_1\" style=\"aspect-ratio:1.5035238841033673\" loading=\"eager\"\/><\/p>\n<p class=\"article-picture-caption\">The Box Suomessa mukana ovat Karita Tykk\u00e4, Sauli Koskinen, Juuso Karikuusi, Amelie Blauberg, Eevi Teittinen, Janne Gr\u00f6nroos, Taru Valkeap\u00e4\u00e4, Marko Anttila, Ina Mikkola, Fathi Ahmed, Alharith \u201dAlha\u201d Obaid ja Bakari \u201dBaka\u201d Diarra. Kuva:\u00a0Saku Tiainen\/Sanoma<\/p>\n<p><img decoding=\"async\" src=\"https:\/\/www.europesays.com\/fi\/wp-content\/uploads\/2025\/09\/1758513011_20_468.jpg\" alt=\"Jo Petollisissa vimmattua voitontahtoaan v\u00e4l\u00e4ytellyt Janne Gr\u00f6nroos ei halua j\u00e4\u00e4d\u00e4 viimeiseksi.\" class=\"_Img_tdqg8_1\" style=\"aspect-ratio:1.5035238841033673\" loading=\"eager\"\/><\/p>\n<p class=\"article-picture-caption\">Jo Petollisissa vimmattua voitontahtoaan v\u00e4l\u00e4ytellyt Janne Gr\u00f6nroos ei halua j\u00e4\u00e4d\u00e4 viimeiseksi. Kuva:\u00a0Saku Tiainen\/Sanoma<\/p>\n<p class=\"article-body mb-nof-24 px-nof-16\">Anttila pelk\u00e4\u00e4 putoavansa kisasta, jos ei l\u00f6yd\u00e4 omalla naamallaan koristettua palikkaa. H\u00e4n ly\u00f6 hynttyyt yhteen toimittaja <a class=\"article-personlink\" href=\"https:\/\/www.is.fi\/haku\/?query=Janne%20Gr%C3%B6nroosin\" rel=\"nofollow noopener\" target=\"_blank\">Janne Gr\u00f6nroosin<\/a> kanssa ja parivaljakko sopii auttavansa toisiaan etsinn\u00e4ss\u00e4.<\/p>\n<p class=\"article-body mb-nof-24 px-nof-16\">Anttila saa Gr\u00f6nroosilta oman palasensa, mutta p\u00e4\u00e4tt\u00e4\u00e4 salata, ett\u00e4 on l\u00f6yt\u00e4nyt Gr\u00f6nroosin palikan. M\u00f6rk\u00f6 piilottaa palasen ja pinkaisee juoksuun. H\u00f6lmistynyt Gr\u00f6nroos j\u00e4\u00e4 nuolemaan n\u00e4ppej\u00e4\u00e4n.<\/p>\n<p class=\"article-body mb-nof-24 px-nof-16\">\u2013 Pidin M\u00f6rk\u00f6\u00e4 rehtiyden perikuvana! Gr\u00f6nroos parkaisee, kun temppu paljastuu.<\/p>\n<p class=\"article-body mb-nof-24 px-nof-16\">The Box Suomi imaisee mukaansa kuin varkain. Eih\u00e4n t\u00e4st\u00e4 h\u00f6lm\u00f6ilyst\u00e4 voi olla pit\u00e4m\u00e4tt\u00e4. Saa n\u00e4hd\u00e4, jaksaako toilailu kantaa 12 jakson verran.<\/p>\n<p class=\"article-body nof-ui-body-medium mb-nof-24 px-nof-16\">The Box Suomi alkaa Ruudussa ja Nelosella ma 22. syyskuuta. Nelonen ja Ilta-Sanomat kuuluvat samaan Sanoma-konserniin.<\/p>\n","protected":false},"excerpt":{"rendered":"Upouudessa formaatissa julkkikset h\u00f6lm\u00f6ilev\u00e4t mink\u00e4 kerke\u00e4v\u00e4t. Lopputulos on yll\u00e4tt\u00e4v\u00e4n onnistunut ja outo tosi-tv-kisa, jollaista ei meill\u00e4 ole ennen&hellip;\n","protected":false},"author":2,"featured_media":41801,"comment_status":"","ping_status":"","sticky":false,"template":"","format":"standard","meta":{"footnotes":""},"categories":[133],"tags":[137,33,31,30,34,32,206,156,109],"class_list":{"0":"post-41800","1":"post","2":"type-post","3":"status-publish","4":"format-standard","5":"has-post-thumbnail","7":"category-televisiot","8":"tag-entertainment","9":"tag-fi","10":"tag-finland","11":"tag-finnish","12":"tag-ilta-sanomat","13":"tag-suomi","14":"tag-televisiot","15":"tag-tv","16":"tag-viihde"},"share_on_mastodon":{"url":"","error":""},"_links":{"self":[{"href":"https:\/\/www.europesays.com\/fi\/wp-json\/wp\/v2\/posts\/41800","targetHints":{"allow":["GET"]}}],"collection":[{"href":"https:\/\/www.europesays.com\/fi\/wp-json\/wp\/v2\/posts"}],"about":[{"href":"https:\/\/www.europesays.com\/fi\/wp-json\/wp\/v2\/types\/post"}],"author":[{"embeddable":true,"href":"https:\/\/www.europesays.com\/fi\/wp-json\/wp\/v2\/users\/2"}],"replies":[{"embeddable":true,"href":"https:\/\/www.europesays.com\/fi\/wp-json\/wp\/v2\/comments?post=41800"}],"version-history":[{"count":0,"href":"https:\/\/www.europesays.com\/fi\/wp-json\/wp\/v2\/posts\/41800\/revisions"}],"wp:featuredmedia":[{"embeddable":true,"href":"https:\/\/www.europesays.com\/fi\/wp-json\/wp\/v2\/media\/41801"}],"wp:attachment":[{"href":"https:\/\/www.europesays.com\/fi\/wp-json\/wp\/v2\/media?parent=41800"}],"wp:term":[{"taxonomy":"category","embeddable":true,"href":"https:\/\/www.europesays.com\/fi\/wp-json\/wp\/v2\/categories?post=41800"},{"taxonomy":"post_tag","embeddable":true,"href":"https:\/\/www.europesays.com\/fi\/wp-json\/wp\/v2\/tags?post=41800"}],"curies":[{"name":"wp","href":"https:\/\/api.w.org\/{rel}","templated":true}]}}