{"id":41921,"date":"2025-09-22T06:57:09","date_gmt":"2025-09-22T06:57:09","guid":{"rendered":"https:\/\/www.europesays.com\/fi\/41921\/"},"modified":"2025-09-22T06:57:09","modified_gmt":"2025-09-22T06:57:09","slug":"pienet-katastrofit-on-varma-hitti","status":"publish","type":"post","link":"https:\/\/www.europesays.com\/fi\/41921\/","title":{"rendered":"Pienet katastrofit on varma hitti"},"content":{"rendered":"<p>Big Little Lies -sarjan mieleen tuova Pienet katastrofit on kuusiosainen koukuttava uutuussarja.<\/p>\n<p class=\"article-body mb-nof-24 px-nof-16\">Tv-lehti arvioi: Kuka on satuttanut pient\u00e4 vauvaa? Kun t\u00e4ydellisen\u00e4 \u00e4itin\u00e4 tunnetun Jessin (<a class=\"article-personlink\" href=\"https:\/\/www.is.fi\/haku\/?query=Diane%20Kruger\" rel=\"nofollow noopener\" target=\"_blank\">Diane Kruger<\/a>) vauva joutuu sairaalaan, koko tiivis yst\u00e4v\u00e4porukka p\u00e4\u00e4tyy valtavan paineen alle.<\/p>\n<p class=\"article-body mb-nof-24 px-nof-16\">Jess on \u00e4iti, joka ei rokotuta lapsiaan ja on niin varovainen, ett\u00e4 k\u00e4skee nuoret poikansa pois huoneesta leikatessaan leip\u00e4veitsell\u00e4. Yst\u00e4v\u00e4 Liz (<a class=\"article-personlink\" href=\"https:\/\/www.is.fi\/haku\/?query=Jo%20Joyner\" rel=\"nofollow noopener\" target=\"_blank\">Jo Joyner<\/a>), joka ty\u00f6skentelee l\u00e4\u00e4k\u00e4rin\u00e4, kauhistuu tutun vauvan saapuessa huonossa kunnossa hoitoon.<\/p>\n<p class=\"article-body mb-nof-24 px-nof-16\"><a class=\"article-personlink\" href=\"https:\/\/www.is.fi\/haku\/?query=Sarah%20Vaughanin\" rel=\"nofollow noopener\" target=\"_blank\">Sarah Vaughanin<\/a> romaaniin pohjautuvassa Pienet katastrofit -sarjassa Lizin on pakon edess\u00e4 teht\u00e4v\u00e4 lastensuojeluilmoitus, ja se k\u00e4ynnist\u00e4\u00e4 raastavan taistelun.<\/p>\n<p class=\"article-body mb-nof-24 px-nof-16\">Jess joutuu syyt\u00f6sten silm\u00e4\u00e4n ja tilanteeseen, jossa h\u00e4nen ei anneta en\u00e4\u00e4 tavata omia lapsiaan. Pikkuhiljaa ilmenee, etteiv\u00e4t yst\u00e4v\u00e4-\u00e4idit ja -is\u00e4tk\u00e4\u00e4n ole puhtaita pulmusia. Kuka on salaa rakastunut toisen aviomieheen? Kenen mies on oikea peto?<\/p>\n<p class=\"article-body mb-nof-24 px-nof-16\">Ent\u00e4 onko Jessin pojilla jotain salattavaa? Tai aviomies Edill\u00e4 (<a class=\"article-personlink\" href=\"https:\/\/www.is.fi\/haku\/?query=JJ%20Feild\" rel=\"nofollow noopener\" target=\"_blank\">JJ Feild<\/a>)? Vyyhti paisuu ja marssittaa valokeilaan vuoron per\u00e4\u00e4n ep\u00e4ilytt\u00e4vi\u00e4 ehdokkaita vauvan pahoinpitelij\u00e4ksi.<\/p>\n<p class=\"article-body mb-nof-24 px-nof-16\">Sarjassa on paljon vetoavaa, mutta my\u00f6s kyseenalaisia tyylivalintoja. Niin kutsuttu nelj\u00e4s sein\u00e4 rikotaan jo aloitusjaksossa, kun hahmot puhuvat suoraan katsojalle. Kikka tuntuu ep\u00e4olennaiselta \u2013 vaikka lopussa syy kuvaustapaan selvi\u00e4\u00e4.<\/p>\n<p class=\"article-body mb-nof-24 px-nof-16\">Sarja olisi intensiivisempi ilman n\u00e4it\u00e4 keskeytyksi\u00e4. My\u00f6s se, ett\u00e4 mielen sis\u00e4isi\u00e4, ep\u00e4todellisia uhkakuvia ja takaumia n\u00e4ytet\u00e4\u00e4n usein, vaatii keskittymist\u00e4 ja vie tehoa.<\/p>\n<p class=\"article-body mb-nof-24 px-nof-16\">P\u00e4\u00e4teema, \u00e4itiyden eri muodot ja pime\u00e4n puolen ilmentym\u00e4t, on selke\u00e4 ja perusteltu, mutta lis\u00e4teemoja on turhan paljon: synnytyksen j\u00e4lkeist\u00e4 masennusta, paniikkih\u00e4iri\u00f6t\u00e4, luokkaeroja, aviorikosta, huonoa synnytyskokemusta, luomu\u00e4itiytt\u00e4, ura\u00e4itiytt\u00e4\u2026<\/p>\n<p class=\"article-body mb-nof-24 px-nof-16\">N\u00e4ist\u00e4 piirteist\u00e4 huolimatta Ylen uutuus nappaa takuuvarmasti otteeseensa. Etenkin jaksojen cliffhanger-lopetukset ovat tehokkaita. Lapsin\u00e4yttelij\u00f6ist\u00e4 etenkin Frankie-poikaa esitt\u00e4v\u00e4 <a class=\"article-personlink\" href=\"https:\/\/www.is.fi\/haku\/?query=Jax%20James\" rel=\"nofollow noopener\" target=\"_blank\">Jax James <\/a>on erinomaisesti el\u00e4ytyv\u00e4.<\/p>\n<p class=\"article-body mb-nof-24 px-nof-16\"><a class=\"article-personlink\" href=\"https:\/\/www.is.fi\/haku\/?query=Diane%20Kruger\" rel=\"nofollow noopener\" target=\"_blank\">Diane Kruger <\/a>n\u00e4yttelee ahdistunutta \u00e4iti\u00e4 uskottavasti mutta hieman et\u00e4isesti. Maanl\u00e4heisempi\u00e4 ovat Joynerin esitt\u00e4m\u00e4 Liz ja <a class=\"article-personlink\" href=\"https:\/\/www.is.fi\/haku\/?query=Emily%20Taaffen\" rel=\"nofollow noopener\" target=\"_blank\">Emily Taaffen<\/a> hahmo Meg. Nelj\u00e4nten\u00e4 \u00e4itin\u00e4 n\u00e4hd\u00e4\u00e4n Bridgertonista tuttu <a class=\"article-personlink\" href=\"https:\/\/www.is.fi\/haku\/?query=Shelley%20Conn\" rel=\"nofollow noopener\" target=\"_blank\">Shelley Conn<\/a>.<\/p>\n<p><img decoding=\"async\" src=\"https:\/\/www.europesays.com\/fi\/wp-content\/uploads\/2025\/09\/1758524229_78_468.jpg\" alt=\"Diane Kruger ja JJ Feild esitt\u00e4v\u00e4t pariskuntaa, jonka v\u00e4lit alkavat rakoilla vakavien syyt\u00f6sten kohdistuessa toiseen puolisoon.\" class=\"_Img_tdqg8_1\" style=\"aspect-ratio:1.5\" loading=\"eager\"\/><\/p>\n<p class=\"article-picture-caption\">Diane Kruger ja JJ Feild esitt\u00e4v\u00e4t pariskuntaa, jonka v\u00e4lit alkavat rakoilla vakavien syyt\u00f6sten kohdistuessa toiseen puolisoon. Kuva:\u00a0YLE\/PARAMOUNT GLOBAL\/ROUGHCUT<\/p>\n<p class=\"article-body mb-nof-24 px-nof-16\">Loppuratkaisu on alleviivatusti mutkat suoristava. Sarjan katsojista kriittisimm\u00e4t ovat kuvailleet sit\u00e4 muun muassa n\u00e4in: \u201dKauhea, kauhea loppu, jossa k\u00e4sikirjoittajat p\u00e4\u00e4tt\u00e4v\u00e4t k\u00e4\u00e4ri\u00e4 kaiken siististi pakettiin ja pyyhki\u00e4 pois kaikki mielenkiintoiset vivahteet.\u201d<\/p>\n<p class=\"article-body mb-nof-24 px-nof-16\">Sarjan ansioksi on sanottava, ett\u00e4 muutamat muutkin loppuvaihtoehdot el\u00e4v\u00e4t rinnalla pitk\u00e4\u00e4n, joten t\u00e4ysin ennalta-arvattava lopetus ei sent\u00e4\u00e4n ole.<\/p>\n<p class=\"article-body mb-nof-24 px-nof-16\">Diane Kruger muistetaan Troijan Helenan roolista elokuvassa Troija (2004), jossa h\u00e4n n\u00e4ytteli <a class=\"article-personlink\" href=\"https:\/\/www.is.fi\/haku\/?query=Brad%20Pittin\" rel=\"nofollow noopener\" target=\"_blank\">Brad Pittin<\/a> ja <a class=\"article-personlink\" href=\"https:\/\/www.is.fi\/haku\/?query=Orlando%20Bloomin\" rel=\"nofollow noopener\" target=\"_blank\">Orlando Bloomin<\/a> rinnalla. Saksalaistaustainen n\u00e4yttelij\u00e4 on ty\u00f6skennellyt my\u00f6s mallina.<\/p>\n<p class=\"article-body mb-nof-24 px-nof-16\">Kruger on t\u00e4h\u00e4n sarjaan liittyviss\u00e4 haastatteluissa painottanut \u00e4itimyytin k\u00e4sittelyn t\u00e4rkeytt\u00e4. H\u00e4n on kertonut ammentaneensa rooliinsa omista kokemuksistaan ja tunteistaan.<\/p>\n<p><img decoding=\"async\" src=\"https:\/\/www.europesays.com\/fi\/wp-content\/uploads\/2025\/09\/1758524229_593_468.jpg\" alt=\"Jo Joner (oik.) n\u00e4yttelee hienosti l\u00e4\u00e4k\u00e4ri\u00e4, jonka on pakko tehd\u00e4 yst\u00e4v\u00e4st\u00e4\u00e4n (Diane Kruger) ilmoitus sosiaaliviranomaisille.\" class=\"_Img_tdqg8_1\" style=\"aspect-ratio:1\" loading=\"eager\"\/><\/p>\n<p class=\"article-picture-caption\">Jo Joner (oik.) n\u00e4yttelee hienosti l\u00e4\u00e4k\u00e4ri\u00e4, jonka on pakko tehd\u00e4 yst\u00e4v\u00e4st\u00e4\u00e4n (Diane Kruger) ilmoitus sosiaaliviranomaisille. Kuva:\u00a0YLE\/PARAMOUNT GLOBAL\/ROUGHCUT<\/p>\n<p class=\"article-body mb-nof-24 px-nof-16\">\u2013 \u00c4idit kokevat usein valtavaa painetta tehd\u00e4 asiat oikein, ja silloin heiss\u00e4 saattaa her\u00e4t\u00e4 tarve syytell\u00e4 muita. \u00c4itin\u00e4 itsekin tunnen suurta empatiaa Jessi\u00e4 kohtaan.<\/p>\n<p class=\"article-body mb-nof-24 px-nof-16\">\u2013 My\u00f6s minulla on ehdottomasti huono \u00e4iti -oloja \u2013 esimerkiksi kuvauksissa teen todella pitki\u00e4 p\u00e4ivi\u00e4 ja samalla yrit\u00e4n hoitaa kaikkia muitakin asioita ja olla paras \u00e4iti.<\/p>\n<p class=\"article-body mb-nof-24 px-nof-16\"><a class=\"article-personlink\" href=\"https:\/\/www.is.fi\/haku\/?query=Shelley%20Conn\" rel=\"nofollow noopener\" target=\"_blank\">Shelley Conn<\/a> puolestaan totesi k\u00e4sikirjoitusta lukiessaan:<\/p>\n<p class=\"article-body mb-nof-24 px-nof-16\">\u2013 Niin moni tiet\u00e4\u00e4, kuinka vanhemmuus muuttaa parisuhdetta ja my\u00f6s naisten v\u00e4lisi\u00e4 yst\u00e4vyyssuhteita. Ajattelin heti, ett\u00e4 oi, kaikki, jotka tunnen, haluavat katsoa t\u00e4m\u00e4n sarjan!<\/p>\n<p class=\"article-body nof-ui-body-medium mb-nof-24 px-nof-16\">Pienet katastrofit TV1 klo 22.02 alkaen maanantaina 22.9.<\/p>\n","protected":false},"excerpt":{"rendered":"Big Little Lies -sarjan mieleen tuova Pienet katastrofit on kuusiosainen koukuttava uutuussarja. Tv-lehti arvioi: Kuka on satuttanut pient\u00e4&hellip;\n","protected":false},"author":2,"featured_media":41922,"comment_status":"","ping_status":"","sticky":false,"template":"","format":"standard","meta":{"footnotes":""},"categories":[130],"tags":[137,33,31,30,34,32,109],"class_list":{"0":"post-41921","1":"post","2":"type-post","3":"status-publish","4":"format-standard","5":"has-post-thumbnail","7":"category-viihde","8":"tag-entertainment","9":"tag-fi","10":"tag-finland","11":"tag-finnish","12":"tag-ilta-sanomat","13":"tag-suomi","14":"tag-viihde"},"share_on_mastodon":{"url":"","error":""},"_links":{"self":[{"href":"https:\/\/www.europesays.com\/fi\/wp-json\/wp\/v2\/posts\/41921","targetHints":{"allow":["GET"]}}],"collection":[{"href":"https:\/\/www.europesays.com\/fi\/wp-json\/wp\/v2\/posts"}],"about":[{"href":"https:\/\/www.europesays.com\/fi\/wp-json\/wp\/v2\/types\/post"}],"author":[{"embeddable":true,"href":"https:\/\/www.europesays.com\/fi\/wp-json\/wp\/v2\/users\/2"}],"replies":[{"embeddable":true,"href":"https:\/\/www.europesays.com\/fi\/wp-json\/wp\/v2\/comments?post=41921"}],"version-history":[{"count":0,"href":"https:\/\/www.europesays.com\/fi\/wp-json\/wp\/v2\/posts\/41921\/revisions"}],"wp:featuredmedia":[{"embeddable":true,"href":"https:\/\/www.europesays.com\/fi\/wp-json\/wp\/v2\/media\/41922"}],"wp:attachment":[{"href":"https:\/\/www.europesays.com\/fi\/wp-json\/wp\/v2\/media?parent=41921"}],"wp:term":[{"taxonomy":"category","embeddable":true,"href":"https:\/\/www.europesays.com\/fi\/wp-json\/wp\/v2\/categories?post=41921"},{"taxonomy":"post_tag","embeddable":true,"href":"https:\/\/www.europesays.com\/fi\/wp-json\/wp\/v2\/tags?post=41921"}],"curies":[{"name":"wp","href":"https:\/\/api.w.org\/{rel}","templated":true}]}}