{"id":41977,"date":"2025-09-22T08:12:06","date_gmt":"2025-09-22T08:12:06","guid":{"rendered":"https:\/\/www.europesays.com\/fi\/41977\/"},"modified":"2025-09-22T08:12:06","modified_gmt":"2025-09-22T08:12:06","slug":"sisu-2-sai-ensi-iltansa-usassa-ensimmaiset-arviot-lupaavat-toimintaleffasta-hyvaa","status":"publish","type":"post","link":"https:\/\/www.europesays.com\/fi\/41977\/","title":{"rendered":"Sisu 2 sai ensi-iltansa USA:ssa &#8211; ensimm\u00e4iset arviot lupaavat toimintaleffasta hyv\u00e4\u00e4"},"content":{"rendered":"\n<p><strong>Jalmari Helanderin ohjaama Sisu 2 sai maailmanensi-iltansa sunnuntaina Yhdysvalloissa.\u00a0<\/strong><\/p>\n<p><a href=\"https:\/\/muropaketti.com\/avainsana\/sisu-2\/\" rel=\"nofollow noopener\" target=\"_blank\">Sisu 2<\/a> eli Sisu: Road to Revenge esitettiin ensimm\u00e4ist\u00e4 kertaa yleis\u00f6lle eilen Teksasin Austinissa j\u00e4rjestett\u00e4vill\u00e4 Fantastic Festeill\u00e4. Samassa yhteydess\u00e4 selvisi Sisu 2:n pituus; elokuvalla on mittaa kompaktit 88 minuuttia eli kolme minuuttia v\u00e4hemm\u00e4n kuin ensimm\u00e4isell\u00e4.<\/p>\n<p>Sisu 2 esitet\u00e4\u00e4n my\u00f6s Espanjan Sitgesin elokuvajuhlilla 9.-19. lokakuuta, ja marraskuussa on sitten laajemman jenkkilevityksen vuoro.<\/p>\n<p>Suomen teattereihin Sisu 2 saapuu keskiviikkona 22. lokakuuta.<\/p>\n<p>Sisu 2:sta on jo pari ensimm\u00e4ist\u00e4 arviota linjoilla ja my\u00f6s\u00a0ensimm\u00e4isi\u00e4 somereaktioita voi jo bongailla linjoilta. Isoimmat elokuvamediat eiv\u00e4t ole viel\u00e4 ehtineet aiheeseen tarttua, mutta esimerkiksi <a href=\"https:\/\/nerdtropolis.com\/sisu-road-to-revenge-fantastic-fest-review\/\" target=\"_blank\" rel=\"noopener nofollow\">Nerdtropolis<\/a> ja <a href=\"https:\/\/www.austinchronicle.com\/daily\/screens\/2025-09-21\/fantastic-fest-review-sisu-road-to-revenge\/\" target=\"_blank\" rel=\"noopener nofollow\">The Austin Chronicle<\/a> ovat Sisu 2:a kehuneet, mik\u00e4 povaa hyv\u00e4\u00e4.<\/p>\n<p>Odotettua elokuvaa esitet\u00e4\u00e4n Fantastic Festeill\u00e4 viel\u00e4 keskiviikkona.<\/p>\n<blockquote class=\"tiktok-embed\" style=\"max-width: 605px; min-width: 325px;\" cite=\"https:\/\/www.tiktok.com\/@codyleachreviews\/video\/7552754028929764621\" data-video-id=\"7552754028929764621\"><p>\n<a title=\"@codyleachreviews\" href=\"https:\/\/www.tiktok.com\/@codyleachreviews?refer=embed\" target=\"_blank\" rel=\"noopener nofollow\">@codyleachreviews<\/a> SISU: Road to Revenge was a carnage-filled thrill ride from start to finish. LOVED IT! <a title=\"fantasticfest2025\" href=\"https:\/\/www.tiktok.com\/tag\/fantasticfest2025?refer=embed\" target=\"_blank\" rel=\"noopener nofollow\">#FantasticFest2025<\/a> <a title=\"sisu\" href=\"https:\/\/www.tiktok.com\/tag\/sisu?refer=embed\" target=\"_blank\" rel=\"noopener nofollow\">#SISU<\/a> <a title=\"action\" href=\"https:\/\/www.tiktok.com\/tag\/action?refer=embed\" target=\"_blank\" rel=\"noopener nofollow\">#Action<\/a> <a title=\"movie\" href=\"https:\/\/www.tiktok.com\/tag\/movie?refer=embed\" target=\"_blank\" rel=\"noopener nofollow\">#Movie<\/a> <a title=\"moviereview\" href=\"https:\/\/www.tiktok.com\/tag\/moviereview?refer=embed\" target=\"_blank\" rel=\"noopener nofollow\">#MovieReview<\/a> <a title=\"\u266c original sound - Cody Leach\" href=\"https:\/\/www.tiktok.com\/music\/original-sound-7552754155492805431?refer=embed\" target=\"_blank\" rel=\"noopener nofollow\">\u266c original sound \u2013 Cody Leach<\/a>\n<\/p><\/blockquote>\n<p><script async src=\"\/\/www.tiktok.com\/embed.js\"><\/script><\/p>\n","protected":false},"excerpt":{"rendered":"Jalmari Helanderin ohjaama Sisu 2 sai maailmanensi-iltansa sunnuntaina Yhdysvalloissa.\u00a0 Sisu 2 eli Sisu: Road to Revenge esitettiin ensimm\u00e4ist\u00e4&hellip;\n","protected":false},"author":2,"featured_media":19635,"comment_status":"","ping_status":"","sticky":false,"template":"","format":"standard","meta":{"footnotes":""},"categories":[131],"tags":[155,137,33,173,31,30,172,32,109],"class_list":{"0":"post-41977","1":"post","2":"type-post","3":"status-publish","4":"format-standard","5":"has-post-thumbnail","7":"category-elokuvat","8":"tag-elokuvat","9":"tag-entertainment","10":"tag-fi","11":"tag-film","12":"tag-finland","13":"tag-finnish","14":"tag-movies","15":"tag-suomi","16":"tag-viihde"},"share_on_mastodon":{"url":"","error":""},"_links":{"self":[{"href":"https:\/\/www.europesays.com\/fi\/wp-json\/wp\/v2\/posts\/41977","targetHints":{"allow":["GET"]}}],"collection":[{"href":"https:\/\/www.europesays.com\/fi\/wp-json\/wp\/v2\/posts"}],"about":[{"href":"https:\/\/www.europesays.com\/fi\/wp-json\/wp\/v2\/types\/post"}],"author":[{"embeddable":true,"href":"https:\/\/www.europesays.com\/fi\/wp-json\/wp\/v2\/users\/2"}],"replies":[{"embeddable":true,"href":"https:\/\/www.europesays.com\/fi\/wp-json\/wp\/v2\/comments?post=41977"}],"version-history":[{"count":0,"href":"https:\/\/www.europesays.com\/fi\/wp-json\/wp\/v2\/posts\/41977\/revisions"}],"wp:featuredmedia":[{"embeddable":true,"href":"https:\/\/www.europesays.com\/fi\/wp-json\/wp\/v2\/media\/19635"}],"wp:attachment":[{"href":"https:\/\/www.europesays.com\/fi\/wp-json\/wp\/v2\/media?parent=41977"}],"wp:term":[{"taxonomy":"category","embeddable":true,"href":"https:\/\/www.europesays.com\/fi\/wp-json\/wp\/v2\/categories?post=41977"},{"taxonomy":"post_tag","embeddable":true,"href":"https:\/\/www.europesays.com\/fi\/wp-json\/wp\/v2\/tags?post=41977"}],"curies":[{"name":"wp","href":"https:\/\/api.w.org\/{rel}","templated":true}]}}