{"id":41991,"date":"2025-09-22T08:33:09","date_gmt":"2025-09-22T08:33:09","guid":{"rendered":"https:\/\/www.europesays.com\/fi\/41991\/"},"modified":"2025-09-22T08:33:09","modified_gmt":"2025-09-22T08:33:09","slug":"harry-styles-taraytti-kovan-ajan-maratonilla-alexander-stubb-juoksi-aikoinaan-saman-kisan","status":"publish","type":"post","link":"https:\/\/www.europesays.com\/fi\/41991\/","title":{"rendered":"Harry Styles t\u00e4r\u00e4ytti kovan ajan maratonilla \u2013 Alexander Stubb juoksi aikoinaan saman kisan"},"content":{"rendered":"<p>Popt\u00e4hti teki enn\u00e4tyksens\u00e4 Berliiniss\u00e4.<\/p>\n<p><img decoding=\"async\" class=\"image image-show image-preview\" src=\"https:\/\/www.europesays.com\/fi\/wp-content\/uploads\/2025\/09\/85d885225bbe9dd04e0823bd125dcddbe42d3e1336c1bd6977dd990100502a1a.jpg\" alt=\"\"\/><img decoding=\"async\" class=\"image image-show\" src=\"https:\/\/www.europesays.com\/fi\/wp-content\/uploads\/2025\/09\/1758529989_882_85d885225bbe9dd04e0823bd125dcddbe42d3e1336c1bd6977dd990100502a1a.jpg\" alt=\"\"\/><\/p>\n<p>Harry Styles on kovassa kunnossa. ZumaWire \/ MVPHOTOS<\/p>\n<p class=\"paragraph\"><strong>Harry Styles<\/strong>, 31, juoksi sunnuntaina Berliinin maratonin aikaan 2.59.13. Kyseess\u00e4 oli popt\u00e4hden oma enn\u00e4tys ja melko kova aika harrastelijalle.<\/p>\n<p class=\"paragraph\">Suomen presidentti <strong>Alexander Stubb<\/strong> kertoi toukokuussa 2023 viestipalvelu X:ss\u00e4, ett\u00e4 h\u00e4n juoksi Berliinin maratonin kolmeen tuntiin ja 11 minuuttiin vuonna 2014. Stubb toimi tuolloin Suomen p\u00e4\u00e4ministerin\u00e4, ja h\u00e4nell\u00e4 oli ik\u00e4\u00e4 46 vuotta.<\/p>\n<p class=\"paragraph\">Vuotta my\u00f6hemmin Stubb paransi Frankfurtissa enn\u00e4tyst\u00e4\u00e4n lukemiin 3.08.<\/p>\n<p class=\"paragraph\">Jos Stubbin viesti ei n\u00e4y laitteessasi, voit katsoa sen <a href=\"https:\/\/x.com\/alexstubb\/status\/1663228527343288344\" rel=\"noopener nofollow\">t\u00e4\u00e4lt\u00e4<\/a>.<\/p>\n<p class=\"paragraph\">Berliinin maratonin voitti t\u00e4n\u00e4 vuonna Kenian <strong>Sabastian Sawe<\/strong> ajalla 2.02.16. Naisten sarjassa ykk\u00f6seksi juoksi Kenian <strong>Rosemary Wanjiru<\/strong> ( 2.21.05).<\/p>\n<p class=\"paragraph\">Stylesin pit\u00e4\u00e4 huippukunnossa h\u00e4nen henkil\u00f6kohtainen valmentajansa <strong>Thibo David<\/strong>.<\/p>\n<p class=\"paragraph\">\u2013 Ennen kiertuetta Harrylle t\u00e4rkeint\u00e4 on kest\u00e4vyyden parantaminen, energiatasojen yll\u00e4pit\u00e4minen ja loukkaantumisten v\u00e4ltt\u00e4minen. H\u00e4nen kiertueensa ovat \u00e4\u00e4rimm\u00e4isen vaativia sek\u00e4 fyysisesti ett\u00e4 henkisesti. Ne sis\u00e4lt\u00e4v\u00e4t pitki\u00e4 esityksi\u00e4, matkustamista ja rajallista palautumisaikaa, David on todennut <a href=\"https:\/\/www.hellomagazine.com\/celebrities\/857043\/harry-styles-surpasses-professional-athletes-as-he-runs-berlin-marathon-in-incredible-time\/\" rel=\"noopener nofollow\" target=\"_blank\">Hello!-lehden<\/a> mukaan.<\/p>\n<p class=\"paragraph\">Styles nousi julkisuuteen poikab\u00e4ndi One Directionissa, mink\u00e4 j\u00e4lkeen h\u00e4n l\u00e4hti luomaan soolouraa. Yksi Grammy-voittajan hittibiiseist\u00e4 on esimerkiksi Watermelon Sugar.<\/p>\n<p class=\"paragraph\">Jos kuvat eiv\u00e4t n\u00e4y laitteellasi, voit katsoa ne <a href=\"https:\/\/www.instagram.com\/p\/CtqrDC9Ik7p\/?img_index=1\" rel=\"noopener nofollow\" target=\"_blank\">t\u00e4\u00e4lt\u00e4<\/a>.<\/p>\n<p>My\u00f6s Alexander Stubb on kovassa kunnossa. AOP<\/p>\n<p><script async src=\"\/\/www.instagram.com\/embed.js\"><\/script><\/p>\n","protected":false},"excerpt":{"rendered":"Popt\u00e4hti teki enn\u00e4tyksens\u00e4 Berliiniss\u00e4. Harry Styles on kovassa kunnossa. ZumaWire \/ MVPHOTOS Harry Styles, 31, juoksi sunnuntaina Berliinin&hellip;\n","protected":false},"author":2,"featured_media":41992,"comment_status":"","ping_status":"","sticky":false,"template":"","format":"standard","meta":{"footnotes":""},"categories":[136],"tags":[35,138,407,137,33,31,30,408,41,47,141,886,32,109],"class_list":{"0":"post-41991","1":"post","2":"type-post","3":"status-publish","4":"format-standard","5":"has-post-thumbnail","7":"category-julkkikset","8":"tag-24h","9":"tag-audio","10":"tag-celebrities","11":"tag-entertainment","12":"tag-fi","13":"tag-finland","14":"tag-finnish","15":"tag-julkkikset","16":"tag-liikunta-ja-urheilu","17":"tag-musiikki","18":"tag-muusikot-bandit","19":"tag-puolueet","20":"tag-suomi","21":"tag-viihde"},"share_on_mastodon":{"url":"","error":""},"_links":{"self":[{"href":"https:\/\/www.europesays.com\/fi\/wp-json\/wp\/v2\/posts\/41991","targetHints":{"allow":["GET"]}}],"collection":[{"href":"https:\/\/www.europesays.com\/fi\/wp-json\/wp\/v2\/posts"}],"about":[{"href":"https:\/\/www.europesays.com\/fi\/wp-json\/wp\/v2\/types\/post"}],"author":[{"embeddable":true,"href":"https:\/\/www.europesays.com\/fi\/wp-json\/wp\/v2\/users\/2"}],"replies":[{"embeddable":true,"href":"https:\/\/www.europesays.com\/fi\/wp-json\/wp\/v2\/comments?post=41991"}],"version-history":[{"count":0,"href":"https:\/\/www.europesays.com\/fi\/wp-json\/wp\/v2\/posts\/41991\/revisions"}],"wp:featuredmedia":[{"embeddable":true,"href":"https:\/\/www.europesays.com\/fi\/wp-json\/wp\/v2\/media\/41992"}],"wp:attachment":[{"href":"https:\/\/www.europesays.com\/fi\/wp-json\/wp\/v2\/media?parent=41991"}],"wp:term":[{"taxonomy":"category","embeddable":true,"href":"https:\/\/www.europesays.com\/fi\/wp-json\/wp\/v2\/categories?post=41991"},{"taxonomy":"post_tag","embeddable":true,"href":"https:\/\/www.europesays.com\/fi\/wp-json\/wp\/v2\/tags?post=41991"}],"curies":[{"name":"wp","href":"https:\/\/api.w.org\/{rel}","templated":true}]}}