{"id":42025,"date":"2025-09-22T09:11:07","date_gmt":"2025-09-22T09:11:07","guid":{"rendered":"https:\/\/www.europesays.com\/fi\/42025\/"},"modified":"2025-09-22T09:11:07","modified_gmt":"2025-09-22T09:11:07","slug":"isw-venaja-kasaa-reservia-mahdollisesti-uutta-konfliktia-varten","status":"publish","type":"post","link":"https:\/\/www.europesays.com\/fi\/42025\/","title":{"rendered":"ISW: Ven\u00e4j\u00e4 kasaa reservi\u00e4 \u2013 mahdollisesti uutta konfliktia varten"},"content":{"rendered":"<p class=\"article-body mb-nof-24 px-nof-16\">Ven\u00e4j\u00e4 saattaa kasvattaa strategista reservi\u00e4 uusista rekrytoinneista, <a class=\"article-genericlink\" href=\"https:\/\/understandingwar.org\/research\/russia-ukraine\/russian-offensive-campaign-assessment-september-21-2025\/\" rel=\"nofollow noopener\" target=\"_blank\">Institute for the Study of War<\/a> kertoo tuoreimmassa tilannekatsauksessaan.<\/p>\n<p class=\"article-body mb-nof-24 px-nof-16\">ISW viittaa ven\u00e4l\u00e4isl\u00e4hteeseen, joka on sen mukaan ollut johdonmukaisesti oikeassa koskien muutoksia Ven\u00e4j\u00e4n sotajohdossa. L\u00e4hteen mukaan 292\u00a0000 ven\u00e4l\u00e4ist\u00e4 allekirjoitti sopimukset Ven\u00e4j\u00e4n puolustusministeri\u00f6n kanssa t\u00e4n\u00e4 vuonna syyskuun 15. p\u00e4iv\u00e4\u00e4n menness\u00e4. L\u00e4hteen mukaan osa n\u00e4ist\u00e4 asevoimiin rekrytoiduista liittyy strategiseen reserviin, jota Ven\u00e4j\u00e4 on ollut muodostamassa hein\u00e4kuun alusta l\u00e4htien.<\/p>\n<p class=\"article-body mb-nof-24 px-nof-16\">Mik\u00e4 l\u00e4hteen tiedot pit\u00e4v\u00e4t paikkansa, voisi se tarkoittaa, ett\u00e4 Ven\u00e4j\u00e4n sotajohto on arvioinut, ett\u00e4 Ven\u00e4j\u00e4ll\u00e4 on varaa luoda strateginen resurssi, koska Ven\u00e4j\u00e4n menetykset Ukrainassa ovat olleet kes\u00e4ll\u00e4 laskussa, ISW sanoo.<\/p>\n<p class=\"article-body mb-nof-24 px-nof-16\">Ukrainan asevoimat on sanonut Ven\u00e4j\u00e4n menett\u00e4neen tammi-hein\u00e4kuussa enemm\u00e4n ihmisi\u00e4 kuin se, mit\u00e4 Ven\u00e4j\u00e4n on v\u00e4itetty rekrytoineen. Elokuussa ja syysluun alkupuolella menetykset ovat kuitenkin olleet v\u00e4h\u00e4isempi\u00e4 kuin raportoitujen rekrytointien m\u00e4\u00e4r\u00e4.<\/p>\n<p class=\"article-body mb-nof-24 px-nof-16\">ISW:n mukaan strateginen reservin perustaminen osoittaisi, ett\u00e4 Kreml ei ole kiinnostunut lopettamaan sotaa Ukrainassa vaan on yh\u00e4 sitoutunut tavoitteisiinsa taistelukent\u00e4ll\u00e4 ja saattaa valmistautua konfliktiin Naton kanssa.<\/p>\n<p class=\"article-body mb-nof-24 px-nof-16\">\u2013\u2009Ven\u00e4j\u00e4 saattaa my\u00f6s laajentaa strategista reservi\u00e4\u00e4n osana Kremlin laajempia valmisteluja mahdollista Ven\u00e4j\u00e4n ja Naton v\u00e4list\u00e4 konfliktia varten tulevaisuudessa samalla, kun Ven\u00e4j\u00e4 tehostaa nuorille suunnattuja sotilaallis-is\u00e4nmaallisia ohjelmiaan, joiden tavoitteena on rekrytoida Ven\u00e4j\u00e4n nuorisoa asevoimiin tulevina vuosina, ISW arvioi.<\/p>\n","protected":false},"excerpt":{"rendered":"Ven\u00e4j\u00e4 saattaa kasvattaa strategista reservi\u00e4 uusista rekrytoinneista, Institute for the Study of War kertoo tuoreimmassa tilannekatsauksessaan. ISW viittaa&hellip;\n","protected":false},"author":2,"featured_media":42026,"comment_status":"","ping_status":"","sticky":false,"template":"","format":"standard","meta":{"footnotes":""},"categories":[14],"tags":[22,23,26,27,33,31,30,17,34,24,25,28,29,15,18,21,32,19,20,56,16,59,60,61],"class_list":{"0":"post-42025","1":"post","2":"type-post","3":"status-publish","4":"format-standard","5":"has-post-thumbnail","7":"category-ulkomaat","8":"tag-breaking-news","9":"tag-breakingnews","10":"tag-featured-news","11":"tag-featurednews","12":"tag-fi","13":"tag-finland","14":"tag-finnish","15":"tag-headlines","16":"tag-ilta-sanomat","17":"tag-latest-news","18":"tag-latestnews","19":"tag-main-news","20":"tag-mainnews","21":"tag-news","22":"tag-otsikot","23":"tag-paauutiset","24":"tag-suomi","25":"tag-top-stories","26":"tag-topstories","27":"tag-ulkomaat","28":"tag-uutiset","29":"tag-world","30":"tag-world-news","31":"tag-worldnews"},"share_on_mastodon":{"url":"","error":""},"_links":{"self":[{"href":"https:\/\/www.europesays.com\/fi\/wp-json\/wp\/v2\/posts\/42025","targetHints":{"allow":["GET"]}}],"collection":[{"href":"https:\/\/www.europesays.com\/fi\/wp-json\/wp\/v2\/posts"}],"about":[{"href":"https:\/\/www.europesays.com\/fi\/wp-json\/wp\/v2\/types\/post"}],"author":[{"embeddable":true,"href":"https:\/\/www.europesays.com\/fi\/wp-json\/wp\/v2\/users\/2"}],"replies":[{"embeddable":true,"href":"https:\/\/www.europesays.com\/fi\/wp-json\/wp\/v2\/comments?post=42025"}],"version-history":[{"count":0,"href":"https:\/\/www.europesays.com\/fi\/wp-json\/wp\/v2\/posts\/42025\/revisions"}],"wp:featuredmedia":[{"embeddable":true,"href":"https:\/\/www.europesays.com\/fi\/wp-json\/wp\/v2\/media\/42026"}],"wp:attachment":[{"href":"https:\/\/www.europesays.com\/fi\/wp-json\/wp\/v2\/media?parent=42025"}],"wp:term":[{"taxonomy":"category","embeddable":true,"href":"https:\/\/www.europesays.com\/fi\/wp-json\/wp\/v2\/categories?post=42025"},{"taxonomy":"post_tag","embeddable":true,"href":"https:\/\/www.europesays.com\/fi\/wp-json\/wp\/v2\/tags?post=42025"}],"curies":[{"name":"wp","href":"https:\/\/api.w.org\/{rel}","templated":true}]}}