{"id":42027,"date":"2025-09-22T09:12:07","date_gmt":"2025-09-22T09:12:07","guid":{"rendered":"https:\/\/www.europesays.com\/fi\/42027\/"},"modified":"2025-09-22T09:12:07","modified_gmt":"2025-09-22T09:12:07","slug":"junaradalle-kaatui-puu-kaikki-junaliikenne-on-poikki-lahdesta-helsinkiin-ja-riihimaelle-paijat-hame","status":"publish","type":"post","link":"https:\/\/www.europesays.com\/fi\/42027\/","title":{"rendered":"Junaradalle kaatui puu \u2013 kaikki junaliikenne on poikki Lahdesta Helsinkiin ja Riihim\u00e4elle | P\u00e4ij\u00e4t-H\u00e4me"},"content":{"rendered":"<p class=\"aw-1gybjub aw-5vja16 cmIuaG zKETg yle__article__paragraph\">Liikenne on keskeytetty Lahti\u2013J\u00e4rvel\u00e4- ja Lahti\u2013Hennala-v\u00e4lill\u00e4 toistaiseksi.<\/p>\n<p><img decoding=\"async\" alt=\"Ihminen seisoo Lahden rautatieaseman laiturilla. Vieress\u00e4 on pys\u00e4htyneen\u00e4 VR:n juna, jossa on ovi auki. \" src=\"https:\/\/www.europesays.com\/fi\/wp-content\/uploads\/2025\/09\/39-117049764ff093f4aa0e.jpeg\" class=\"aw-1l9m598 hKVVvP\"\/><\/p>\n<p>Avaa kuvien katselu<\/p>\n<p>H\u00e4iri\u00f6 koskee sek\u00e4 kauko- ett\u00e4 l\u00e4hiliikennett\u00e4 Lahdesta Riihim\u00e4en ja Helsingin suuntiin. Arkistokuva Lahden rautatieasemalta. Kuva: Petri Niemi \/ Yle<\/p>\n<p>11:46\u2022P\u00e4ivitetty 11:51<\/p>\n<p class=\"aw-1gybjub aw-1p7kakr cmIuaG fmSRng yle__article__paragraph\">Junaliikenne on poikki Lahdesta Helsinkiin ja Lahdesta Riihim\u00e4elle. Finntraffic Rataliikennekeskuksesta kerrotaan, ett\u00e4 radalle on kaatunut puu, joka aiheutti s\u00e4hk\u00f6vaurion.<\/p>\n<p class=\"aw-1gybjub aw-1p7kakr cmIuaG fmSRng yle__article__paragraph\">Fintraffic uskoo saavansa pian arvion siit\u00e4, koska h\u00e4iri\u00f6 saadaan korjattua.<\/p>\n<p class=\"aw-1gybjub aw-1p7kakr cmIuaG fmSRng yle__article__paragraph\">Uutinen p\u00e4ivittyy.<\/p>\n","protected":false},"excerpt":{"rendered":"Liikenne on keskeytetty Lahti\u2013J\u00e4rvel\u00e4- ja Lahti\u2013Hennala-v\u00e4lill\u00e4 toistaiseksi. Avaa kuvien katselu H\u00e4iri\u00f6 koskee sek\u00e4 kauko- ett\u00e4 l\u00e4hiliikennett\u00e4 Lahdesta Riihim\u00e4en&hellip;\n","protected":false},"author":2,"featured_media":42028,"comment_status":"","ping_status":"","sticky":false,"template":"","format":"standard","meta":{"footnotes":""},"categories":[12],"tags":[22,23,26,27,33,31,30,17,1794,71,24,25,1161,28,29,15,18,21,1268,32,19,20,16],"class_list":{"0":"post-42027","1":"post","2":"type-post","3":"status-publish","4":"format-standard","5":"has-post-thumbnail","7":"category-suomi","8":"tag-breaking-news","9":"tag-breakingnews","10":"tag-featured-news","11":"tag-featurednews","12":"tag-fi","13":"tag-finland","14":"tag-finnish","15":"tag-headlines","16":"tag-kanta-hame","17":"tag-kotimaa","18":"tag-latest-news","19":"tag-latestnews","20":"tag-liikenne","21":"tag-main-news","22":"tag-mainnews","23":"tag-news","24":"tag-otsikot","25":"tag-paauutiset","26":"tag-paijat-hame","27":"tag-suomi","28":"tag-top-stories","29":"tag-topstories","30":"tag-uutiset"},"share_on_mastodon":{"url":"","error":""},"_links":{"self":[{"href":"https:\/\/www.europesays.com\/fi\/wp-json\/wp\/v2\/posts\/42027","targetHints":{"allow":["GET"]}}],"collection":[{"href":"https:\/\/www.europesays.com\/fi\/wp-json\/wp\/v2\/posts"}],"about":[{"href":"https:\/\/www.europesays.com\/fi\/wp-json\/wp\/v2\/types\/post"}],"author":[{"embeddable":true,"href":"https:\/\/www.europesays.com\/fi\/wp-json\/wp\/v2\/users\/2"}],"replies":[{"embeddable":true,"href":"https:\/\/www.europesays.com\/fi\/wp-json\/wp\/v2\/comments?post=42027"}],"version-history":[{"count":0,"href":"https:\/\/www.europesays.com\/fi\/wp-json\/wp\/v2\/posts\/42027\/revisions"}],"wp:featuredmedia":[{"embeddable":true,"href":"https:\/\/www.europesays.com\/fi\/wp-json\/wp\/v2\/media\/42028"}],"wp:attachment":[{"href":"https:\/\/www.europesays.com\/fi\/wp-json\/wp\/v2\/media?parent=42027"}],"wp:term":[{"taxonomy":"category","embeddable":true,"href":"https:\/\/www.europesays.com\/fi\/wp-json\/wp\/v2\/categories?post=42027"},{"taxonomy":"post_tag","embeddable":true,"href":"https:\/\/www.europesays.com\/fi\/wp-json\/wp\/v2\/tags?post=42027"}],"curies":[{"name":"wp","href":"https:\/\/api.w.org\/{rel}","templated":true}]}}