{"id":42031,"date":"2025-09-22T09:14:08","date_gmt":"2025-09-22T09:14:08","guid":{"rendered":"https:\/\/www.europesays.com\/fi\/42031\/"},"modified":"2025-09-22T09:14:08","modified_gmt":"2025-09-22T09:14:08","slug":"luonto-salaiset-jattikasvikset-paljastuvat-mantsalassa-pian-kuka-vie-sm-tittelin-tana-vuonna-paikalliset","status":"publish","type":"post","link":"https:\/\/www.europesays.com\/fi\/42031\/","title":{"rendered":"Luonto | Salaiset j\u00e4ttikasvikset paljastuvat M\u00e4nts\u00e4l\u00e4ss\u00e4 pian\u2009\u2013\u2009kuka vie SM-tittelin t\u00e4n\u00e4 vuonna? | Paikalliset"},"content":{"rendered":"<p>Syysp\u00e4iv\u00e4n tasaus, ja j\u00e4ttikasvisten kasvu hiipuu v\u00e4kisinkin. Kylmenev\u00e4t p\u00e4iv\u00e4t ja varsinkin kylm\u00e4t y\u00f6t hidastavat kasvisten loppukiri\u00e4.<\/p>\n<p>Nyt voikin n\u00e4hd\u00e4 mammuttikurpitsoja peitettyn\u00e4 ties mill\u00e4 vanhoilla vilteill\u00e4, t\u00e4keill\u00e4 ja hevosloimilla. N\u00e4in yritet\u00e4\u00e4n pit\u00e4\u00e4 hedelm\u00e4 l\u00e4mpim\u00e4n\u00e4, jotta se viel\u00e4 jaksaisi pullistua kisoja varten.<\/p>\n<p>Suomen J\u00e4ttikasvisyhdistys j\u00e4rjest\u00e4\u00e4 vuotuiset SM-kisat 18. kerran tulevana lauantaina 27.9. Kilpailut pidet\u00e4\u00e4n M\u00e4nts\u00e4l\u00e4ss\u00e4, Keudan Saaren kartanon puutarhalla osoitteessa Puutarhantie 1 jo kymmenennen kerran.<\/p>\n<p>Samaan aikaan Keudalla on my\u00f6s muita kiinnostavia tapahtumia, kuten traktorikynn\u00f6n SM (26.-27.9.) ja korkeatasoista kukkasidontaa.<\/p>\n<p>Vaihtelevas\u00e4inen kes\u00e4 ei ole omiaan kiritt\u00e4m\u00e4\u00e4n enn\u00e4tyksi\u00e4, mutta niin vain niit\u00e4 on joka vuosi syntynyt \u2013 tuskin t\u00e4m\u00e4 vuosi on j\u00e4rjest\u00e4jien mielest\u00e4 poikkeus. Viime vuonna enn\u00e4tyksi\u00e4 tehtiin 11 ja tuomarointeja oli l\u00e4hes 240.<\/p>\n<p>J\u00e4ttikasvisharrastajien keskustelukanavassa jaetaan vain tiettyj\u00e4 asioita, ja mahdollisia voittajakasviksia piilotellaan kisoihin asti.<\/p>\n<p>T\u00e4m\u00e4n vuoden hevi on kurkku. Sen kunniaksi on otettu mukaan uutuuskasvis, pesusienikurkku eli luffa. Siin\u00e4 kisataan hedelm\u00e4n pituudesta. Kisoissa on esill\u00e4 my\u00f6s muita kurkkukasveja.<\/p>\n<p>Kilpasarjana on my\u00f6s viisi mahdollisimman tasakokoista ja kaunista avomaankurkkua tai minikurkkua.<\/p>\n","protected":false},"excerpt":{"rendered":"Syysp\u00e4iv\u00e4n tasaus, ja j\u00e4ttikasvisten kasvu hiipuu v\u00e4kisinkin. Kylmenev\u00e4t p\u00e4iv\u00e4t ja varsinkin kylm\u00e4t y\u00f6t hidastavat kasvisten loppukiri\u00e4. Nyt voikin&hellip;\n","protected":false},"author":2,"featured_media":42032,"comment_status":"","ping_status":"","sticky":false,"template":"","format":"standard","meta":{"footnotes":""},"categories":[117],"tags":[404,33,31,30,403,405,72,2370,476,2369,900,118,591,32,119,477],"class_list":{"0":"post-42031","1":"post","2":"type-post","3":"status-publish","4":"format-standard","5":"has-post-thumbnail","7":"category-luonto","8":"tag-elaimet","9":"tag-fi","10":"tag-finland","11":"tag-finnish","12":"tag-helsingin-seutu","13":"tag-helsingin-seutukunta","14":"tag-luonto","15":"tag-mantsala","16":"tag-nature","17":"tag-puutarha","18":"tag-ruoka","19":"tag-science","20":"tag-selkarankaiset","21":"tag-suomi","22":"tag-tiede","23":"tag-wildlife"},"share_on_mastodon":{"url":"","error":""},"_links":{"self":[{"href":"https:\/\/www.europesays.com\/fi\/wp-json\/wp\/v2\/posts\/42031","targetHints":{"allow":["GET"]}}],"collection":[{"href":"https:\/\/www.europesays.com\/fi\/wp-json\/wp\/v2\/posts"}],"about":[{"href":"https:\/\/www.europesays.com\/fi\/wp-json\/wp\/v2\/types\/post"}],"author":[{"embeddable":true,"href":"https:\/\/www.europesays.com\/fi\/wp-json\/wp\/v2\/users\/2"}],"replies":[{"embeddable":true,"href":"https:\/\/www.europesays.com\/fi\/wp-json\/wp\/v2\/comments?post=42031"}],"version-history":[{"count":0,"href":"https:\/\/www.europesays.com\/fi\/wp-json\/wp\/v2\/posts\/42031\/revisions"}],"wp:featuredmedia":[{"embeddable":true,"href":"https:\/\/www.europesays.com\/fi\/wp-json\/wp\/v2\/media\/42032"}],"wp:attachment":[{"href":"https:\/\/www.europesays.com\/fi\/wp-json\/wp\/v2\/media?parent=42031"}],"wp:term":[{"taxonomy":"category","embeddable":true,"href":"https:\/\/www.europesays.com\/fi\/wp-json\/wp\/v2\/categories?post=42031"},{"taxonomy":"post_tag","embeddable":true,"href":"https:\/\/www.europesays.com\/fi\/wp-json\/wp\/v2\/tags?post=42031"}],"curies":[{"name":"wp","href":"https:\/\/api.w.org\/{rel}","templated":true}]}}