{"id":42039,"date":"2025-09-22T09:30:07","date_gmt":"2025-09-22T09:30:07","guid":{"rendered":"https:\/\/www.europesays.com\/fi\/42039\/"},"modified":"2025-09-22T09:30:07","modified_gmt":"2025-09-22T09:30:07","slug":"yle-areenan-tarkeimmat-uudet-sarjat-ja-elokuvat-viikolla-39-2025","status":"publish","type":"post","link":"https:\/\/www.europesays.com\/fi\/42039\/","title":{"rendered":"Yle Areenan t\u00e4rkeimm\u00e4t uudet sarjat ja elokuvat viikolla 39\/2025"},"content":{"rendered":"\n<p><strong>Viikolla 39\/2025 Yle Areenassa julkaistaan muun muassa Martin Scorsese -klassikko Raging Bull, Colin Farrellin t\u00e4hditt\u00e4m\u00e4 After Yang ja j\u00e4nnityssarja Little Disasters.<\/strong><\/p>\n<p><strong>Viikon uudet elokuvat <a href=\"https:\/\/muropaketti.com\/avainsana\/yle-areena\/\" rel=\"noopener nofollow\" target=\"_blank\">Yle Areenassa<\/a>:<\/strong><\/p>\n<p><strong>Paha maa \u2013 23. syyskuuta<\/strong><br \/>Paha maa on kiivas, nopearytminen ja realistinen tarina rohkeudesta ja yrityksest\u00e4 vaikuttaa ymp\u00e4rill\u00e4 olevaan maailmaan.<br \/>Ohjaus: Aku Louhimies<\/p>\n<p><strong>El\u00e4m\u00e4\u00e4 Yangin j\u00e4lkeen (After Yang) \u2013 24. syyskuuta<\/strong><br \/>L\u00e4hitulevaisuuteen sijoittuvassa elokuvassa perhe joutuu tutkimaan rakkauden, kiintymyksen ja menetyksen olemusta, kun heid\u00e4n tytt\u00e4rens\u00e4 rakastama teko\u00e4ly, lastenhoitaja Yang menee \u00e4killisesti ep\u00e4kuntoon.<br \/>P\u00e4\u00e4osissa: Colin Farrell, Jodie Turner-Smith, Justin H. Min ja Sarita Choudhury<br \/>Ohjaus: Kogonada<\/p>\n<p><strong>Kes\u00e4 ilman kev\u00e4tt\u00e4 (Kuru Otlar \u00dcstune) \u2013 25. syyskuuta<\/strong><br \/>Palkittu elokuva opettajasta, joka tekee pakkokeikkaa pieness\u00e4 vuoristokyl\u00e4ss\u00e4 odottaen vain siirtoa suurkaupunkiin. Ura vaarantuu, kun yksi oppilaista syytt\u00e4\u00e4 h\u00e4nt\u00e4 ahdistelusta.<br \/>Ohjaus: Nuri Bilge Ceylan<\/p>\n<p><strong>Kuin raivo h\u00e4rk\u00e4 (Raging Bull) \u2013 27. syyskuuta<\/strong><br \/>Martin Scorsesen ohjaama mestariteos nyrkkeilij\u00e4 Jake La Mottasta, joka puski raivolla l\u00e4pi ottelunsa ja koko el\u00e4m\u00e4ns\u00e4.<br \/>P\u00e4\u00e4osissa: Robert De Niro, Cathy Moriarty ja Joe Pesci<\/p>\n<p><strong>Viikon uusia sarjoja ja tuotantokausia:<\/strong><\/p>\n<p><strong>Pienet katastrofit (Little Disasters) \u2013 22. syyskuuta<\/strong><br \/>T\u00e4ydellinen koti, t\u00e4ydellinen perhe \u2013 kaikki voi romahtaa silm\u00e4nr\u00e4p\u00e4yksess\u00e4. Psykologisessa trilleriss\u00e4 yhden y\u00f6n j\u00e4rkytt\u00e4v\u00e4 tapahtuma repii yst\u00e4vyyden ja perheen rikki. Kun Jessin vauva joutuu sairaalaan ep\u00e4ilytt\u00e4v\u00e4n vamman vuoksi, paras yst\u00e4v\u00e4 ja p\u00e4ivyst\u00e4v\u00e4 l\u00e4\u00e4k\u00e4ri Liz tekee p\u00e4\u00e4t\u00f6ksen, joka k\u00e4ynnist\u00e4\u00e4 myrskyn: sosiaaliviranomaiset ja poliisitutkinta astuvat kuvaan.<br \/>P\u00e4\u00e4osissa: Diane Kruger, Jo Joyner &amp; JJ Field<\/p>\n<p><strong>Last Action Rinkinen \u2013 24. syyskuuta<\/strong><br \/>Kaitsu Rinkinen haaveilee isosta action-leffasta, mutta tarvitsee vakuuttavia n\u00e4ytt\u00f6j\u00e4. H\u00e4n aikoo ohjata toimintakohtauksia yhdess\u00e4 Suomen kovimpien stunt-esiintyjien kanssa. Ennen kuin homma l\u00e4htee kunnolla k\u00e4yntiin, Tuukka aikoo ylitt\u00e4\u00e4 Suomenlahden moottorikelkalla. Nelj\u00e4 kuukautta valmistautumista huipentuu t\u00e4h\u00e4n hetkeen. Vain yksi tyyppi on tehnyt saman tempun aiemmin.<\/p>\n<p><strong>Grantchester, kausi 10 \u2013 26. syyskuuta<\/strong><br \/>On vuosi 1962 ja Alphy, uusi kirkkoherra, on kotiutunut hyvin Grantchesteriin ja solahtanut osaksi pappilan perhepiiri\u00e4. Usein seurakuntalaiset ja etenkin yst\u00e4v\u00e4t vain odottavat h\u00e4nelt\u00e4 enemm\u00e4n kuin itselt\u00e4\u00e4n, joten autettavia riitt\u00e4\u00e4. Itsest\u00e4\u00e4n Alphy ei juuri kerro, ja hiljalleen paljastuukin, ett\u00e4 papin kaapissa saattaa luurata luuranko. P\u00e4\u00e4si\u00e4istapahtumassa tehty murha ei j\u00e4\u00e4 ainoaksi, mutta poliisin ja sekalaisen seurakunnan avustuksella niist\u00e4 selvit\u00e4\u00e4n. Kunnes koittaa se p\u00e4iv\u00e4, joka voi muuttaa kaiken jokaisen kohdalla\u2026<\/p>\n<p><strong>Roy Grace, kausi 4 \u2013 27. syyskuuta alkaen<\/strong><br \/>Brightonin poliisin rikosylikomisario Roy Gracen tiimill\u00e4 on tutkittavana nelj\u00e4 visaista rikosvyyhte\u00e4, joiden takaa paljastuu usein j\u00e4rjest\u00e4ytynyt rikollisuus tai pienen ihmisen kieroutunut mieli. Roy on taistellut omaan el\u00e4m\u00e4\u00e4ns\u00e4 liittyv\u00e4n arvoituksen kanssa pitk\u00e4\u00e4n. Onko viimein tullut aika haudata menneisyyden haamut ja hyv\u00e4ksy\u00e4 menetys, sill\u00e4 ennen sit\u00e4 ei uskalla jatkaa kohti uutta onnea. Grace vain ei saata aavistaakaan, ett\u00e4 totuus Sandyn katoamisesta joskus selvi\u00e4\u00e4 ja ett\u00e4 h\u00e4nt\u00e4 odottaa viel\u00e4 yksi yll\u00e4tys. Sarja perustuu Peter Jamesin dekkareihin, jotka on k\u00e4sikirjoitukseksi sovittanut Russell Lewis.<\/p>\n<p><strong>Ryhm\u00e4 Hau (Paw Patrol), kausi 10 \u2013 27. syyskuuta<\/strong><br \/>Suosikkisarjan 10. kausi sis\u00e4lt\u00e4\u00e4 uusia erikoisjaksoja, joissa pennut seikkailevat viidakossa ja monsteriautoilla. Mukana my\u00f6s Mahtipennut -jaksoja, joissa pennut p\u00e4\u00e4sev\u00e4t k\u00e4ytt\u00e4m\u00e4\u00e4n taikavoimiaan.<\/p>\n<p><strong>Tulossa my\u00f6s:<\/strong><\/p>\n<ul>\n<li>Kovan viikon ilta, kausi 6 \u2013 27. syyskuuta alkaen<\/li>\n<\/ul>\n<p><strong>Viikon uusia dokumentteja ja asiaohjelmia:<\/strong><\/p>\n<p><strong>Prisma: Erilaiset aivot (Inside Our Minds) \u2013 22. syyskuuta<\/strong><br \/>Neurokehitykselliset h\u00e4iri\u00f6t kuten esim. ADHD ja dysleksia ovat yh\u00e4 yleisempi\u00e4 ja niiden diagnoosit ovat lis\u00e4\u00e4ntyneet viime vuosina. Sarjassa tavataan henkil\u00f6it\u00e4, jotka kertovat miten diagnoosi vaikuttaa heihin, heid\u00e4n ihmissuhteisiinsa ja arkip\u00e4iv\u00e4iseen el\u00e4m\u00e4\u00e4ns\u00e4.<\/p>\n<p><strong>DDR:n el\u00e4imet (A Socialist Animal) \u2013 22. syyskuuta<\/strong><br \/>DDR:ss\u00e4 valjastettiin ihmisten lis\u00e4ksi my\u00f6s el\u00e4imet palvelemaan valtiota. Sodan j\u00e4lkeisess\u00e4 puutteessa perinteisi\u00e4 lemmikkej\u00e4 karsastettiin, mutta hy\u00f6tyel\u00e4imi\u00e4 suosittiin. Dokumentti valottaa sosialistisen yhteiskunnan suhdetta el\u00e4imiin.<\/p>\n<p><strong>Ulkolinja: USA: Pervoilu seis \u2013 22. syyskuuta<\/strong><br \/>Yhdysvalloissa evankelisten kristyttyjen poliittinen vaikutusvalta on kasvanut. Tennesseess\u00e4 perhearvoja korostava kristillinen oikeisto on rajoittanut seksuaaliv\u00e4hemmist\u00f6jen oikeuksia. Dokumentti on Ylen oman toimittajan tuotantoa. Ohjaus: Minna Pye.<\/p>\n<p><strong>K\u00e4si \u2013 22. syyskuuta<\/strong><br \/>Ilman k\u00e4si\u00e4 l\u00e4hes kahdeksan vuoden ajan el\u00e4nyt Arja Ahtaanluoma sai viime marraskuussa uuden k\u00e4den. Samalla tehtiin suomalaista l\u00e4\u00e4ketieteen historiaa, kun Helsingin yliopistollisessa keskussairaalassa tehtiin Suomen ensimm\u00e4inen k\u00e4densiirto. Kati Laukkasen ohjaama dokumenttielokuva K\u00e4si n\u00e4ytt\u00e4\u00e4, miten kaikki tapahtui.<\/p>\n<p><strong>Avara luonto: Amerikan mustakarhu (Real Winnie the Pooh: The Story of the American Black Bear) \u2013 22. syyskuuta<\/strong><br \/>Nopea ja \u00e4lyk\u00e4s mustakarhu on Pohjois-Amerikan yleisin karhulaji. Ohjelmassa seurataan kuinka suojeleva emo huolehtii pennuistaan, opettaen niit\u00e4 selviytym\u00e4\u00e4n luonnon haasteista ja vaaroista. Samalla emo on my\u00f6s tehokas ja peloton saalistaja, joka sopeutuu helposti erilaisiin elinymp\u00e4rist\u00f6ihin.<\/p>\n<p><strong>Tukkahevin hullu 80-luku (N\u00f6thin\u2019 but a Good Time: The Uncensored Story of 80\u2019s Hair Metal) \u2013 27. syyskuuta<\/strong><br \/>Dokumenttisarja on sensuroimaton katsaus 1980-luvun hard rock -r\u00e4j\u00e4hdykseen. Sarja kertoo Los Angelesin Sunset Stripilt\u00e4 ponnistaneen tukkahevi-ilmi\u00f6n tarinan kaikessa rujoudessaan ja rajuudessaan. Tarinan kertojina ovat eloonj\u00e4\u00e4neet kokijat kuten Poisonin Bret Michaels, Rattin Stephen Pearcy, Extremen Nuno Bettencourt, Skid Row\u2019n Dave Sabo ja Music Televisionista tunnettu Riki Rachtman.<\/p>\n<p><strong>Milli Vanilli \u2013 popin suurin huijaus (Milli Vanilli. 10 Million Albums. 1 Epic Lie) \u2013 27. syyskuuta<\/strong><br \/>Tarina Rob Pilatuksesta ja Fab Morvanista, jotka nousivat 80-luvulla maailmanlaajuiseen suosioon Milli Vanilli -popduona. Kaverukset olivat taitavia esiintyji\u00e4, ja saksalaistuottaja Frank Farianin avulla heid\u00e4n menestyssinglens\u00e4 Girl You Know It\u2019s True vei heid\u00e4t Amerikan-kiertueelle ja Grammy-voittajiksi. Taustalla oli kuitenkin yksi popmusiikin historian suurimmista huijauksista, jolla oli traagiset seuraukset. Koskettavassa dokumentissa 80\u201390 -lukujen tapahtumia muistelevat mm. Fab Morvan, Farianin entinen assistentti Ingrid Segieth sek\u00e4 Milli Vanillin studiomuusikot kuten Brad Howell ja Charles Shaw.<\/p>\n<p>Tiedot perustuvat Ylelt\u00e4 saatuun infoon ja muutokset ovat mahdollisia.<\/p>\n","protected":false},"excerpt":{"rendered":"Viikolla 39\/2025 Yle Areenassa julkaistaan muun muassa Martin Scorsese -klassikko Raging Bull, Colin Farrellin t\u00e4hditt\u00e4m\u00e4 After Yang ja&hellip;\n","protected":false},"author":2,"featured_media":42040,"comment_status":"","ping_status":"","sticky":false,"template":"","format":"standard","meta":{"footnotes":""},"categories":[131],"tags":[155,137,33,173,31,30,172,32,109,913,2958],"class_list":{"0":"post-42039","1":"post","2":"type-post","3":"status-publish","4":"format-standard","5":"has-post-thumbnail","7":"category-elokuvat","8":"tag-elokuvat","9":"tag-entertainment","10":"tag-fi","11":"tag-film","12":"tag-finland","13":"tag-finnish","14":"tag-movies","15":"tag-suomi","16":"tag-viihde","17":"tag-yle-areena","18":"tag-yle-areena-elokuvat"},"share_on_mastodon":{"url":"","error":""},"_links":{"self":[{"href":"https:\/\/www.europesays.com\/fi\/wp-json\/wp\/v2\/posts\/42039","targetHints":{"allow":["GET"]}}],"collection":[{"href":"https:\/\/www.europesays.com\/fi\/wp-json\/wp\/v2\/posts"}],"about":[{"href":"https:\/\/www.europesays.com\/fi\/wp-json\/wp\/v2\/types\/post"}],"author":[{"embeddable":true,"href":"https:\/\/www.europesays.com\/fi\/wp-json\/wp\/v2\/users\/2"}],"replies":[{"embeddable":true,"href":"https:\/\/www.europesays.com\/fi\/wp-json\/wp\/v2\/comments?post=42039"}],"version-history":[{"count":0,"href":"https:\/\/www.europesays.com\/fi\/wp-json\/wp\/v2\/posts\/42039\/revisions"}],"wp:featuredmedia":[{"embeddable":true,"href":"https:\/\/www.europesays.com\/fi\/wp-json\/wp\/v2\/media\/42040"}],"wp:attachment":[{"href":"https:\/\/www.europesays.com\/fi\/wp-json\/wp\/v2\/media?parent=42039"}],"wp:term":[{"taxonomy":"category","embeddable":true,"href":"https:\/\/www.europesays.com\/fi\/wp-json\/wp\/v2\/categories?post=42039"},{"taxonomy":"post_tag","embeddable":true,"href":"https:\/\/www.europesays.com\/fi\/wp-json\/wp\/v2\/tags?post=42039"}],"curies":[{"name":"wp","href":"https:\/\/api.w.org\/{rel}","templated":true}]}}