{"id":42043,"date":"2025-09-22T09:33:07","date_gmt":"2025-09-22T09:33:07","guid":{"rendered":"https:\/\/www.europesays.com\/fi\/42043\/"},"modified":"2025-09-22T09:33:07","modified_gmt":"2025-09-22T09:33:07","slug":"muistutuskutsu-kylla-isa-osaa-lapissa-elokuvan-lehdistotilaisuudet-helsingissa-25-9-ja-tampereella-6-10-kriitikko-ja-lehdistonaytokset-helsingissa-turussa-tampereella-kuopiossa-joen","status":"publish","type":"post","link":"https:\/\/www.europesays.com\/fi\/42043\/","title":{"rendered":"MUISTUTUSKUTSU: Kyll\u00e4 is\u00e4 osaa Lapissa -elokuvan lehdist\u00f6tilaisuudet Helsingiss\u00e4 25.9. ja Tampereella 6.10. \u2013 kriitikko- ja lehdist\u00f6n\u00e4yt\u00f6kset Helsingiss\u00e4, Turussa, Tampereella, Kuopiossa, Joensuussa, Kokkolassa ja Oulussa"},"content":{"rendered":"<p><strong><\/p>\n<p><strong>Kyll\u00e4 is\u00e4 osaa Lapissa -elokuvan kriitikko- ja lehdist\u00f6ennakot j\u00e4rjestet\u00e4\u00e4n Helsingiss\u00e4, Turussa, Tampereella, Kuopiossa, Joensuussa, Kokkolassa ja Oulussa viikoilla 38-41.<\/strong><\/p>\n<p><\/strong><\/p>\n<p><strong>Torstai 18.9.<\/strong><br \/>Helsinki, Finnkino Tennispalatsi, sali 2 klo 10.30<br \/>\u00a0<br \/><strong>Torstai 25.9.<\/strong><br \/>Helsinki, Finnkino Tennispalatsi, sali 2 klo 9.30<br \/><strong>N\u00e4yt\u00f6ksen j\u00e4lkeen on n\u00e4yttelij\u00f6iden ja tekij\u00f6iden haastattelumahdollisuus Finnkino Tennispalatsin Wine &amp; Movies -loungessa klo 11. Paikalla ovat n\u00e4yttelij\u00e4t Tom Lindholm, Tuija Ernamo, Maiju Jokinen ja Jarno Jokinen sek\u00e4 ohjaaja Lauri Nurkse ja k\u00e4sikirjoittaja Pekka Lepikk\u00f6. Haastattelupyynn\u00f6t: <a href=\"https:\/\/www.sttinfo.fi\/tiedote\/71466386\/mailto:antero.alhonen@nelonenmedia.fi\" rel=\"nofollow noopener\" target=\"_blank\">antero.alhonen@nelonenmedia.fi<\/a><\/strong><\/p>\n<p>Joensuu, Elokuvateatterikeskus Tapio, sali 3 klo 10.45<br \/>\u00a0<br \/><strong>Ma 29.9.<\/strong><br \/>Helsinki, Finnkino Tennispalatsi, sali 2 klo 13<br \/><strong>\u00a0<\/strong><br \/><strong>Ti 30.9.<\/strong><br \/>Turku, Finnkino Kinopalatsi, sali 3 klo 13.30<br \/>Kokkola, Bio Rex Kokkola, sali 1 klo 10<br \/>Oulu, Elokuvateatteri Star, sali 2 klo 10<br \/>Kuopio, Finnkino Scala, sali 3 klo 10<br \/>\u00a0<br \/><strong>Ma 6.10.<\/strong><br \/>Tampere, Finnkino Plevna, sali 4 klo 12<br \/><strong>N\u00e4yt\u00f6ksen j\u00e4lkeen on n\u00e4yttelij\u00e4 Tom Lindholmin ja elokuvan k\u00e4sikirjoittajan sek\u00e4 alkuper\u00e4isen tv-sarjan luojan Pekka Lepik\u00f6n haastattelumahdollisuus salissa. Haastattelupyynn\u00f6t: <a href=\"https:\/\/www.sttinfo.fi\/tiedote\/71466386\/mailto:antero.alhonen@nelonenmedia.fi\" rel=\"nofollow noopener\" target=\"_blank\">antero.alhonen@nelonenmedia.fi<\/a><\/strong><\/p>\n<p><strong>Kyll\u00e4 is\u00e4 osaa Lapissa saa ensi-iltansa 15.10.2025.<\/strong><\/p>\n<p>Kyll\u00e4 is\u00e4 osaa Lapissa jatkaa suomalaisten rakastaman perheen elokuvaseikkailuja t\u00e4ll\u00e4 kertaa Lapissa. Menestyselokuvan jatko-osassa is\u00e4 ja \u00e4iti pakenevat jouluvalmisteluja Lappiin, mutta rauha on tipotiess\u00e4\u00e4n, kun lapset seuraavat per\u00e4ss\u00e4. Kun Jussin uusi tytt\u00f6yst\u00e4v\u00e4 Viktoria paljastuu miljon\u00e4\u00e4rin ainoaksi lapseksi is\u00e4 tekee kaikkensa, ett\u00e4 perhe tekisi mahdollisimman hyv\u00e4n vaikutuksen uuteen mini\u00e4ehdokkaaseen. Kun yll\u00e4tykset seuraavat toisiaan, is\u00e4n on laitettava kaikki \u201dosaamisensa\u201d peliin.<\/p>\n","protected":false},"excerpt":{"rendered":"Kyll\u00e4 is\u00e4 osaa Lapissa -elokuvan kriitikko- ja lehdist\u00f6ennakot j\u00e4rjestet\u00e4\u00e4n Helsingiss\u00e4, Turussa, Tampereella, Kuopiossa, Joensuussa, Kokkolassa ja Oulussa viikoilla&hellip;\n","protected":false},"author":2,"featured_media":35485,"comment_status":"","ping_status":"","sticky":false,"template":"","format":"standard","meta":{"footnotes":""},"categories":[130],"tags":[137,33,31,30,32,109],"class_list":{"0":"post-42043","1":"post","2":"type-post","3":"status-publish","4":"format-standard","5":"has-post-thumbnail","7":"category-viihde","8":"tag-entertainment","9":"tag-fi","10":"tag-finland","11":"tag-finnish","12":"tag-suomi","13":"tag-viihde"},"share_on_mastodon":{"url":"","error":""},"_links":{"self":[{"href":"https:\/\/www.europesays.com\/fi\/wp-json\/wp\/v2\/posts\/42043","targetHints":{"allow":["GET"]}}],"collection":[{"href":"https:\/\/www.europesays.com\/fi\/wp-json\/wp\/v2\/posts"}],"about":[{"href":"https:\/\/www.europesays.com\/fi\/wp-json\/wp\/v2\/types\/post"}],"author":[{"embeddable":true,"href":"https:\/\/www.europesays.com\/fi\/wp-json\/wp\/v2\/users\/2"}],"replies":[{"embeddable":true,"href":"https:\/\/www.europesays.com\/fi\/wp-json\/wp\/v2\/comments?post=42043"}],"version-history":[{"count":0,"href":"https:\/\/www.europesays.com\/fi\/wp-json\/wp\/v2\/posts\/42043\/revisions"}],"wp:featuredmedia":[{"embeddable":true,"href":"https:\/\/www.europesays.com\/fi\/wp-json\/wp\/v2\/media\/35485"}],"wp:attachment":[{"href":"https:\/\/www.europesays.com\/fi\/wp-json\/wp\/v2\/media?parent=42043"}],"wp:term":[{"taxonomy":"category","embeddable":true,"href":"https:\/\/www.europesays.com\/fi\/wp-json\/wp\/v2\/categories?post=42043"},{"taxonomy":"post_tag","embeddable":true,"href":"https:\/\/www.europesays.com\/fi\/wp-json\/wp\/v2\/tags?post=42043"}],"curies":[{"name":"wp","href":"https:\/\/api.w.org\/{rel}","templated":true}]}}