{"id":42044,"date":"2025-09-22T09:36:10","date_gmt":"2025-09-22T09:36:10","guid":{"rendered":"https:\/\/www.europesays.com\/fi\/42044\/"},"modified":"2025-09-22T09:36:10","modified_gmt":"2025-09-22T09:36:10","slug":"elisa-etsi-vaativiin-tehtaviin-palkattomia-harjoittelijoita-kritiikki-pakotti-peraantymaan","status":"publish","type":"post","link":"https:\/\/www.europesays.com\/fi\/42044\/","title":{"rendered":"Elisa etsi vaativiin teht\u00e4viin palkattomia harjoittelijoita \u2013 kritiikki pakotti per\u00e4\u00e4ntym\u00e4\u00e4n"},"content":{"rendered":"<p>Ty\u00f6ehdot|Elisa etsi opiskelijoita palkattomaan harjoitteluun, jossa olisi pit\u00e4nyt \u201darvioida vakavia h\u00e4iri\u00f6it\u00e4\u201d. Ilmoitus katosi, ja yhti\u00f6 miettii nyt politiikkansa uusiksi.<\/p>\n<p>Lue tiivistelm\u00e4<\/p>\n<p>Tiivistelm\u00e4 on teko\u00e4lyn tekem\u00e4 ja ihmisen tarkistama.<\/p>\n<p class=\"article-body mb-nof-24 px-nof-16 sndp-summary-bullet-point-font\">Teleyhti\u00f6 Elisa etsi opiskelijoita palkattomaan harjoitteluun, jossa ty\u00f6teht\u00e4vien m\u00e4\u00e4r\u00e4 oli poikkeuksellisen suuri.<\/p>\n<p class=\"article-body mb-nof-24 px-nof-16 sndp-summary-bullet-point-font\">Ilmoitus her\u00e4tti kritiikki\u00e4 sosiaalisessa mediassa ja yhti\u00f6 poisti sen tarkastelua varten.<\/p>\n<p class=\"article-body mb-nof-24 px-nof-16 sndp-summary-bullet-point-font\">Elisan Uudenmaan aluejohtaja Sanna Sarpila kertoo, ett\u00e4 yhti\u00f6 k\u00e4y l\u00e4pi harjoitteluk\u00e4yt\u00e4nt\u00f6j\u00e4\u00e4n uudelleen.<\/p>\n<p class=\"article-body mb-nof-24 px-nof-16\">Teleyhti\u00f6 Elisa etsi opiskelijoita palkattomaan harjoitteluun, jossa korvauksetta teht\u00e4vien ty\u00f6teht\u00e4vien m\u00e4\u00e4r\u00e4 oli poikkeuksellisen suuri.<\/p>\n<p class=\"article-body mb-nof-24 px-nof-16\">Elisa etsi tukiteht\u00e4viin \u201dsystem specialisteja\u201d, joille kuuluisi \u201dkaikkia tietotekniikkaan liittyvi\u00e4 kysymyksi\u00e4\u201d. P\u00e4ivitt\u00e4isiin teht\u00e4viin sis\u00e4ltyi muun muassa k\u00e4ytt\u00f6oikeuksien hallintaa, erilaisten tilausten tekemist\u00e4 ja \u201dvakavien h\u00e4iri\u00f6iden arviointia\u201d.<\/p>\n<p class=\"article-body mb-nof-24 px-nof-16\">\u201dTy\u00f6skentelet hyvin erilaisten asiakkaiden kanssa, jonka vuoksi tuettavia teknologioita on useita. T\u00e4m\u00e4 takaa sen, ett\u00e4 ty\u00f6si on monipuolista ja vaihtelevaa\u201d, luki ilmoituksessa, joka jo poistettiin verkosta.<\/p>\n<p class=\"article-body mb-nof-24 px-nof-16\">Harjoittelija tekisi t\u00e4ytt\u00e4 ty\u00f6viikkoa eli 37,5 tuntia viikossa. Lis\u00e4\u00e4 vastuuta olisi kuulemma luvassa osaamisen karttuessa.<\/p>\n<p class=\"article-body mb-nof-24 px-nof-16\">Kokemuksen lis\u00e4ksi ty\u00f6st\u00e4 saisi ilmaisen lounaan.<\/p>\n<blockquote class=\"citation\">\n<p>\u201d<\/p>\n<p>\u201dKun luin ilmoituksen, niin aika tanakalta se tosiaan vaikuttaa.\u201d<\/p>\n<\/blockquote>\n<p class=\"article-body mb-nof-24 px-nof-16\">Ilmoitus hoksattiin sosiaalisessa mediassa, ja sit\u00e4 ruodittiin kriittisen s\u00e4vyyn <a class=\"article-genericlink\" href=\"https:\/\/www.linkedin.com\/posts\/luukas-ahola_hei-elisa-kiva-kuulla-ett%C3%A4-etsitte-opiskelijoita-activity-7374434707779903488-0KAu\" rel=\"nofollow noopener\" target=\"_blank\">verkostoitumispalvelu Linkediniss\u00e4<\/a>.<\/p>\n<p class=\"article-body mb-nof-24 px-nof-16\">\u201dKun luin ilmoituksen, niin aika tanakalta se tosiaan vaikuttaa. Me otimme sen pois, kun kyselyit\u00e4 tuli ja toimintamalli tarkastellaan talotasoisesti uudestaan\u201d, sanoo yhti\u00f6n Uudenmaan aluejohtaja <a class=\"article-personlink\" href=\"https:\/\/www.hs.fi\/haku\/?query=Sanna%20Sarpila\" rel=\"nofollow noopener\" target=\"_blank\">Sanna Sarpila<\/a>.<\/p>\n<p class=\"article-body mb-nof-24 px-nof-16\">Yhti\u00f6 k\u00e4y maanantaina sis\u00e4isesti l\u00e4pi, miss\u00e4 vaiheessa ilmoitustekstiin tuli niin paljon ranskalaisia viivoja teht\u00e4vien vaativuudesta.<\/p>\n<p class=\"article-body mb-nof-24 px-nof-16\">H\u00e4n t\u00e4sment\u00e4\u00e4, ett\u00e4 l\u00e4ht\u00f6kohtaisesti t\u00e4llaisissa ilmoituksissa tarjotaan opiskelijoille harjoittelujaksoja, jotka ovat arkea yritysmaailmassa. Kyseinen, poistettu ilmoituskin oli kouluille tarkoitetussa nettiportaalissa.<\/p>\n<p class=\"article-body mb-nof-24 px-nof-16\">\u201dMeill\u00e4 on ollut jonkin aikaa muutamia oppilaitoksia, joiden kanssa on sovittu k\u00e4yt\u00e4nt\u00f6j\u00e4. Portaaleissa voidaan tarjota n\u00e4it\u00e4, yleens\u00e4 viimeisten vuosien pitempi\u00e4 harjoittelujaksoja.\u201d<\/p>\n<p class=\"article-body mb-nof-24 px-nof-16\">Tukiteht\u00e4viin on yleens\u00e4 otettu yhdest\u00e4 kolmeen opiskelijaa per harjoittelukausi, koska \u201dharjoittelun ohjauskin vaatii resursseja\u201d.<\/p>\n<p class=\"article-body mb-nof-24 px-nof-16\">Elisa on Suomen suurin teleoperaattori, jonka kannattavuus on kehittynyt vakaasti. Yhti\u00f6n vertailukelpoinen liikevoitto oli <a class=\"article-genericlink\" href=\"https:\/\/www.hs.fi\/talous\/art-2000011365599.html\" rel=\"nofollow noopener\" target=\"_blank\">toisella vuosinelj\u00e4nneksell\u00e4 122 miljoonaa euroa<\/a>.<\/p>\n<p class=\"article-body mb-nof-24 px-nof-16\">Jatkon kannalta Elisalla on pelkist\u00e4en kolme vaihtoehtoa: harjoittelut lopetetaan, niiden sis\u00e4lt\u00f6\u00e4 sorvataan tai niist\u00e4 aletaan maksaa palkkaa.<\/p>\n<p class=\"article-body mb-nof-24 px-nof-16\">Mink\u00e4 kolmesta polusta valitsette?<\/p>\n<p class=\"article-body mb-nof-24 px-nof-16\">\u201dToki me haluaisimme olla tarjoamassa mahdollisuuksia opintoharjoitteluihin ja meill\u00e4 l\u00f6ytyy tietysti erilaisia korvausratkaisuja, mutta en ota t\u00e4ss\u00e4 vaiheessa kantaa. Tarkastelemme asiaa.\u201d<\/p>\n<p class=\"article-body mb-nof-24 px-nof-16\">Harjoittelu voi olla keino saada jalka Elisan oven v\u00e4liin, jolloin palkkaty\u00f6t\u00e4 saattaa irrota opintojen valmistumisen j\u00e4lkeen.<\/p>\n<p class=\"article-body mb-nof-24 px-nof-16\">\u201dUsein voi olla, ett\u00e4 meille hakeudutaan jossain vaiheessa harjoittelun j\u00e4lkeen pysyv\u00e4mpiin teht\u00e4viin, jos tulee rekrytointeja auki. Se on puolin ja toisin varsin mielek\u00e4s polku, mutta ei itsest\u00e4\u00e4nselvyys tai oletusarvo, ett\u00e4 he jatkavat meill\u00e4 saman tien.\u201d<\/p>\n","protected":false},"excerpt":{"rendered":"Ty\u00f6ehdot|Elisa etsi opiskelijoita palkattomaan harjoitteluun, jossa olisi pit\u00e4nyt \u201darvioida vakavia h\u00e4iri\u00f6it\u00e4\u201d. Ilmoitus katosi, ja yhti\u00f6 miettii nyt politiikkansa&hellip;\n","protected":false},"author":2,"featured_media":42045,"comment_status":"","ping_status":"","sticky":false,"template":"","format":"standard","meta":{"footnotes":""},"categories":[76],"tags":[79,77,33,31,30,46,32,78],"class_list":{"0":"post-42044","1":"post","2":"type-post","3":"status-publish","4":"format-standard","5":"has-post-thumbnail","7":"category-talous","8":"tag-business","9":"tag-economy","10":"tag-fi","11":"tag-finland","12":"tag-finnish","13":"tag-helsingin-sanomat","14":"tag-suomi","15":"tag-talous"},"share_on_mastodon":{"url":"","error":""},"_links":{"self":[{"href":"https:\/\/www.europesays.com\/fi\/wp-json\/wp\/v2\/posts\/42044","targetHints":{"allow":["GET"]}}],"collection":[{"href":"https:\/\/www.europesays.com\/fi\/wp-json\/wp\/v2\/posts"}],"about":[{"href":"https:\/\/www.europesays.com\/fi\/wp-json\/wp\/v2\/types\/post"}],"author":[{"embeddable":true,"href":"https:\/\/www.europesays.com\/fi\/wp-json\/wp\/v2\/users\/2"}],"replies":[{"embeddable":true,"href":"https:\/\/www.europesays.com\/fi\/wp-json\/wp\/v2\/comments?post=42044"}],"version-history":[{"count":0,"href":"https:\/\/www.europesays.com\/fi\/wp-json\/wp\/v2\/posts\/42044\/revisions"}],"wp:featuredmedia":[{"embeddable":true,"href":"https:\/\/www.europesays.com\/fi\/wp-json\/wp\/v2\/media\/42045"}],"wp:attachment":[{"href":"https:\/\/www.europesays.com\/fi\/wp-json\/wp\/v2\/media?parent=42044"}],"wp:term":[{"taxonomy":"category","embeddable":true,"href":"https:\/\/www.europesays.com\/fi\/wp-json\/wp\/v2\/categories?post=42044"},{"taxonomy":"post_tag","embeddable":true,"href":"https:\/\/www.europesays.com\/fi\/wp-json\/wp\/v2\/tags?post=42044"}],"curies":[{"name":"wp","href":"https:\/\/api.w.org\/{rel}","templated":true}]}}