{"id":42046,"date":"2025-09-22T09:37:07","date_gmt":"2025-09-22T09:37:07","guid":{"rendered":"https:\/\/www.europesays.com\/fi\/42046\/"},"modified":"2025-09-22T09:37:07","modified_gmt":"2025-09-22T09:37:07","slug":"venaja-vaihtoi-sotilasjohtoa-suomen-lahialueella-huonomaineinen-komentaja-sai-potkut","status":"publish","type":"post","link":"https:\/\/www.europesays.com\/fi\/42046\/","title":{"rendered":"Ven\u00e4j\u00e4 vaihtoi sotilasjohtoa Suomen l\u00e4hialueella \u2013 huonomaineinen komentaja sai potkut"},"content":{"rendered":"<p class=\"ai-optimize-7 ai-optimize-introduction\">Uudelleen perustetun Leningradin sotilaspiirin komentaja <strong>Aleksandr Lapin<\/strong> on vapautettu kaikista teht\u00e4vist\u00e4\u00e4n Ven\u00e4j\u00e4n asevoimissa, kertovat useat ven\u00e4l\u00e4ismediat. Kenraalieversti Lapinin potkujen syy ei ole varmuudella tiedossa. Joidenkin l\u00e4hteiden mukaan ero liittyisi terveyssyihin, mutta mit\u00e4\u00e4n luotettavaa l\u00e4hdett\u00e4 tiedolle ei ole. Se Lapininsta kuitenkin tiedet\u00e4\u00e4n, ett\u00e4 h\u00e4n siirtyy siviilivirkaan Tatarstanin liittovaltiosubjektin johtajan <strong>Rustam Minnihanovin<\/strong> kakkosmieheksi.<\/p>\n<p class=\"ai-optimize-8\">Lapinin tilalle on nimitetty kenraalieversti <strong>Jevgeni Nikiforov<\/strong>. Kaakkoisessa Siperiassa sijaitsevasta Taka-Baikalian T\u0161itasta kotoisin oleva Nikiforov on taustoiltaan maahanlaskujoukoista (VDV) ja on aiemmin urallaan my\u00f6s johtanut Ven\u00e4j\u00e4n joukkoja Syyriassa.<\/p>\n<p class=\"ai-optimize-9\">Talvella 2024 Ven\u00e4j\u00e4 uudisti sotilaspiirijakonsa ja palautti vuonna 2010 lakkauttamansa Moskovan ja Leningradin sotilaspiirit jotka olivat siihen asti muodostaneet l\u00e4ntisen sotilaspiirin. Aleksandr Lapin siirrettiin tuolloin johtamaan Lenigradin sotilaspiiri\u00e4. Nikiforov puolestaan ehti toimia l\u00e4ntisen sotilaspiirin komentajana noin vuoden talvesta 2023 alkaen siihen saakka kunnes sotilaspiirit helmikuussa 2024 uudistettiin ja l\u00e4ntinen sotilaspiiri lakkasi olemasta.<\/p>\n<p class=\"ai-optimize-10\">Aleksandr Lapin ehti toimia Leningardin sotilaspiirin komentajana kev\u00e4\u00e4st\u00e4 2024. Kyseinen sotilaspiiri on Suomen v\u00e4litt\u00f6m\u00e4ss\u00e4 l\u00e4heisyydess\u00e4 it\u00e4rajalla. Kun Ven\u00e4j\u00e4 aloitti t\u00e4ysimittaisen hy\u00f6kk\u00e4yksen Ukrainaan talvella 2022, Lapin toimi hy\u00f6kk\u00e4yssodan operatiivisen komentokeskuksen johdossa. T\u00e4st\u00e4 teht\u00e4v\u00e4st\u00e4 h\u00e4net siirrettiin keskisen sotilaspiirin komentajaksi loppusyksyst\u00e4 2022 lopulla.<\/p>\n<p class=\"ai-optimize-11\">Lapiniin on kohdistunut ankaraa kritiikki\u00e4 Ukrainan sodan vuoksi. Erityisen kovasanaisesti h\u00e4nt\u00e4 ovat tylytt\u00e4neet T\u0161et\u0161enian johtaja\u00a0<strong>Ramzan Kadyrov<\/strong>\u00a0ja vuonna 2023 kapinahankkeen j\u00e4lkeen kuollut yksityisarmeija Wangerin pomo\u00a0<strong>Jevgeni Prigo\u017ein<\/strong>.<\/p>\n<p class=\"ai-optimize-12\">Kenraalieversti Nikiforovista puolestaan l\u00f6ytyy runsaasti mainintoja ajalta, jolloin h\u00e4n toimi etel\u00e4isen sotilaspiirin 58. armeijan apulaiskomentajana ja l\u00e4ntisen sotilaspiirin 20. armeijan yhdistettyjen aselajien esikuntap\u00e4\u00e4llikk\u00f6n\u00e4. Aika sijoittuu vuosille 2012-2016 ja on mainitsemisen arvoinen, sill\u00e4 t\u00e4ll\u00e4 ajanjaksolla vuonna 2014 ja sen j\u00e4lkeen Ukrainan tiedustelupalvelut tekiv\u00e4t Nikiforovin komentamista joukoista lukuisia havaintoja Ven\u00e4j\u00e4n asevoimien ohjauksessa autonomiaa leikkineist\u00e4 It\u00e4-Ukrainan maakunnista. Ukrainan SBU on <a href=\"https:\/\/www.currenttime.tv\/a\/rossiya-gruppirovka-sever\/33509396.html\" target=\"_blank\" rel=\"noopener nofollow\">syytt\u00e4nyt<\/a> Nikiforovia muun muassa siit\u00e4, ett\u00e4 t\u00e4m\u00e4 antoi komennon ampua alas Ukrainan asevoiminen IL-76 -kuljetuskone Luhanskin l\u00e4hell\u00e4 kes\u00e4kuussa 2014. Iskussa kuoli 49 ukrainalaista sotilasta.<\/p>\n","protected":false},"excerpt":{"rendered":"Uudelleen perustetun Leningradin sotilaspiirin komentaja Aleksandr Lapin on vapautettu kaikista teht\u00e4vist\u00e4\u00e4n Ven\u00e4j\u00e4n asevoimissa, kertovat useat ven\u00e4l\u00e4ismediat. Kenraalieversti Lapinin&hellip;\n","protected":false},"author":2,"featured_media":42047,"comment_status":"","ping_status":"","sticky":false,"template":"","format":"standard","meta":{"footnotes":""},"categories":[14],"tags":[22,23,26,27,33,31,30,17,24,25,28,29,15,18,21,32,19,20,56,16,987,59,60,61],"class_list":{"0":"post-42046","1":"post","2":"type-post","3":"status-publish","4":"format-standard","5":"has-post-thumbnail","7":"category-ulkomaat","8":"tag-breaking-news","9":"tag-breakingnews","10":"tag-featured-news","11":"tag-featurednews","12":"tag-fi","13":"tag-finland","14":"tag-finnish","15":"tag-headlines","16":"tag-latest-news","17":"tag-latestnews","18":"tag-main-news","19":"tag-mainnews","20":"tag-news","21":"tag-otsikot","22":"tag-paauutiset","23":"tag-suomi","24":"tag-top-stories","25":"tag-topstories","26":"tag-ulkomaat","27":"tag-uutiset","28":"tag-venajan-hyokkays","29":"tag-world","30":"tag-world-news","31":"tag-worldnews"},"share_on_mastodon":{"url":"","error":""},"_links":{"self":[{"href":"https:\/\/www.europesays.com\/fi\/wp-json\/wp\/v2\/posts\/42046","targetHints":{"allow":["GET"]}}],"collection":[{"href":"https:\/\/www.europesays.com\/fi\/wp-json\/wp\/v2\/posts"}],"about":[{"href":"https:\/\/www.europesays.com\/fi\/wp-json\/wp\/v2\/types\/post"}],"author":[{"embeddable":true,"href":"https:\/\/www.europesays.com\/fi\/wp-json\/wp\/v2\/users\/2"}],"replies":[{"embeddable":true,"href":"https:\/\/www.europesays.com\/fi\/wp-json\/wp\/v2\/comments?post=42046"}],"version-history":[{"count":0,"href":"https:\/\/www.europesays.com\/fi\/wp-json\/wp\/v2\/posts\/42046\/revisions"}],"wp:featuredmedia":[{"embeddable":true,"href":"https:\/\/www.europesays.com\/fi\/wp-json\/wp\/v2\/media\/42047"}],"wp:attachment":[{"href":"https:\/\/www.europesays.com\/fi\/wp-json\/wp\/v2\/media?parent=42046"}],"wp:term":[{"taxonomy":"category","embeddable":true,"href":"https:\/\/www.europesays.com\/fi\/wp-json\/wp\/v2\/categories?post=42046"},{"taxonomy":"post_tag","embeddable":true,"href":"https:\/\/www.europesays.com\/fi\/wp-json\/wp\/v2\/tags?post=42046"}],"curies":[{"name":"wp","href":"https:\/\/api.w.org\/{rel}","templated":true}]}}