{"id":42054,"date":"2025-09-22T09:51:07","date_gmt":"2025-09-22T09:51:07","guid":{"rendered":"https:\/\/www.europesays.com\/fi\/42054\/"},"modified":"2025-09-22T09:51:07","modified_gmt":"2025-09-22T09:51:07","slug":"heidi-foxellilta-riipaiseva-ulostulo","status":"publish","type":"post","link":"https:\/\/www.europesays.com\/fi\/42054\/","title":{"rendered":"Heidi Foxellilta riipaiseva ulostulo"},"content":{"rendered":"<p>\n            20241007, Helsinki. Heidi Foxell.<br \/>\n            Timo Korhonen\n        <\/p>\n<p class=\"subtitle \">Hyvink\u00e4\u00e4n ammuskelusta hengiss\u00e4 selvinnyt Heidi on kamppaillut vakavien terveysongelmien kanssa.<\/p>\n<p class=\"article-content article-content-width !bg-background\">Vuoden 2012 Hyvink\u00e4\u00e4n ammuskelussa loukkaantunut poliisi  avasi sosiaalisessa mediassa ajatuksiaan lapsettomuudesta.<\/p>\n<p class=\"font-weight-bold m-font-weight-bold article-content article-content-width !bg-background\">Katso arkistovideo \u2013 Heidin koirat rakastavat aamulenkkej\u00e4:<\/p>\n<p>Luentoja nuorille<\/p>\n<p class=\"article-content article-content-width !bg-background\">Heidi loukkaantui vakavasti saatuaan vatsaan laukauksen hirvikiv\u00e4\u00e4rist\u00e4 ja vietti seuraavat kolme vuotta sairaalahoidossa. Useita terveysongelmia kohdannut Heidi jakaa kokemuksiaan avoimesti muun muassa sosiaalisessa mediassa ja h\u00e4n pit\u00e4\u00e4 nuorille Not BULLETPROOF -luentoja.<\/p>\n<p class=\"article-content article-content-width !bg-background\">Heidi kertoo Instagram-julkaisussaan, ett\u00e4 er\u00e4\u00e4n luennon j\u00e4lkeen er\u00e4s poika oli kysynyt Heidilt\u00e4, voiko h\u00e4n saada lapsia.<\/p>\n<p class=\"article-content article-content-width !bg-background\">\u2013\u00a0Se kysymys yll\u00e4tti mut ja vastasin vaan ett\u00e4 &#8221;En&#8221; pienen hym\u00e4hdyksen kanssa, Heidi kirjoittaa.<\/p>\n<p>        <a itemprop=\"url\" href=\"https:\/\/www.seiska.fi\/terveys\/supernanny-paljastaa-hengenvaarallisen-sairautensa\/1869059\" rel=\"nofollow noopener\" target=\"_blank\"><\/p>\n<p>\nSupernanny paljastaa\n<\/p>\n<p class=\"section-date\">\n        <strong class=\"article-section\" data-section=\"terveys\"><br \/>\n            terveys<br \/>\n        <\/strong><br \/>\n        15.7. 12:29\n    <\/p>\n<p>    Supernanny paljastaa hengenvaarallisen sairautensa<\/p>\n<p itemprop=\"description\" class=\"subtitle \">\n    Supernanny on joutunut tilansa vuoksi jo useisiin l\u00e4helt\u00e4 piti-tilanteisiin.\n<\/p>\n<p>        <\/a><\/p>\n<p class=\"article-content article-content-width !bg-background\">H\u00e4n kertoo huomanneensa pojan katseesta, ett\u00e4 poika oli surullinen Heidin puolesta.<\/p>\n<p class=\"article-content article-content-width !bg-background\">\u2013 Sen j\u00e4lkeen oon j\u00e4\u00e4nyt enemm\u00e4n ja enemm\u00e4n miettim\u00e4\u00e4n asiaa, vaikka oonkin tiennyt sen jo heti ampumisen j\u00e4lkeen, ettei t\u00e4ll\u00e4 keholla en\u00e4\u00e4 voi kantaa lasta.<\/p>\n<p class=\"article-content article-content-width !bg-background\">Julkaisussa Heidi pit\u00e4\u00e4 syliss\u00e4\u00e4n pient\u00e4 kummipoikaansa.<\/p>\n<p>        <a itemprop=\"url\" href=\"https:\/\/www.seiska.fi\/terveys\/heidi-foxell-avoimena-terveysoireistaan-pelkaa-aivovammaa\/1905474\" rel=\"nofollow noopener\" target=\"_blank\"><\/p>\n<p>\nAvoimena terveysoireistaan\n<\/p>\n<p class=\"section-date\">\n        <strong class=\"article-section\" data-section=\"terveys\"><br \/>\n            terveys<br \/>\n        <\/strong><br \/>\n        20.8. 18:30\n    <\/p>\n<p>    Heidi Foxell avoimena terveysoireistaan: Pelk\u00e4\u00e4 aivovammaa<\/p>\n<p itemprop=\"description\" class=\"subtitle \">\n    Heidi on ollut useita kertoja tajuton vuosien varrella, ja pelk\u00e4\u00e4 hapenpuutteen vaurioittaneen h\u00e4nen aivojaan.\n<\/p>\n<p>        <\/a><\/p>\n<p>&#8221;Olin viel\u00e4 nuori&#8221;<\/p>\n<p class=\"article-content article-content-width !bg-background\">Heidi kertoo, ett\u00e4 h\u00e4nen vatsansa lukuisat arvet eiv\u00e4t kest\u00e4isi raskausaikaa. H\u00e4n toteaa k\u00e4sitelleens\u00e4 asian jo aikoja sitten ja on sinut asian kanssa.<\/p>\n<p class=\"article-content article-content-width !bg-background\">\u2013 Mutta sillon ampumisen j\u00e4lkeen olin viel\u00e4 nuori. Nyt oon alkanut mietti\u00e4, ett\u00e4 olisinko sittenkin halunnut omia lapsia, Heidi kirjoittaa ja kertoo pohtineensa sairaalassa ollessaan, ett\u00e4 olisi halunnut pakastaa munasolujaan.<\/p>\n<p>        <a itemprop=\"url\" href=\"https:\/\/www.seiska.fi\/terveys\/heidi-foxell-taas-vastoinkaymisia\/1855358\" rel=\"nofollow noopener\" target=\"_blank\"><\/p>\n<p>\nHeidi Foxell\n<\/p>\n<p class=\"section-date\">\n        <strong class=\"article-section\" data-section=\"terveys\"><br \/>\n            terveys<br \/>\n        <\/strong><br \/>\n        2.7. 13:01\n    <\/p>\n<p>    Heidi Foxell: Taas vastoink\u00e4ymisi\u00e4<\/p>\n<p itemprop=\"description\" class=\"subtitle \">\n    Hyvink\u00e4\u00e4n joukkoammuskelussa 12 vuotta sitten hyvin vaikeasti haavoittunut Heidi kertoo terveydest\u00e4\u00e4n suorin sanoin.\n<\/p>\n<p>        <\/a><\/p>\n<p class=\"article-content article-content-width !bg-background\">\u2013 Nyt se ei ole en\u00e4\u00e4 mahdollista, sill\u00e4 tammikuussa 2024 multa leikattiin munasarjat ja kohtu pois tulehtuneen kystan takia, Heidi kirjoittaa.<\/p>\n<p class=\"article-content article-content-width !bg-background\">Heidi kertoo, ett\u00e4 h\u00e4n on vakuuttanut itselleen ja yst\u00e4villeen, ettei edes haluaisi lapsia, mutta h\u00e4n pohtii onko se totta \u2013 eik\u00e4 ole siit\u00e4 en\u00e4\u00e4 varma.<\/p>\n<p class=\"article-content article-content-width !bg-background\">\u2013 Huomasin nimitt\u00e4in liikuttuvani kyyneliin, kun pidin uutta kummipoikaani syliss\u00e4, ja tajusin etten ikin\u00e4 voi saada omaa poikaa. Huomaan vasta nyt, ett\u00e4 t\u00e4\u00e4 asia painaa mua enemm\u00e4n ku luulin.. Heidi kertoo.<\/p>\n","protected":false},"excerpt":{"rendered":"20241007, Helsinki. Heidi Foxell. Timo Korhonen Hyvink\u00e4\u00e4n ammuskelusta hengiss\u00e4 selvinnyt Heidi on kamppaillut vakavien terveysongelmien kanssa. Vuoden 2012&hellip;\n","protected":false},"author":2,"featured_media":42055,"comment_status":"","ping_status":"","sticky":false,"template":"","format":"standard","meta":{"footnotes":""},"categories":[136],"tags":[407,137,33,31,30,2894,4971,408,4957,98,32,4415,109],"class_list":{"0":"post-42054","1":"post","2":"type-post","3":"status-publish","4":"format-standard","5":"has-post-thumbnail","7":"category-julkkikset","8":"tag-celebrities","9":"tag-entertainment","10":"tag-fi","11":"tag-finland","12":"tag-finnish","13":"tag-heidi-foxell","14":"tag-hyvinkaan-ammuskelu","15":"tag-julkkikset","16":"tag-lapsettomuus","17":"tag-perhe","18":"tag-suomi","19":"tag-terveysongelmat","20":"tag-viihde"},"share_on_mastodon":{"url":"","error":""},"_links":{"self":[{"href":"https:\/\/www.europesays.com\/fi\/wp-json\/wp\/v2\/posts\/42054","targetHints":{"allow":["GET"]}}],"collection":[{"href":"https:\/\/www.europesays.com\/fi\/wp-json\/wp\/v2\/posts"}],"about":[{"href":"https:\/\/www.europesays.com\/fi\/wp-json\/wp\/v2\/types\/post"}],"author":[{"embeddable":true,"href":"https:\/\/www.europesays.com\/fi\/wp-json\/wp\/v2\/users\/2"}],"replies":[{"embeddable":true,"href":"https:\/\/www.europesays.com\/fi\/wp-json\/wp\/v2\/comments?post=42054"}],"version-history":[{"count":0,"href":"https:\/\/www.europesays.com\/fi\/wp-json\/wp\/v2\/posts\/42054\/revisions"}],"wp:featuredmedia":[{"embeddable":true,"href":"https:\/\/www.europesays.com\/fi\/wp-json\/wp\/v2\/media\/42055"}],"wp:attachment":[{"href":"https:\/\/www.europesays.com\/fi\/wp-json\/wp\/v2\/media?parent=42054"}],"wp:term":[{"taxonomy":"category","embeddable":true,"href":"https:\/\/www.europesays.com\/fi\/wp-json\/wp\/v2\/categories?post=42054"},{"taxonomy":"post_tag","embeddable":true,"href":"https:\/\/www.europesays.com\/fi\/wp-json\/wp\/v2\/tags?post=42054"}],"curies":[{"name":"wp","href":"https:\/\/api.w.org\/{rel}","templated":true}]}}