{"id":42056,"date":"2025-09-22T09:54:09","date_gmt":"2025-09-22T09:54:09","guid":{"rendered":"https:\/\/www.europesays.com\/fi\/42056\/"},"modified":"2025-09-22T09:54:09","modified_gmt":"2025-09-22T09:54:09","slug":"jukka-haapalainen-yllattyi-ttkn-pudotuksesta","status":"publish","type":"post","link":"https:\/\/www.europesays.com\/fi\/42056\/","title":{"rendered":"Jukka Haapalainen yll\u00e4ttyi TTK:n pudotuksesta"},"content":{"rendered":"<p><strong class=\"typography-bold\">Mira Luoti joutui eilen yll\u00e4tt\u00e4en j\u00e4tt\u00e4m\u00e4\u00e4n Tanssii T\u00e4htien Kanssa -kisan. Jukka Haapalainen l\u00e4hett\u00e4\u00e4 kotikatsomoihin painavan viestin.<\/strong><\/p>\n<p><a class=\"underline\" data-testid=\"external-link\" href=\"https:\/\/www.mtvuutiset.fi\/aihe\/tanssii-tahtien-kanssa\/2839810\" rel=\"noopener noreferrer nofollow\" target=\"_blank\" data-sentry-component=\"ExternalLink\" data-sentry-source-file=\"ExternalLink.tsx\">Tanssii T\u00e4htien Kanssa<\/a>\u00a0-kauden joutuivat\u00a0j\u00e4tt\u00e4m\u00e4\u00e4n sunnuntaina 21. syyskuuta kesken <strong class=\"typography-bold\">Mira Luoti<\/strong> ja h\u00e4nen tanssinopettajansa <strong class=\"typography-bold\">Anssi Heikkil\u00e4.<\/strong><\/p>\n<p>Kun tuomaripisteet laskettiin yhteen ja p\u00e4\u00e4lle lis\u00e4ttiin katsojien \u00e4\u00e4net, j\u00e4i t\u00e4m\u00e4 tanssipari pisteiss\u00e4 viimeiseksi. Tuomaripisteit\u00e4 pari sai 22 ja oli n\u00e4in ollen nelj\u00e4nten\u00e4 pistetalukossa. Parhaat pisteet, eli 24 pistett\u00e4, saivat sunnuntaina <strong class=\"typography-bold\">Kristiina M\u00e4kel\u00e4<\/strong> ja <strong class=\"typography-bold\">Sami Helenius<\/strong> sek\u00e4 <strong class=\"typography-bold\">Tia-Maria &#8221;Tinze&#8221; Sokka<\/strong> ja <strong class=\"typography-bold\">Valtteri Palin.<\/strong>\u00a0<\/p>\n<p>Tuomari <strong class=\"typography-bold\">Jukka Haapalainen<\/strong> kertoi l\u00e4hetyksen j\u00e4lkeen MTV Uutisille, ett\u00e4 he olivat hieman ihmeiss\u00e4\u00e4n, kun tulos tuli julki.\u00a0<\/p>\n<p>\u2013 N\u00e4in se vaan menee, ett\u00e4 vaikka Mira ja Anssi ovat olleet meid\u00e4n pisteiss\u00e4 aika ylh\u00e4\u00e4ll\u00e4 koko ajan, niin katsoja\u00e4\u00e4net sen sitten lopulta ratkaisee. Jos haluatte, ett\u00e4 teid\u00e4n suosikkipari p\u00e4\u00e4see jatkoon, niin \u00e4\u00e4nestett\u00e4v\u00e4 on. Kansan \u00e4\u00e4ni on todella voimakas. Vaikka pelin henki on se, ett\u00e4 joku joutuu aina l\u00e4htem\u00e4\u00e4n, niin kyll\u00e4 t\u00e4m\u00e4 yll\u00e4tti, Haapalainen sanoi.\u00a0<\/p>\n<p>Lue lis\u00e4\u00e4: <a class=\"underline\" data-testid=\"internal-link\" role=\"link\" data-sentry-element=\"Link\" data-sentry-component=\"InternalLink\" data-sentry-source-file=\"InternalLink.tsx\" href=\"https:\/\/www.mtvuutiset.fi\/artikkeli\/mira-luodin-ja-anssi-heikkilan-tulkinta-sai-ttk-tuomariston-jakautumaan-olisin-halunnut-tykata-enemman\/9226812\" rel=\"nofollow noopener\" target=\"_blank\">Mira Luodin ja Anssi Heikkil\u00e4n tulkinta sai TTK-tuomariston jakautumaan<\/a><\/p>\n<p>My\u00f6s aiemmilla kausilla on n\u00e4hty vastaavanlaisia tilanteita: hyv\u00e4t tuomaripisteet saanut pari joutuukin yll\u00e4tt\u00e4en j\u00e4tt\u00e4m\u00e4\u00e4n kisan. Haapalainen tunnistaa ilmi\u00f6n.\u00a0<\/p>\n<p>\u2013 Siin\u00e4 voi olla joku t\u00e4llainen, ett\u00e4 n\u00e4ytt\u00e4\u00e4 silt\u00e4, ett\u00e4 joku pari on turvassa eik\u00e4 heit\u00e4 sen vuoksi tarvitse \u00e4\u00e4nest\u00e4\u00e4. Mira ja Anssikin n\u00e4ytt\u00e4ytyiv\u00e4t monelle jopa ennakkosuosikkina ja ajateltiin, ett\u00e4 he voisivat olla finaaliporukkaa. Sen vuoksi on ik\u00e4v\u00e4\u00e4, ett\u00e4 he putosivat n\u00e4in aikaisessa vaiheessa, Haapalainen pohtii.\u00a0<\/p>\n<p>4:16<img alt=\"H\u00e4n putosi toisena TTK:sta\" data-testid=\"web-player-broker-image\" data-sentry-element=\"Image\" data-sentry-source-file=\"NextImage.tsx\" fetchpriority=\"low\" loading=\"lazy\" decoding=\"async\" data-nimg=\"fill\" class=\"transition duration-700 ease-in-out hover:scale-[1.05]\" style=\"position:absolute;height:100%;width:100%;left:0;top:0;right:0;bottom:0;color:transparent;background-size:cover;background-position:50% 50%;background-repeat:no-repeat;background-image:url(&quot;data:image\/svg+xml;base64,Cjxzdmcgd2lkdGg9IjcyMCIgaGVpZ2h0PSI0MDUiIHZlcnNpb249IjEuMSIgeG1sbnM9Imh0dHA6Ly93d3cudzMub3JnLzIwMDAvc3ZnIiB4bWxuczp4bGluaz0iaHR0cDovL3d3dy53My5vcmcvMTk5OS94bGluayI+CiAgPGRlZnM+CiAgICA8bGluZWFyR3JhZGllbnQgaWQ9ImciPgogICAgICA8c3RvcCBzdG9wLWNvbG9yPSIjMEIxODIzIiBvZmZzZXQ9IjIwJSIgLz4KICAgICAgPHN0b3Agc3RvcC1jb2xvcj0iIzFBMjczMiIgb2Zmc2V0PSI1MCUiIC8+CiAgICAgIDxzdG9wIHN0b3AtY29sb3I9IiMwQjE4MjMiIG9mZnNldD0iNzAlIiAvPgogICAgPC9saW5lYXJHcmFkaWVudD4KICA8L2RlZnM+CiAgPHJlY3Qgd2lkdGg9IjcyMCIgaGVpZ2h0PSI0MDUiIGZpbGw9IiMwQjE4MjMiIC8+CiAgPHJlY3QgaWQ9InIiIHdpZHRoPSI3MjAiIGhlaWdodD0iNDA1IiBmaWxsPSJ1cmwoI2cpIiAvPgogIDxhbmltYXRlIHhsaW5rOmhyZWY9IiNyIiBhdHRyaWJ1dGVOYW1lPSJ4IiBmcm9tPSItNzIwIiB0bz0iNzIwIiBkdXI9IjFzIiByZXBlYXRDb3VudD0iaW5kZWZpbml0ZSIgIC8+Cjwvc3ZnPg==&quot;)\"   src=\"https:\/\/www.europesays.com\/fi\/wp-content\/uploads\/2025\/09\/1758534849_211_imageproxy.a2d.tv\"\/>Katso t\u00e4st\u00e4 dramaattinen pudotus!<\/p>\n<p>3:17<img alt=\"Mira Luoti ja Anssi Heikkil\u00e4 kommentoivat yll\u00e4tyspudotusta: &quot;Ei t\u00e4llaista olisi osannut arvata&quot;\" data-testid=\"web-player-broker-image\" data-sentry-element=\"Image\" data-sentry-source-file=\"NextImage.tsx\" fetchpriority=\"low\" loading=\"lazy\" decoding=\"async\" data-nimg=\"fill\" class=\"transition duration-700 ease-in-out hover:scale-[1.05]\" style=\"position:absolute;height:100%;width:100%;left:0;top:0;right:0;bottom:0;color:transparent;background-size:cover;background-position:50% 50%;background-repeat:no-repeat;background-image:url(&quot;data:image\/svg+xml;base64,Cjxzdmcgd2lkdGg9IjcyMCIgaGVpZ2h0PSI0MDUiIHZlcnNpb249IjEuMSIgeG1sbnM9Imh0dHA6Ly93d3cudzMub3JnLzIwMDAvc3ZnIiB4bWxuczp4bGluaz0iaHR0cDovL3d3dy53My5vcmcvMTk5OS94bGluayI+CiAgPGRlZnM+CiAgICA8bGluZWFyR3JhZGllbnQgaWQ9ImciPgogICAgICA8c3RvcCBzdG9wLWNvbG9yPSIjMEIxODIzIiBvZmZzZXQ9IjIwJSIgLz4KICAgICAgPHN0b3Agc3RvcC1jb2xvcj0iIzFBMjczMiIgb2Zmc2V0PSI1MCUiIC8+CiAgICAgIDxzdG9wIHN0b3AtY29sb3I9IiMwQjE4MjMiIG9mZnNldD0iNzAlIiAvPgogICAgPC9saW5lYXJHcmFkaWVudD4KICA8L2RlZnM+CiAgPHJlY3Qgd2lkdGg9IjcyMCIgaGVpZ2h0PSI0MDUiIGZpbGw9IiMwQjE4MjMiIC8+CiAgPHJlY3QgaWQ9InIiIHdpZHRoPSI3MjAiIGhlaWdodD0iNDA1IiBmaWxsPSJ1cmwoI2cpIiAvPgogIDxhbmltYXRlIHhsaW5rOmhyZWY9IiNyIiBhdHRyaWJ1dGVOYW1lPSJ4IiBmcm9tPSItNzIwIiB0bz0iNzIwIiBkdXI9IjFzIiByZXBlYXRDb3VudD0iaW5kZWZpbml0ZSIgIC8+Cjwvc3ZnPg==&quot;)\"   src=\"https:\/\/www.europesays.com\/fi\/wp-content\/uploads\/2025\/09\/1758534849_804_imageproxy.a2d.tv\"\/><\/p>\n<p><a class=\"underline\" data-testid=\"external-link\" href=\"https:\/\/www.mtvuutiset.fi\/artikkeli\/suora-lahetys-noin-kello-21-30-pudonnut-ttk-pari-kertoo-tunnelmistaan\/9226894\" rel=\"noopener noreferrer nofollow\" data-sentry-component=\"ExternalLink\" data-sentry-source-file=\"ExternalLink.tsx\" target=\"_blank\"><strong class=\"typography-bold\">Katso pudonneen parin haastattelu yll\u00e4 olevalta videolta!<\/strong><\/a><\/p>\n<p>Lue my\u00f6s: <a class=\"underline\" data-testid=\"internal-link\" role=\"link\" data-sentry-element=\"Link\" data-sentry-component=\"InternalLink\" data-sentry-source-file=\"InternalLink.tsx\" href=\"https:\/\/www.mtvuutiset.fi\/artikkeli\/suora-lahetys-noin-kello-21-30-pudonnut-ttk-pari-kertoo-tunnelmistaan\/9226894\" rel=\"nofollow noopener\" target=\"_blank\">Mira Luoti ja Anssi Heikkil\u00e4 kommentoivat yll\u00e4tyspudotusta: &#8221;Ei t\u00e4llaista olisi osannut arvata&#8221;<\/a>Tanssii T\u00e4htien Kanssa MTV3-kanavalla ja\u00a0<a class=\"underline\" data-testid=\"external-link\" href=\"https:\/\/www.mtv.fi\/ohjelma\/5d872b916e7968c4206a\/tanssii-tahtien-kanssa\" rel=\"noopener noreferrer nofollow\" target=\"_blank\" data-sentry-component=\"ExternalLink\" data-sentry-source-file=\"ExternalLink.tsx\">MTV Katsomossa<\/a>\u00a0sunnuntaisin klo 19.30.<\/p>\n","protected":false},"excerpt":{"rendered":"Mira Luoti joutui eilen yll\u00e4tt\u00e4en j\u00e4tt\u00e4m\u00e4\u00e4n Tanssii T\u00e4htien Kanssa -kisan. Jukka Haapalainen l\u00e4hett\u00e4\u00e4 kotikatsomoihin painavan viestin. Tanssii T\u00e4htien&hellip;\n","protected":false},"author":2,"featured_media":35633,"comment_status":"","ping_status":"","sticky":false,"template":"","format":"standard","meta":{"footnotes":""},"categories":[133],"tags":[137,33,31,30,32,206,156,109],"class_list":{"0":"post-42056","1":"post","2":"type-post","3":"status-publish","4":"format-standard","5":"has-post-thumbnail","7":"category-televisiot","8":"tag-entertainment","9":"tag-fi","10":"tag-finland","11":"tag-finnish","12":"tag-suomi","13":"tag-televisiot","14":"tag-tv","15":"tag-viihde"},"share_on_mastodon":{"url":"","error":""},"_links":{"self":[{"href":"https:\/\/www.europesays.com\/fi\/wp-json\/wp\/v2\/posts\/42056","targetHints":{"allow":["GET"]}}],"collection":[{"href":"https:\/\/www.europesays.com\/fi\/wp-json\/wp\/v2\/posts"}],"about":[{"href":"https:\/\/www.europesays.com\/fi\/wp-json\/wp\/v2\/types\/post"}],"author":[{"embeddable":true,"href":"https:\/\/www.europesays.com\/fi\/wp-json\/wp\/v2\/users\/2"}],"replies":[{"embeddable":true,"href":"https:\/\/www.europesays.com\/fi\/wp-json\/wp\/v2\/comments?post=42056"}],"version-history":[{"count":0,"href":"https:\/\/www.europesays.com\/fi\/wp-json\/wp\/v2\/posts\/42056\/revisions"}],"wp:featuredmedia":[{"embeddable":true,"href":"https:\/\/www.europesays.com\/fi\/wp-json\/wp\/v2\/media\/35633"}],"wp:attachment":[{"href":"https:\/\/www.europesays.com\/fi\/wp-json\/wp\/v2\/media?parent=42056"}],"wp:term":[{"taxonomy":"category","embeddable":true,"href":"https:\/\/www.europesays.com\/fi\/wp-json\/wp\/v2\/categories?post=42056"},{"taxonomy":"post_tag","embeddable":true,"href":"https:\/\/www.europesays.com\/fi\/wp-json\/wp\/v2\/tags?post=42056"}],"curies":[{"name":"wp","href":"https:\/\/api.w.org\/{rel}","templated":true}]}}