{"id":42059,"date":"2025-09-22T09:56:08","date_gmt":"2025-09-22T09:56:08","guid":{"rendered":"https:\/\/www.europesays.com\/fi\/42059\/"},"modified":"2025-09-22T09:56:08","modified_gmt":"2025-09-22T09:56:08","slug":"arvostelu-the-life-of-chuck-on-stephen-king-elokuvaksi-melkoinen-yllatys","status":"publish","type":"post","link":"https:\/\/www.europesays.com\/fi\/42059\/","title":{"rendered":"Arvostelu | The Life of Chuck on Stephen King -elokuvaksi melkoinen yll\u00e4tys"},"content":{"rendered":"\n<p><strong>J\u00e4nnityksen mestareina tunnettujen Mike Flanaganin ja Stephen Kingin yhteisty\u00f6 yll\u00e4tt\u00e4\u00e4 molempien tekij\u00f6iden yst\u00e4v\u00e4t. Tom Hiddlestonin t\u00e4hditt\u00e4m\u00e4 elokuva kertoo niin el\u00e4m\u00e4n pienuudesta kuin suuruudestakin.<\/strong><\/p>\n<p><a href=\"https:\/\/www.europesays.com\/fi\/wp-content\/uploads\/2025\/09\/the-life-of-chuck-poster.jpg\"><img loading=\"lazy\" decoding=\"async\" class=\"alignleft wp-image-857851 awpo-lazy\" alt=\"The Life of Chuck juliste\" width=\"110\" height=\"157\"  data- src=\"https:\/\/www.europesays.com\/fi\/wp-content\/uploads\/2025\/09\/the-life-of-chuck-poster.jpg\"\/><\/a>Ensi-ilta: 26.9.2025<br \/>Alkuper\u00e4isnimi: The Life of Chuck<br \/>Ohjaus: Mike Flanagan<br \/>K\u00e4sikirjoitus: Mike Flanagan, pohjautuu Stephen Kingin tarinaan<br \/>P\u00e4\u00e4osissa: Tom Hiddleston, Chiwetel Ejiofor, Karen Gillan, Annalise Basso, Mark Hamill &amp; Jacob Tremblay<br \/>Pituus: 111 minuuttia<br \/>Ik\u00e4raja: K12<\/p>\n<p class=\"dropcap\">Suomen elokuvateattereissa on kahden viikon aikana saanut ensi-iltansa kaksi <strong>Stephen Kingin<\/strong> tuotantoon pohjautuvaa elokuvaa \u2013 The Long Walk ja <a href=\"https:\/\/muropaketti.com\/avainsana\/the-life-of-chuck\/\" rel=\"nofollow noopener\" target=\"_blank\">Chuckin ihmeellinen el\u00e4m\u00e4<\/a>. Molemmat n\u00e4ist\u00e4 eroavat perinteisemm\u00e4st\u00e4, kauhupainotteisesta King-materiaalista, mink\u00e4 lis\u00e4ksi molemmat eroavat t\u00e4ysin my\u00f6s toisistaan.<\/p>\n<p>Siin\u00e4 miss\u00e4 <a href=\"https:\/\/muropaketti.com\/elokuvat\/elokuva-arvostelut\/arvostelu-the-long-walk-on-hieno-julma-ja-tehokas-sovitus-stephen-kingin-romaanista\/\" target=\"_blank\" rel=\"noopener nofollow\">The Long Walk<\/a> on brutaalin intensiivinen tappotarina, on Chuckin ihmeellinen el\u00e4m\u00e4 puolestaan herkempi ja kuvastoltaan huomattavasti kevyempi. Se on kaukana niin Kingin kuin my\u00f6s ohjaajana toimivan <strong>Mike Flanaganin<\/strong> (The Haunting of Hill House) tyypillisemmist\u00e4 kauhutarinoista, mutta mit\u00e4 v\u00e4hemm\u00e4n elokuvasta tiet\u00e4\u00e4 etuk\u00e4teen, sit\u00e4 enemm\u00e4n se voi yll\u00e4tt\u00e4\u00e4.<\/p>\n<p>Chuckin ihmeellisen el\u00e4m\u00e4n tarina avautuu takaperoisesti lopusta alkaen kolmessa erillisess\u00e4, kesken\u00e4\u00e4n hyvin erin\u00e4k\u00f6isess\u00e4 n\u00e4yt\u00f6ksess\u00e4. T\u00e4m\u00e4 toimii samaan tapaan kuin Kingin alkuper\u00e4isess\u00e4, samannimisess\u00e4 novellissa (l\u00f6ytyy vuonna 2020 julkaistusta novellikokoelmasta \u201dIf It Bleeds\u201d, joka on julkaistu my\u00f6s suomeksi nimell\u00e4 \u201dMit\u00e4 enemm\u00e4n verta\u201d). Elokuva ei ole uskollinen alkuper\u00e4istarinalle pelk\u00e4st\u00e4\u00e4n teknisen rakenteensa osalta, se on sit\u00e4 my\u00f6s Flanaganin itsens\u00e4 k\u00e4sikirjoittaman tarinan osalta.<\/p>\n<p><a href=\"https:\/\/www.europesays.com\/fi\/wp-content\/uploads\/2025\/09\/life-of-chuck-mark-hamill.jpg\"><img fetchpriority=\"high\" decoding=\"async\" aria-describedby=\"caption-attachment-891606\" class=\"size-full wp-image-891606 awpo-lazy\" alt=\"The Life of Chuck \/ Mark Hamill\" width=\"1600\" height=\"855\"  data- src=\"https:\/\/www.europesays.com\/fi\/wp-content\/uploads\/2025\/09\/life-of-chuck-mark-hamill.jpg\"\/><\/a><\/p>\n<p id=\"caption-attachment-891606\" class=\"wp-caption-text\">Kuva: Scanbox Entertainment<\/p>\n<p>Maailmanloppu on tulossa<\/p>\n<p>Chuckin ihmeellinen el\u00e4m\u00e4 alkaa maailmanloppua muistuttavasta tilanteesta. Ihmisen aiheuttamat ja luonnonkatastrofit romuttavat el\u00e4m\u00e4\u00e4, Kalifornia on fyysisesti katoamassa kartalta, Saksassa on purkautunut tulivuori ja p\u00e4tkiv\u00e4 internet lopettaa lopulta kokonaan toimintansa.<\/p>\n<p><strong>Chiwetel Ejioforin<\/strong> esitt\u00e4m\u00e4 opettaja odottaa alkuj\u00e4rkytyksen j\u00e4lkeen kylm\u00e4n rauhallisesti lopullista tuhoa. H\u00e4nen sairaalassa ty\u00f6skentelev\u00e4 ex-vaimonsa (<strong>Karen Gillan<\/strong>) on puolestaan kyynistynyt itsemurha-aallolle. Sitten yll\u00e4tt\u00e4en kaikkialla alkaa n\u00e4ky\u00e4 outoja mainoksia, miss\u00e4 kiitell\u00e4\u00e4n Charles \u201cChuck\u201d Krantzia 39 mahtavasta vuodesta.<\/p>\n<p>Kukaan ei kuitenkaan tunnu tiet\u00e4v\u00e4n, kuka t\u00e4m\u00e4 <strong>Tom Hiddlestonin<\/strong> esitt\u00e4m\u00e4 Chuck on.<\/p>\n<p>T\u00e4m\u00e4 alkaa avautua <strong>Nick Offermanin<\/strong> kertoja\u00e4\u00e4nell\u00e4 my\u00f6hemmiss\u00e4 luvuissa, miss\u00e4 mukana n\u00e4hd\u00e4\u00e4n muun muassa <strong>Mark Hamill<\/strong>, <strong>Jacob Tremblay<\/strong>, <strong>Annalise Basso<\/strong> ja <strong>Mia Sara<\/strong>. Mutta mit\u00e4 v\u00e4hemm\u00e4n elokuvan tapahtumista tiet\u00e4\u00e4 etuk\u00e4teen, sen parempi. Siksi emme avaa tapahtumia t\u00e4m\u00e4n enemp\u00e4\u00e4 t\u00e4ss\u00e4k\u00e4\u00e4n arvostelussa.<\/p>\n<p>Elokuva kannattaa menn\u00e4 katsomaan mahdollisimman avoimin mielin, sill\u00e4 sen mysteerin (joka lopulta ei edes ole varsinainen mysteeri) avautuminen on kaunis kokemus.<\/p>\n<p><a href=\"https:\/\/www.europesays.com\/fi\/wp-content\/uploads\/2025\/09\/life-of-chuck-tom-hiddleston-2.jpg\"><img loading=\"lazy\" decoding=\"async\" aria-describedby=\"caption-attachment-891607\" class=\"size-full wp-image-891607 awpo-lazy\" alt=\"The Life of Chuck \/ Tom Hiddleston\" width=\"1600\" height=\"1067\"  data- src=\"https:\/\/www.europesays.com\/fi\/wp-content\/uploads\/2025\/09\/life-of-chuck-tom-hiddleston-2.jpg\"\/><\/a><\/p>\n<p id=\"caption-attachment-891607\" class=\"wp-caption-text\">Kuva: Scanbox Entertainment<\/p>\n<p>Kauniisti el\u00e4m\u00e4n tarkoituksesta<\/p>\n<p>Chuckin ihmeellinen el\u00e4m\u00e4 ei tarjoa lainkaan tuttua King-kauhua, vaan se kuuluu kirjailijan ihmisl\u00e4heisempien tarinoiden joukkoon. Varsinaisen j\u00e4nnityksen sijaan se kertoo alkuper\u00e4isen novellin tapaan pienen, mutta samalla suuren tarinan el\u00e4m\u00e4st\u00e4. Elokuva j\u00e4tt\u00e4\u00e4 mieleen it\u00e4m\u00e4\u00e4n siemenen, joka kasvaa n\u00e4kemisen j\u00e4lkeen ja antaa ajattelemisen aihetta.<\/p>\n<p>Siksi my\u00f6s sellaisten katsojien, jotka normaalisti eiv\u00e4t katso King-tuotantoja niiden sis\u00e4lt\u00e4m\u00e4n kauhun takia, kannattaa antaa Chuckille mahdollisuus.<\/p>\n<p>Elokuvassa ei lopulta tapahdu paljoakaan ja sen keskeisimm\u00e4ksi nousee kohtaus, miss\u00e4 Chuck alkaa tanssia keskell\u00e4 katua katusoittajan tahtiin. Kohtaus saattaa \u00e4kkiselt\u00e4\u00e4n tuntua irralliselta ja oudolta, mutta se kuvastaa sit\u00e4, millaiset asiat yksitt\u00e4isen ihmisen el\u00e4m\u00e4ss\u00e4 nousevatkaan t\u00e4rkeimmiksi. Se on maailmankaikkeuden mittakaavassa \u00e4\u00e4rimm\u00e4isen pieni asia, mutta yksitt\u00e4isen ihmisen el\u00e4m\u00e4ss\u00e4 se voi tarkoittaa paljon enemm\u00e4n kuin vaikkapa se, miten nopeasti asuntolainan on saanut maksettua.<\/p>\n<p>Ajan ja el\u00e4m\u00e4n skaalalla leikittelev\u00e4 elokuva kertoo kuvaavasti, kuinka lyhyen aikaa ihminen oikeastaan onkaan asuttanut maapalloa, kuinka mit\u00e4\u00e4nsanomattoman pieni yhden ihmisen el\u00e4m\u00e4 todellisuudessa on. Mutta samalla meille itsellemme kokemuksemme ovat valtavia, joskus koko el\u00e4m\u00e4\u00e4mme m\u00e4\u00e4rittelevi\u00e4. Miten pieneen voikaan mahtua niin paljon.<\/p>\n<p><a href=\"https:\/\/www.europesays.com\/fi\/wp-content\/uploads\/2025\/09\/life-of-chuck-karen-gillan.jpg\"><img loading=\"lazy\" decoding=\"async\" aria-describedby=\"caption-attachment-891605\" class=\"size-full wp-image-891605 awpo-lazy\" alt=\"The Life of Chuck \/ Karen Gillan\" width=\"1200\" height=\"1800\"  data- src=\"https:\/\/www.europesays.com\/fi\/wp-content\/uploads\/2025\/09\/life-of-chuck-karen-gillan.jpg\"\/><\/a><\/p>\n<p id=\"caption-attachment-891605\" class=\"wp-caption-text\">Kuva: Scanbox Entertainment<\/p>\n<p>Etenkin elokuvansa alkupuolella Flanagan tavoittaa Kingin alkuper\u00e4isen tarinan aavemaisen tunnelman. H\u00e4n pit\u00e4\u00e4 kokonaisuuden hillittyn\u00e4 ja hallittuna, ja keskittyy kuvaamaan maailmanloppua yksitt\u00e4isten ihmisten henkil\u00f6kohtaisesta n\u00e4k\u00f6kulmasta. Flanagan ei esimerkiksi vie katsojaa ihmettelem\u00e4\u00e4n katastrofia laajojen ilmakuvien kautta, koska t\u00e4llaisia eiv\u00e4t p\u00e4\u00e4se n\u00e4kem\u00e4\u00e4n tarinan hahmotkaan. Ohjaaja hallitsee erinomaisesti tilanteen, miss\u00e4 jotain on tapahtumassa, mutta kukaan ei oikein ymm\u00e4rr\u00e4 mit\u00e4.<\/p>\n<p>Elokuvan n\u00e4yt\u00f6kset ovat kesken\u00e4\u00e4n hyvin erilaisia niin visuaalisesti, tunnelmallisesti kuin kertomuksellisestikin. Kaikin puolin vaikuttavin on niist\u00e4 ensin esitetty, eteerisen aavemainen, mysteerin esittelev\u00e4 kolmas n\u00e4yt\u00f6s. Lopussa kaiken yhteen vet\u00e4v\u00e4 ensimm\u00e4inen n\u00e4yt\u00f6s on puolestaan perinteisemp\u00e4\u00e4n tarinankerrontaan nojaavana heikoin. Se sortuu liev\u00e4\u00e4n alleviivaavuuteen, etteiv\u00e4t vain tapahtumien yhteydet j\u00e4isi kenellek\u00e4\u00e4n ep\u00e4selv\u00e4ksi. Kokonaisuutena Chuckin ihmeellinen el\u00e4m\u00e4 kuitenkin her\u00e4ttelee kauniin vaikuttavalla tavalla ajatuksia el\u00e4m\u00e4n tarkoituksesta.<\/p>\n<p style=\"text-align: center;\"><strong>CHUCKIN IHMEELLINEN EL\u00c4M\u00c4<\/strong><\/p>\n<p style=\"text-align: center;\"><a href=\"https:\/\/www.europesays.com\/fi\/wp-content\/uploads\/2025\/09\/elokuva-arvostelu-tahdet-35.png\"><img loading=\"lazy\" decoding=\"async\" class=\"alignnone size-full wp-image-373477 awpo-lazy\" alt=\"3,5\/5\" width=\"180\" height=\"33\" src=\"https:\/\/www.europesays.com\/fi\/wp-content\/uploads\/2025\/09\/elokuva-arvostelu-tahdet-35.png\"\/><\/a><\/p>\n<p style=\"text-align: center;\">\u201dTanssivan Tom Hiddlestonin t\u00e4hditt\u00e4m\u00e4, Stephen Kingin tarinaan pohjautuva Chuckin ihmeellinen el\u00e4m\u00e4 on pienuudessaan kaunis elokuva, joka her\u00e4tt\u00e4\u00e4 ajatuksia el\u00e4m\u00e4n tarkoituksesta.\u201d<\/p>\n<p>\u00a0<\/p>\n","protected":false},"excerpt":{"rendered":"J\u00e4nnityksen mestareina tunnettujen Mike Flanaganin ja Stephen Kingin yhteisty\u00f6 yll\u00e4tt\u00e4\u00e4 molempien tekij\u00f6iden yst\u00e4v\u00e4t. Tom Hiddlestonin t\u00e4hditt\u00e4m\u00e4 elokuva kertoo&hellip;\n","protected":false},"author":2,"featured_media":42060,"comment_status":"","ping_status":"","sticky":false,"template":"","format":"standard","meta":{"footnotes":""},"categories":[131],"tags":[11166,155,137,33,173,31,30,11167,5908,4864,3750,172,1620,32,11168,11169,109],"class_list":{"0":"post-42059","1":"post","2":"type-post","3":"status-publish","4":"format-standard","5":"has-post-thumbnail","7":"category-elokuvat","8":"tag-chiwetel-ejiofor","9":"tag-elokuvat","10":"tag-entertainment","11":"tag-fi","12":"tag-film","13":"tag-finland","14":"tag-finnish","15":"tag-jacob-tremblay","16":"tag-karen-gillan","17":"tag-mark-hamill","18":"tag-mike-flanagan","19":"tag-movies","20":"tag-stephen-king","21":"tag-suomi","22":"tag-the-life-of-chuck","23":"tag-tom-hiddleston","24":"tag-viihde"},"share_on_mastodon":{"url":"","error":""},"_links":{"self":[{"href":"https:\/\/www.europesays.com\/fi\/wp-json\/wp\/v2\/posts\/42059","targetHints":{"allow":["GET"]}}],"collection":[{"href":"https:\/\/www.europesays.com\/fi\/wp-json\/wp\/v2\/posts"}],"about":[{"href":"https:\/\/www.europesays.com\/fi\/wp-json\/wp\/v2\/types\/post"}],"author":[{"embeddable":true,"href":"https:\/\/www.europesays.com\/fi\/wp-json\/wp\/v2\/users\/2"}],"replies":[{"embeddable":true,"href":"https:\/\/www.europesays.com\/fi\/wp-json\/wp\/v2\/comments?post=42059"}],"version-history":[{"count":0,"href":"https:\/\/www.europesays.com\/fi\/wp-json\/wp\/v2\/posts\/42059\/revisions"}],"wp:featuredmedia":[{"embeddable":true,"href":"https:\/\/www.europesays.com\/fi\/wp-json\/wp\/v2\/media\/42060"}],"wp:attachment":[{"href":"https:\/\/www.europesays.com\/fi\/wp-json\/wp\/v2\/media?parent=42059"}],"wp:term":[{"taxonomy":"category","embeddable":true,"href":"https:\/\/www.europesays.com\/fi\/wp-json\/wp\/v2\/categories?post=42059"},{"taxonomy":"post_tag","embeddable":true,"href":"https:\/\/www.europesays.com\/fi\/wp-json\/wp\/v2\/tags?post=42059"}],"curies":[{"name":"wp","href":"https:\/\/api.w.org\/{rel}","templated":true}]}}