{"id":42061,"date":"2025-09-22T09:58:08","date_gmt":"2025-09-22T09:58:08","guid":{"rendered":"https:\/\/www.europesays.com\/fi\/42061\/"},"modified":"2025-09-22T09:58:08","modified_gmt":"2025-09-22T09:58:08","slug":"ruotsissa-repesi-raivo-mm-kisaturisteista-ilta-sanomat","status":"publish","type":"post","link":"https:\/\/www.europesays.com\/fi\/42061\/","title":{"rendered":"Ruotsissa repesi raivo MM-kisaturisteista &#8211; Ilta-Sanomat"},"content":{"rendered":"<p>Sinikeltainen MM-joukkue joutui arvostelun kohteeksi.<\/p>\n<p class=\"article-body mb-nof-24 px-nof-16\">Ruotsissa ei puhuta yleisurheilun MM-kilpailujen yhteydess\u00e4 pelk\u00e4st\u00e4\u00e4n maan mitalikolmikosta.<\/p>\n<p class=\"article-body mb-nof-24 px-nof-16\"><a class=\"article-genericlink\" href=\"https:\/\/www.expressen.se\/sport\/friidrott\/ryter-ifran-mot-ordet-i-svt-sa-trott-pa-det\/\" rel=\"nofollow noopener\" target=\"_blank\">Expressen<\/a> kirjoitti, ett\u00e4 arvosteluiden kohteeksi joutui sinikeltaisen kisajoukkueen suuri koko. Maa l\u00e4hetti Tokioon 40 urheilijaa, mik\u00e4 oli historiallisen suurin m\u00e4\u00e4r\u00e4.<\/p>\n<p class=\"article-body mb-nof-24 px-nof-16\">Mitalisuosikkien ja debyyttiurheilijoiden ohella kirjoitettiin v\u00e4h\u00e4ttelev\u00e4n s\u00e4vyyn \u201dkisaturisteista\u201d. Ivallinen termi vakiintui lehdist\u00f6ss\u00e4 1990- ja 2000-luvuilla.<\/p>\n<p class=\"article-body mb-nof-24 px-nof-16\">Entinen kolmiloikan olympiavoittaja ja maailmanmestari <a class=\"article-personlink\" href=\"https:\/\/www.is.fi\/haku\/?query=Christian%20Olsson\" rel=\"nofollow noopener\" target=\"_blank\">Christian Olsson <\/a>suivaantui urheilijoiden arvostelusta.<\/p>\n<p class=\"article-body mb-nof-24 px-nof-16\">\u2013 Turistitermin k\u00e4ytt\u00e4minen on mukamas vain keskustelun synnytt\u00e4mist\u00e4. Olen niin kyll\u00e4stynyt ilmaisuun, Olsson jyrisi Expressenin mukaan SVT:n l\u00e4hetyksess\u00e4.<\/p>\n<p class=\"article-body mb-nof-24 px-nof-16\">\u2013 Jotkut esiintyv\u00e4t MM-kilpailuissa niin, ettei se ollut aivan linjassa sen kanssa, mink\u00e4 takia heid\u00e4t valittiin joukkueeseen. Se ei kuitenkaan tarkoita, ett\u00e4 he olisivat olleet paikalla vain katselemassa tai turisteina. Osallistuminen saattoi olla heille rakennuspalikka seuraaviin MM-kisoihin.<\/p>\n<p><img decoding=\"async\" src=\"https:\/\/www.europesays.com\/fi\/wp-content\/uploads\/2025\/09\/1758535088_984_468.jpg\" alt=\"Christian Olsson voitti MM-kultaa Pariisissa vuonna 2003.\" class=\"_Img_tdqg8_1\" style=\"aspect-ratio:1.241914618369987\" loading=\"eager\"\/><\/p>\n<p class=\"article-picture-caption\">Christian Olsson voitti MM-kultaa Pariisissa vuonna 2003. Kuva:\u00a0PENTTI NISSINEN<\/p>\n<p class=\"article-body mb-nof-24 px-nof-16\">Olympiavoittajan mielest\u00e4 ruotsalaisten ei pit\u00e4isi tuijottaa vain sokeasti mitaleja.<\/p>\n<p class=\"article-body mb-nof-24 px-nof-16\">\u2013 Et voi katsoa alasp\u00e4in kymmenett\u00e4 tai viidett\u00e4toista sijaa. Jos meill\u00e4 olisi kriteeri, ett\u00e4 meid\u00e4n on voitettava mitali, pystyisimme tuskin l\u00e4hett\u00e4m\u00e4\u00e4n jalkapallomaajoukkuettamme mihink\u00e4\u00e4n.<\/p>\n<p class=\"article-body mb-nof-24 px-nof-16\">My\u00f6s Ruotsin maajoukkuevalmentaja ja korkeushypyn maailmanmestari<a class=\"article-personlink\" href=\"https:\/\/www.is.fi\/haku\/?query=%20Kajsa%20Bergqvist\" rel=\"nofollow noopener\" target=\"_blank\"> Kajsa Bergqvist <\/a>sanoi turisteista puhumisen olevan ep\u00e4reilua. Bergqvist muistelee, ett\u00e4 h\u00e4nen urallaan urheilijat loukkaantuivat termist\u00e4 ja menettiv\u00e4t pahimmillaan jopa ruokahalunsa.<\/p>\n<p class=\"article-body mb-nof-24 px-nof-16\">Ruotsille kultamitalit Tokiosta toivat seiv\u00e4shypp\u00e4\u00e4j\u00e4 <a class=\"article-personlink\" href=\"https:\/\/www.is.fi\/haku\/?query=Armand%20Duplantis\" rel=\"nofollow noopener\" target=\"_blank\">Armand Duplantis <\/a>ja kiekonheitt\u00e4j\u00e4 <a class=\"article-personlink\" href=\"https:\/\/www.is.fi\/haku\/?query=Daniel%20St%C3%A5hl\" rel=\"nofollow noopener\" target=\"_blank\">Daniel St\u00e5hl<\/a>. <a class=\"article-personlink\" href=\"https:\/\/www.is.fi\/haku\/?query=Andreas%20Almgren\" rel=\"nofollow noopener\" target=\"_blank\">Andreas Almgren<\/a> saavutti 10\u202f000 metrin juoksussa pronssia.<\/p>\n<p class=\"article-body mb-nof-24 px-nof-16\">Suomesta MM-kisoihin valittiin 24 urheilijaa, joista <a class=\"article-personlink\" href=\"https:\/\/www.is.fi\/haku\/?query=Nooralotta%20Neziri\" rel=\"nofollow noopener\" target=\"_blank\">Nooralotta Neziri<\/a> joutui perumaan osallistumisensa loukkaantumisen vuoksi. Tuloksena oli nolla mitalia.<\/p>\n","protected":false},"excerpt":{"rendered":"Sinikeltainen MM-joukkue joutui arvostelun kohteeksi. Ruotsissa ei puhuta yleisurheilun MM-kilpailujen yhteydess\u00e4 pelk\u00e4st\u00e4\u00e4n maan mitalikolmikosta. Expressen kirjoitti, ett\u00e4 arvosteluiden&hellip;\n","protected":false},"author":2,"featured_media":42062,"comment_status":"","ping_status":"","sticky":false,"template":"","format":"standard","meta":{"footnotes":""},"categories":[158],"tags":[33,31,30,34,159,32,160],"class_list":{"0":"post-42061","1":"post","2":"type-post","3":"status-publish","4":"format-standard","5":"has-post-thumbnail","7":"category-urheilu","8":"tag-fi","9":"tag-finland","10":"tag-finnish","11":"tag-ilta-sanomat","12":"tag-sports","13":"tag-suomi","14":"tag-urheilu"},"share_on_mastodon":{"url":"","error":""},"_links":{"self":[{"href":"https:\/\/www.europesays.com\/fi\/wp-json\/wp\/v2\/posts\/42061","targetHints":{"allow":["GET"]}}],"collection":[{"href":"https:\/\/www.europesays.com\/fi\/wp-json\/wp\/v2\/posts"}],"about":[{"href":"https:\/\/www.europesays.com\/fi\/wp-json\/wp\/v2\/types\/post"}],"author":[{"embeddable":true,"href":"https:\/\/www.europesays.com\/fi\/wp-json\/wp\/v2\/users\/2"}],"replies":[{"embeddable":true,"href":"https:\/\/www.europesays.com\/fi\/wp-json\/wp\/v2\/comments?post=42061"}],"version-history":[{"count":0,"href":"https:\/\/www.europesays.com\/fi\/wp-json\/wp\/v2\/posts\/42061\/revisions"}],"wp:featuredmedia":[{"embeddable":true,"href":"https:\/\/www.europesays.com\/fi\/wp-json\/wp\/v2\/media\/42062"}],"wp:attachment":[{"href":"https:\/\/www.europesays.com\/fi\/wp-json\/wp\/v2\/media?parent=42061"}],"wp:term":[{"taxonomy":"category","embeddable":true,"href":"https:\/\/www.europesays.com\/fi\/wp-json\/wp\/v2\/categories?post=42061"},{"taxonomy":"post_tag","embeddable":true,"href":"https:\/\/www.europesays.com\/fi\/wp-json\/wp\/v2\/tags?post=42061"}],"curies":[{"name":"wp","href":"https:\/\/api.w.org\/{rel}","templated":true}]}}