{"id":42063,"date":"2025-09-22T09:59:07","date_gmt":"2025-09-22T09:59:07","guid":{"rendered":"https:\/\/www.europesays.com\/fi\/42063\/"},"modified":"2025-09-22T09:59:07","modified_gmt":"2025-09-22T09:59:07","slug":"nayttelija-tomi-alatalo-on-kuollut-kulttuuri","status":"publish","type":"post","link":"https:\/\/www.europesays.com\/fi\/42063\/","title":{"rendered":"N\u00e4yttelij\u00e4 Tomi Alatalo on kuollut | Kulttuuri"},"content":{"rendered":"<p class=\"aw-1gybjub aw-5vja16 cmIuaG zKETg yle__article__paragraph\">N\u00e4yttelij\u00e4 Tomi Alatalo kuoli sunnuntaina. H\u00e4n oli 44-vuotias.<\/p>\n<p><img decoding=\"async\" alt=\"Tomi Alatalo mustavalkokuvassa.\" src=\"https:\/\/www.europesays.com\/fi\/wp-content\/uploads\/2025\/09\/39-152680168d102d2c90ed.jpeg\" class=\"aw-1l9m598 hKVVvP\"\/><\/p>\n<p>Avaa kuvien katselu<\/p>\n<p>Keminmaalla varttunut n\u00e4yttelij\u00e4 Tomi Alatalo on kuollut. Kuva: Lehtikuva<\/p>\n<p class=\"aw-1gybjub aw-1p7kakr cmIuaG fmSRng yle__article__paragraph\">N\u00e4yttelij\u00e4 <strong class=\"aw-ak79eh KyCXm yle__article__strong\">Tomi Alatalo<\/strong> on kuollut. H\u00e4n oli syntynyt vuonna 1981. Asiasta kertoo <a class=\"aw-iao6s4 iHOxEa yle__article__link\" href=\"https:\/\/www.is.fi\/viihde\/art-2000011508935.html\" role=\"link\" rel=\"nofollow noopener\" target=\"_blank\">Ilta-Sanomat<\/a>, joka on saanut tiedon Digi- ja v\u00e4est\u00f6tietovirastosta.<\/p>\n<p class=\"aw-1gybjub aw-1p7kakr cmIuaG fmSRng yle__article__paragraph\">Keminmaassa Lapissa varttunut Alatalo teki rooleja kotimaisissa tv-sarjoissa ja elokuvissa sek\u00e4 vieraili n\u00e4yttelij\u00e4n\u00e4 useissa eri teattereissa. Alatalo valmistui ammattiin Tampereen yliopistosta vuonna 2009.<\/p>\n<p class=\"aw-1gybjub aw-1p7kakr cmIuaG fmSRng yle__article__paragraph\">H\u00e4n k\u00e4vi lis\u00e4ksi opiskelemassa corporeal mime -tekniikkaa Lontoossa. Corporeal mime on yksi fyysisen teatterin suuntauksista, jonka osaajia on Suomessa vain kourallinen.<\/p>\n<p class=\"aw-1gybjub aw-1p7kakr cmIuaG fmSRng yle__article__paragraph\">Alatalo teki laajasti t\u00f6it\u00e4 eri teatterissa, ja oli yksi ohjaaja <strong class=\"aw-ak79eh KyCXm yle__article__strong\">Juha Hurmeen<\/strong> luotton\u00e4yttelij\u00f6ist\u00e4. Alatalo teki roolin muun muassa Hurmeen ohjaamassa Jumalaisessa N\u00e4ytelm\u00e4ss\u00e4 Espoon Kaupunginteatterissa vuonna 2022.<\/p>\n<p class=\"aw-1gybjub aw-1p7kakr cmIuaG fmSRng yle__article__paragraph\">Viime vuonna Alatalo n\u00e4ytteli Turun kaupunginteatterin n\u00e4ytelm\u00e4ss\u00e4 Lou Salom\u00e9 <strong class=\"aw-ak79eh KyCXm yle__article__strong\">Friedrich Nietsche\u00e4<\/strong>.<\/p>\n<p class=\"aw-1gybjub aw-1p7kakr cmIuaG fmSRng yle__article__paragraph\">Alatalo vilahti useiden kotimaisten tv-sarjojen sivurooleissa. Ylen komediasarjassa Rakkaat lapset h\u00e4n n\u00e4ytteli per\u00e4ti kymmeness\u00e4 jaksossa.<\/p>\n<p class=\"aw-1gybjub aw-1p7kakr cmIuaG fmSRng yle__article__paragraph\">Elokuvaroolit j\u00e4iv\u00e4t v\u00e4h\u00e4isiksi. Alatalo <a class=\"aw-iao6s4 iHOxEa yle__article__link\" href=\"https:\/\/yle.fi\/aihe\/a\/20-261787\" role=\"link\" rel=\"nofollow noopener\" target=\"_blank\">debytoi elokuvan\u00e4yttelij\u00e4n\u00e4<\/a> pitk\u00e4ss\u00e4 kotimaisessa elokuvassa Anna mulle lovee (2016), joka kertoo legendaarisen Love Records -levy-yhti\u00f6n tarinan. Alatalo esitti siin\u00e4 <strong class=\"aw-ak79eh KyCXm yle__article__strong\">Henrik-Otto Donneria<\/strong>.<\/p>\n<p class=\"aw-1gybjub aw-1p7kakr cmIuaG fmSRng yle__article__paragraph\">Alatalo on sivuroolissa my\u00f6s <strong class=\"aw-ak79eh KyCXm yle__article__strong\">Oskari Sipolan<\/strong> ohjaamassa elokuvassa Anna minun rakastaa enemm\u00e4n, joka tulee ensi-iltaan 3. lokakuuta.<\/p>\n<p class=\"aw-1gybjub aw-1p7kakr cmIuaG fmSRng yle__article__paragraph\">Alatalo harrasti musiikkia ja skeittausta.<\/p>\n","protected":false},"excerpt":{"rendered":"N\u00e4yttelij\u00e4 Tomi Alatalo kuoli sunnuntaina. H\u00e4n oli 44-vuotias. Avaa kuvien katselu Keminmaalla varttunut n\u00e4yttelij\u00e4 Tomi Alatalo on kuollut.&hellip;\n","protected":false},"author":2,"featured_media":42064,"comment_status":"","ping_status":"","sticky":false,"template":"","format":"standard","meta":{"footnotes":""},"categories":[130],"tags":[137,33,31,30,4217,108,4223,622,32,3336,11170,109],"class_list":{"0":"post-42063","1":"post","2":"type-post","3":"status-publish","4":"format-standard","5":"has-post-thumbnail","7":"category-viihde","8":"tag-entertainment","9":"tag-fi","10":"tag-finland","11":"tag-finnish","12":"tag-kotimaiset-elokuvat","13":"tag-kulttuuri","14":"tag-kuolleet","15":"tag-nayttelijat","16":"tag-suomi","17":"tag-teatteri","18":"tag-tomi-alatalo","19":"tag-viihde"},"share_on_mastodon":{"url":"","error":""},"_links":{"self":[{"href":"https:\/\/www.europesays.com\/fi\/wp-json\/wp\/v2\/posts\/42063","targetHints":{"allow":["GET"]}}],"collection":[{"href":"https:\/\/www.europesays.com\/fi\/wp-json\/wp\/v2\/posts"}],"about":[{"href":"https:\/\/www.europesays.com\/fi\/wp-json\/wp\/v2\/types\/post"}],"author":[{"embeddable":true,"href":"https:\/\/www.europesays.com\/fi\/wp-json\/wp\/v2\/users\/2"}],"replies":[{"embeddable":true,"href":"https:\/\/www.europesays.com\/fi\/wp-json\/wp\/v2\/comments?post=42063"}],"version-history":[{"count":0,"href":"https:\/\/www.europesays.com\/fi\/wp-json\/wp\/v2\/posts\/42063\/revisions"}],"wp:featuredmedia":[{"embeddable":true,"href":"https:\/\/www.europesays.com\/fi\/wp-json\/wp\/v2\/media\/42064"}],"wp:attachment":[{"href":"https:\/\/www.europesays.com\/fi\/wp-json\/wp\/v2\/media?parent=42063"}],"wp:term":[{"taxonomy":"category","embeddable":true,"href":"https:\/\/www.europesays.com\/fi\/wp-json\/wp\/v2\/categories?post=42063"},{"taxonomy":"post_tag","embeddable":true,"href":"https:\/\/www.europesays.com\/fi\/wp-json\/wp\/v2\/tags?post=42063"}],"curies":[{"name":"wp","href":"https:\/\/api.w.org\/{rel}","templated":true}]}}