{"id":42081,"date":"2025-09-22T10:22:09","date_gmt":"2025-09-22T10:22:09","guid":{"rendered":"https:\/\/www.europesays.com\/fi\/42081\/"},"modified":"2025-09-22T10:22:09","modified_gmt":"2025-09-22T10:22:09","slug":"illan-leffa-on-raskas-synkka-ja-hienotunteinen-eepos-joidenkin-mielesta-paras-supersankarielokuva-ikina","status":"publish","type":"post","link":"https:\/\/www.europesays.com\/fi\/42081\/","title":{"rendered":"Illan leffa on &#8221;raskas, synkk\u00e4 ja hienotunteinen eepos&#8221; &#8211; joidenkin mielest\u00e4 paras supersankarielokuva ikin\u00e4"},"content":{"rendered":"<p>Illalla voi katsella tummas\u00e4vyisen supersankarielokuvan The Batman (2022).<\/p>\n<p>Bruce Wayne on taistellut rikollisuutta vastaan Batmanin hahmossa kaksi vuotta. Kun julma sarjamurhaaja kohdistaa hy\u00f6kk\u00e4yksens\u00e4 kaupungin vaikutusvaltaisiin, salaper\u00e4iset vihjeet johdattavat Batmanin syv\u00e4lle Gotham Cityn rikolliseen alamaailmaan.<\/p>\n<p>N\u00e4yttelij\u00f6in\u00e4 <strong>Robert Pattinson, Zo\u00eb Kravitz, Paul Dano, Jeffrey Wright, John Turturro, Peter Sarsgaard, Andy Serkis <\/strong>sek\u00e4 <strong>Colin Farrell<\/strong>. Ohjaajana <strong>Matt Reeves<\/strong>. Reeves nousi elokuvapiirien tietoisuuteen ohjattuaan hirvi\u00f6ill\u00e4 kuorrutetun katastrofileffan Cloverfield (2008). H\u00e4nen t\u00f6ihins\u00e4 kuuluvat my\u00f6s vampyyridraama Yst\u00e4v\u00e4t h\u00e4m\u00e4r\u00e4n j\u00e4lkeen (2010) sek\u00e4 ylistetyt tieteiselokuvat Apinoiden planeetan vallankumous (2014) ja Sota apinoiden planeetasta (2017).<\/p>\n<p>Episodin <a href=\"https:\/\/www.episodi.fi\/elokuvat\/the-batman\/\" rel=\"nofollow noopener\" target=\"_blank\">arvostelussa<\/a> elokuva sai viisi t\u00e4hte\u00e4:<\/p>\n<p>\u201dThe Batman on kaikkien aikojen supersankarielokuva. Raskas, synkk\u00e4 ja hienotunteinen eepos todella liikuttaa. Ohjaaja Matt Reeves kasaa uskomattoman m\u00e4\u00e4r\u00e4n tarinaa ja tunnetta kolmeen tuntiin, joka vie jalat alta \u2013 eik\u00e4 niit\u00e4 j\u00e4\u00e4 kaipaamaan.\u201d<\/p>\n<p>Robert Pattinson paljasti, ett\u00e4 koe-esiintyess\u00e4\u00e4n Batmanin rooliin h\u00e4n nappasi lepakkopuvussa ollessaan salaa selfien, koska h\u00e4n halusi muiston: \u201dIhan vain silt\u00e4 varalta, ettei homma olisi onnistunut.\u201d<\/p>\n<p>Colin Farrell puolestaan kertoi menneens\u00e4 Warner Brosin alueella sijaitsevaan Starbucksiin Pingviini-maskeerauksessaan. Kukaan ei tunnistanut h\u00e4nt\u00e4, mutta muutamat ihmiset tuijottivat h\u00e4nt\u00e4.<\/p>\n<p>Elokuva on my\u00f6s HBO Maxissa. Alla traileri.<\/p>\n<p>Tulevat l\u00e4hetykset:<\/p>\n<ul class=\"wp-block-list\">\n<li>Ma 22.9.2025 klo 21.00, Kutonen<\/li>\n<\/ul>\n<p>Lue my\u00f6s: <a href=\"https:\/\/www.episodi.fi\/uutiset\/tata-mielta-robert-pattinson-on-the-batman-2n-kasikirjoituksesta\/\" title=\"T\u00e4t\u00e4 mielt\u00e4 Robert Pattinson on The Batman 2:n k\u00e4sikirjoituksesta\" class=\"underline-custom !font-montserrat !font-bold !underline-offset-4 !decoration-4 !decoration-episodi-blue !text-md\" rel=\"nofollow noopener\" target=\"_blank\">T\u00e4t\u00e4 mielt\u00e4 Robert Pattinson on The Batman 2:n k\u00e4sikirjoituksesta<\/a><\/p>\n<p>Lue my\u00f6s: <a href=\"https:\/\/www.episodi.fi\/uutiset\/valehteleeko-james-gunn-kyse-on-batmanin-logosta\/\" title=\"Valehteleeko James Gunn? \u2013 Kyse on Batmanin logosta\" class=\"underline-custom !font-montserrat !font-bold !underline-offset-4 !decoration-4 !decoration-episodi-blue !text-md\" rel=\"nofollow noopener\" target=\"_blank\">Valehteleeko James Gunn? \u2013 Kyse on Batmanin logosta<\/a><\/p>\n<p>Lue my\u00f6s: <a href=\"https:\/\/www.episodi.fi\/uutiset\/jennifer-lawrence-ja-robert-pattinson-keskella-kuumaa-rakkautta-ja-jarjetonta-hulluutta-die-my-darling-sai-trailerin\/\" title=\"Jennifer Lawrence ja Robert Pattinson keskell\u00e4 kuumaa rakkautta ja j\u00e4rjet\u00f6nt\u00e4 hulluutta \u2013 Die My Darling sai trailerin\" class=\"underline-custom !font-montserrat !font-bold !underline-offset-4 !decoration-4 !decoration-episodi-blue !text-md\" rel=\"nofollow noopener\" target=\"_blank\">Jennifer Lawrence ja Robert Pattinson keskell\u00e4 kuumaa rakkautta ja j\u00e4rjet\u00f6nt\u00e4 hulluutta \u2013 Die My Darling sai trailerin<\/a><\/p>\n<p>Lue my\u00f6s: <a href=\"https:\/\/www.episodi.fi\/uutiset\/tama-nayttelija-muutti-top-gun-tahden-mukaan-hollywoodin-miesihanteen-sen-jalkeen-kaikki-ei-ollut-niin-synkkaa\/\" title=\"T\u00e4m\u00e4 n\u00e4yttelij\u00e4 muutti Top Gun -t\u00e4hden mukaan Hollywoodin miesihanteen \u2013 \u201dSen j\u00e4lkeen kaikki ei ollut niin synkk\u00e4\u00e4\u201d\" class=\"underline-custom !font-montserrat !font-bold !underline-offset-4 !decoration-4 !decoration-episodi-blue !text-md\" rel=\"nofollow noopener\" target=\"_blank\">T\u00e4m\u00e4 n\u00e4yttelij\u00e4 muutti Top Gun -t\u00e4hden mukaan Hollywoodin miesihanteen \u2013 \u201dSen j\u00e4lkeen kaikki ei ollut niin synkk\u00e4\u00e4\u201d<\/a><\/p>\n<p><img loading=\"lazy\" decoding=\"async\" alt=\"YouTube video\" width=\"480\" height=\"360\" data-pin-nopin=\"true\" nopin=\"nopin\" class=\"perfmatters-lazy\" src=\"https:\/\/www.europesays.com\/fi\/wp-content\/uploads\/2025\/09\/1758536529_523_hqdefault.jpg\"\/><\/p>\n<p>L\u00e4hde: <a href=\"https:\/\/www.imdb.com\/title\/tt1877830\/?ref_=tttrv_ov_bk\" target=\"_blank\" rel=\"noreferrer noopener nofollow\">IMDb<\/a><\/p>\n<p>Lue my\u00f6s: <a href=\"https:\/\/www.episodi.fi\/uutiskirje\/?uutiskirjemainos=tekstilinkkimainos\" title=\"Tilaa Episodin uutiskirje ja voit voittaa leffalippuja! Nappaa tv-vinkit suoraan s\u00e4hk\u00f6postiin t\u00e4st\u00e4.\" class=\"underline-custom !font-montserrat !font-bold !underline-offset-4 !decoration-4 !decoration-episodi-blue !text-md\" rel=\"nofollow noopener\" target=\"_blank\">Tilaa Episodin uutiskirje ja voit voittaa leffalippuja! Nappaa katseluvinkit suoraan s\u00e4hk\u00f6postiin t\u00e4st\u00e4.<\/a><\/p>\n","protected":false},"excerpt":{"rendered":"Illalla voi katsella tummas\u00e4vyisen supersankarielokuvan The Batman (2022). Bruce Wayne on taistellut rikollisuutta vastaan Batmanin hahmossa kaksi vuotta.&hellip;\n","protected":false},"author":2,"featured_media":39954,"comment_status":"","ping_status":"","sticky":false,"template":"","format":"standard","meta":{"footnotes":""},"categories":[131],"tags":[155,137,33,173,31,30,172,32,139,109],"class_list":{"0":"post-42081","1":"post","2":"type-post","3":"status-publish","4":"format-standard","5":"has-post-thumbnail","7":"category-elokuvat","8":"tag-elokuvat","9":"tag-entertainment","10":"tag-fi","11":"tag-film","12":"tag-finland","13":"tag-finnish","14":"tag-movies","15":"tag-suomi","16":"tag-tv-ohjelmat","17":"tag-viihde"},"share_on_mastodon":{"url":"","error":""},"_links":{"self":[{"href":"https:\/\/www.europesays.com\/fi\/wp-json\/wp\/v2\/posts\/42081","targetHints":{"allow":["GET"]}}],"collection":[{"href":"https:\/\/www.europesays.com\/fi\/wp-json\/wp\/v2\/posts"}],"about":[{"href":"https:\/\/www.europesays.com\/fi\/wp-json\/wp\/v2\/types\/post"}],"author":[{"embeddable":true,"href":"https:\/\/www.europesays.com\/fi\/wp-json\/wp\/v2\/users\/2"}],"replies":[{"embeddable":true,"href":"https:\/\/www.europesays.com\/fi\/wp-json\/wp\/v2\/comments?post=42081"}],"version-history":[{"count":0,"href":"https:\/\/www.europesays.com\/fi\/wp-json\/wp\/v2\/posts\/42081\/revisions"}],"wp:featuredmedia":[{"embeddable":true,"href":"https:\/\/www.europesays.com\/fi\/wp-json\/wp\/v2\/media\/39954"}],"wp:attachment":[{"href":"https:\/\/www.europesays.com\/fi\/wp-json\/wp\/v2\/media?parent=42081"}],"wp:term":[{"taxonomy":"category","embeddable":true,"href":"https:\/\/www.europesays.com\/fi\/wp-json\/wp\/v2\/categories?post=42081"},{"taxonomy":"post_tag","embeddable":true,"href":"https:\/\/www.europesays.com\/fi\/wp-json\/wp\/v2\/tags?post=42081"}],"curies":[{"name":"wp","href":"https:\/\/api.w.org\/{rel}","templated":true}]}}