{"id":42088,"date":"2025-09-22T10:29:08","date_gmt":"2025-09-22T10:29:08","guid":{"rendered":"https:\/\/www.europesays.com\/fi\/42088\/"},"modified":"2025-09-22T10:29:08","modified_gmt":"2025-09-22T10:29:08","slug":"media-suomalaismies-puukotti-kahta-kambodzassa","status":"publish","type":"post","link":"https:\/\/www.europesays.com\/fi\/42088\/","title":{"rendered":"Media: Suomalaismies puukotti kahta Kambod\u017eassa"},"content":{"rendered":"<p>Suomalaismies oli varustautunut kahdella ter\u00e4aseella.<\/p>\n<p><img decoding=\"async\" class=\"image image-show image-preview\" src=\"https:\/\/www.europesays.com\/fi\/wp-content\/uploads\/2025\/09\/fd1f12561a69eca45286a9e997265d04a7496db2cb7e035957487297a8291559.jpg\" alt=\"\"\/><img decoding=\"async\" class=\"image image-show\" src=\"https:\/\/www.europesays.com\/fi\/wp-content\/uploads\/2025\/09\/1758536948_574_fd1f12561a69eca45286a9e997265d04a7496db2cb7e035957487297a8291559.jpg\" alt=\"\"\/><\/p>\n<p>Phnom Penhin sotilaspoliisit pid\u00e4ttiv\u00e4t kahta ihmist\u00e4 puukottaneen suomalaismiehen varhain lauantaina. Kuvituskuva. EPA\/AOP<\/p>\n<p class=\"paragraph\">Suomalaismies puukotti kahta ihmist\u00e4 Kambod\u017ean p\u00e4\u00e4kaupungissa Phnom Penhiss\u00e4 varhain lauantaiaamuna, paikallinen media uutisoi.<\/p>\n<p class=\"paragraph\">Uutisen mukaan 47-vuotias suomalaismies oli varustautunut kahdella ter\u00e4aseella hy\u00f6k\u00e4tess\u00e4\u00e4n asuinrakennuksen vastaanottovirkailijaa vastaan.<\/p>\n<p class=\"paragraph\">Mies oli kimpaantunut vastaanottovirkailijalle, kun t\u00e4m\u00e4 ei suostunut lainaamaan h\u00e4nelle rahaa tuk-tuk-kyydin maksamiseksi, media kertoo.<\/p>\n<p class=\"paragraph\">Teko tallentui valvontakameroihin. Videomateriaalista on n\u00e4ht\u00e4vill\u00e4, kuinka suomalaismies heiluttelee ter\u00e4aseitaan ennen kuin tarttuu naista kaulasta ja hy\u00f6kk\u00e4\u00e4 t\u00e4m\u00e4n kimppuun. Videon perusteella suomalaismies n\u00e4ytt\u00e4\u00e4 iskev\u00e4n my\u00f6s tilanteeseen puuttunutta miest\u00e4, joka iskun j\u00e4lkeen pitelee p\u00e4\u00e4t\u00e4ns\u00e4.<\/p>\n<p class=\"paragraph\">Paikallisen median mukaan nainen sai vakavia vammoja. Uutisen mukaan suomalaismies hy\u00f6kk\u00e4si my\u00f6s tilanteeseen puuttuneita vartijoita vastaan.<\/p>\n<p class=\"paragraph\">Phnom Penhin sotilaspoliisit pid\u00e4ttiv\u00e4t suomalaismiehen saavuttuaan rikospaikalle.<\/p>\n<p class=\"paragraph\">Ulkoministeri\u00f6n viestinn\u00e4st\u00e4 kerrotaan Iltalehdelle, ett\u00e4 he ovat tietoisia \u201dkansainv\u00e4lisess\u00e4 mediassa olleista uutisista\u201d ja ett\u00e4 asiaa selvitell\u00e4\u00e4n. Yksitt\u00e4ist\u00e4 henkil\u00f6\u00e4 koskevaa tapausta ulkoministeri\u00f6 ei kuitenkaan kommentoi t\u00e4m\u00e4n enemp\u00e4\u00e4.<\/p>\n","protected":false},"excerpt":{"rendered":"Suomalaismies oli varustautunut kahdella ter\u00e4aseella. Phnom Penhin sotilaspoliisit pid\u00e4ttiv\u00e4t kahta ihmist\u00e4 puukottaneen suomalaismiehen varhain lauantaina. Kuvituskuva. EPA\/AOP Suomalaismies&hellip;\n","protected":false},"author":2,"featured_media":42089,"comment_status":"","ping_status":"","sticky":false,"template":"","format":"standard","meta":{"footnotes":""},"categories":[14],"tags":[35,22,23,26,27,33,31,30,17,55,24,25,28,29,15,18,21,122,54,52,32,19,20,546,56,16,59,60,61],"class_list":{"0":"post-42088","1":"post","2":"type-post","3":"status-publish","4":"format-standard","5":"has-post-thumbnail","7":"category-ulkomaat","8":"tag-24h","9":"tag-breaking-news","10":"tag-breakingnews","11":"tag-featured-news","12":"tag-featurednews","13":"tag-fi","14":"tag-finland","15":"tag-finnish","16":"tag-headlines","17":"tag-lainvalvonta","18":"tag-latest-news","19":"tag-latestnews","20":"tag-main-news","21":"tag-mainnews","22":"tag-news","23":"tag-otsikot","24":"tag-paauutiset","25":"tag-pelastaminen","26":"tag-pelastuspalvelut","27":"tag-poliisi","28":"tag-suomi","29":"tag-top-stories","30":"tag-topstories","31":"tag-turvallisuus","32":"tag-ulkomaat","33":"tag-uutiset","34":"tag-world","35":"tag-world-news","36":"tag-worldnews"},"share_on_mastodon":{"url":"","error":""},"_links":{"self":[{"href":"https:\/\/www.europesays.com\/fi\/wp-json\/wp\/v2\/posts\/42088","targetHints":{"allow":["GET"]}}],"collection":[{"href":"https:\/\/www.europesays.com\/fi\/wp-json\/wp\/v2\/posts"}],"about":[{"href":"https:\/\/www.europesays.com\/fi\/wp-json\/wp\/v2\/types\/post"}],"author":[{"embeddable":true,"href":"https:\/\/www.europesays.com\/fi\/wp-json\/wp\/v2\/users\/2"}],"replies":[{"embeddable":true,"href":"https:\/\/www.europesays.com\/fi\/wp-json\/wp\/v2\/comments?post=42088"}],"version-history":[{"count":0,"href":"https:\/\/www.europesays.com\/fi\/wp-json\/wp\/v2\/posts\/42088\/revisions"}],"wp:featuredmedia":[{"embeddable":true,"href":"https:\/\/www.europesays.com\/fi\/wp-json\/wp\/v2\/media\/42089"}],"wp:attachment":[{"href":"https:\/\/www.europesays.com\/fi\/wp-json\/wp\/v2\/media?parent=42088"}],"wp:term":[{"taxonomy":"category","embeddable":true,"href":"https:\/\/www.europesays.com\/fi\/wp-json\/wp\/v2\/categories?post=42088"},{"taxonomy":"post_tag","embeddable":true,"href":"https:\/\/www.europesays.com\/fi\/wp-json\/wp\/v2\/tags?post=42088"}],"curies":[{"name":"wp","href":"https:\/\/api.w.org\/{rel}","templated":true}]}}