{"id":42118,"date":"2025-09-22T11:09:13","date_gmt":"2025-09-22T11:09:13","guid":{"rendered":"https:\/\/www.europesays.com\/fi\/42118\/"},"modified":"2025-09-22T11:09:13","modified_gmt":"2025-09-22T11:09:13","slug":"mailis-penttila-meni-naimisiin-ilta-sanomat","status":"publish","type":"post","link":"https:\/\/www.europesays.com\/fi\/42118\/","title":{"rendered":"Mailis Penttil\u00e4 meni naimisiin &#8211; Ilta-Sanomat"},"content":{"rendered":"<p>Penttil\u00e4 juhli h\u00e4it\u00e4\u00e4n ulkomailla.<\/p>\n<p class=\"article-body mb-nof-24 px-nof-16\">Leipuri-missi-somevaikuttaja <a class=\"article-personlink\" href=\"https:\/\/www.is.fi\/haku\/?query=Mailis%20Penttil%C3%A4\" rel=\"nofollow noopener\" target=\"_blank\">Mailis Penttil\u00e4<\/a> on mennyt naimisiin.<\/p>\n<p class=\"article-body mb-nof-24 px-nof-16\">Onnellinen sulhanen on pitk\u00e4aikainen kumppani <a class=\"article-personlink\" href=\"https:\/\/www.is.fi\/haku\/?query=Pekka%20Koskinen\" rel=\"nofollow noopener\" target=\"_blank\">Pekka Koskinen<\/a>.<\/p>\n<p class=\"article-body mb-nof-24 px-nof-16\">Asia k\u00e4y ilmi h\u00e4nen <a class=\"article-genericlink\" href=\"https:\/\/www.instagram.com\/mailispenttila\/\" rel=\"nofollow noopener\" target=\"_blank\">Instagram-tililt\u00e4\u00e4n<\/a>. Tili on yksityinen, mutta sill\u00e4 on 35\u202f000 seuraajaa.<\/p>\n<p class=\"article-body mb-nof-24 px-nof-16\">Penttil\u00e4, 35, on julkaissut kymmenen kuvaa kattavan kuvasarjan h\u00e4ist\u00e4.<\/p>\n<p class=\"article-body mb-nof-24 px-nof-16\">H\u00e4\u00e4t j\u00e4rjestettiin ulkomailla. Penttil\u00e4n perhe asuu Espanjassa.<\/p>\n<p class=\"article-body mb-nof-24 px-nof-16\">Kuvissa n\u00e4kyy vehre\u00e4\u00e4, pastoraalista nummi- ja maaseutumaisemaa. S\u00e4\u00e4 n\u00e4ytt\u00e4\u00e4 suosineen. Pihamaalle on levitetty kokovalkoisia p\u00f6yt\u00e4asetelmia, joiden yll\u00e4 roikkuu n\u00e4ytt\u00e4vi\u00e4 kattokruunuja. Kaikki on kuorrutettu valkeilla kukka-asetelmilla.<\/p>\n<p class=\"article-body mb-nof-24 px-nof-16\">Yhdess\u00e4 kuvassa Penttil\u00e4 ja Koskinen astelevat kukilla koristellun portin l\u00e4pi h\u00e4\u00e4vieraiden hurratessa. Toisessa vastavihitty pari k\u00e4velee ulos kartanosta.<\/p>\n<p><img decoding=\"async\" src=\"https:\/\/www.europesays.com\/fi\/wp-content\/uploads\/2025\/09\/1758539353_220_468.jpg\" alt=\"Pekka Koskinen ja Mailis Penttil\u00e4 vuonna 2017.\" class=\"_Img_tdqg8_1\" style=\"aspect-ratio:1.0835214446952597\" loading=\"eager\"\/><\/p>\n<p class=\"article-picture-caption\">Pekka Koskinen ja Mailis Penttil\u00e4 vuonna 2017. Kuva:\u00a0Jonna Ohrnberg<\/p>\n<p class=\"article-body mb-nof-24 px-nof-16\">Mailis Penttil\u00e4ll\u00e4 on kuvissa yll\u00e4\u00e4n valkoinen, leve\u00e4helmainen h\u00e4\u00e4mekko, jonka olkaimet ovat niin sanottua off shoulder -mallia. Ne siis paljastavat olkap\u00e4\u00e4t. Sek\u00e4 mekon ett\u00e4 hunnun laahukset ovat pitki\u00e4. Penttil\u00e4n ovat laineilla, mutta kammattu taakse. H\u00e4n kantaa kuvissa valkeaa pionikimppua.<\/p>\n<p class=\"article-body mb-nof-24 px-nof-16\">Pekka Koskinen on sonnustautunut kuvissa tummaan pukuun ja mustaan rusettiin.<\/p>\n<p class=\"article-body mb-nof-24 px-nof-16\">Kuvissa n\u00e4kyy my\u00f6s parin h\u00e4\u00e4tanssi ja h\u00e4\u00e4kakun leikkuu. Leikkuuta seuraa parin vuonna 2021 syntynyt esikoistyt\u00e4r. Toisessa kuvassa n\u00e4kyy koria kantava pieni tytt\u00f6.<\/p>\n<p class=\"article-body mb-nof-24 px-nof-16\">Penttil\u00e4 ja Koskinen ovat olleet yhdess\u00e4 kymmenisen vuotta. Tytt\u00e4ren lis\u00e4ksi heill\u00e4 on vuonna 2022 syntynyt poika.<\/p>\n<p><script async src=\"\/\/www.instagram.com\/embed.js\"><\/script><\/p>\n","protected":false},"excerpt":{"rendered":"Penttil\u00e4 juhli h\u00e4it\u00e4\u00e4n ulkomailla. Leipuri-missi-somevaikuttaja Mailis Penttil\u00e4 on mennyt naimisiin. Onnellinen sulhanen on pitk\u00e4aikainen kumppani Pekka Koskinen. Asia&hellip;\n","protected":false},"author":2,"featured_media":42119,"comment_status":"","ping_status":"","sticky":false,"template":"","format":"standard","meta":{"footnotes":""},"categories":[136],"tags":[407,137,33,31,30,34,408,32,109],"class_list":{"0":"post-42118","1":"post","2":"type-post","3":"status-publish","4":"format-standard","5":"has-post-thumbnail","7":"category-julkkikset","8":"tag-celebrities","9":"tag-entertainment","10":"tag-fi","11":"tag-finland","12":"tag-finnish","13":"tag-ilta-sanomat","14":"tag-julkkikset","15":"tag-suomi","16":"tag-viihde"},"share_on_mastodon":{"url":"","error":""},"_links":{"self":[{"href":"https:\/\/www.europesays.com\/fi\/wp-json\/wp\/v2\/posts\/42118","targetHints":{"allow":["GET"]}}],"collection":[{"href":"https:\/\/www.europesays.com\/fi\/wp-json\/wp\/v2\/posts"}],"about":[{"href":"https:\/\/www.europesays.com\/fi\/wp-json\/wp\/v2\/types\/post"}],"author":[{"embeddable":true,"href":"https:\/\/www.europesays.com\/fi\/wp-json\/wp\/v2\/users\/2"}],"replies":[{"embeddable":true,"href":"https:\/\/www.europesays.com\/fi\/wp-json\/wp\/v2\/comments?post=42118"}],"version-history":[{"count":0,"href":"https:\/\/www.europesays.com\/fi\/wp-json\/wp\/v2\/posts\/42118\/revisions"}],"wp:featuredmedia":[{"embeddable":true,"href":"https:\/\/www.europesays.com\/fi\/wp-json\/wp\/v2\/media\/42119"}],"wp:attachment":[{"href":"https:\/\/www.europesays.com\/fi\/wp-json\/wp\/v2\/media?parent=42118"}],"wp:term":[{"taxonomy":"category","embeddable":true,"href":"https:\/\/www.europesays.com\/fi\/wp-json\/wp\/v2\/categories?post=42118"},{"taxonomy":"post_tag","embeddable":true,"href":"https:\/\/www.europesays.com\/fi\/wp-json\/wp\/v2\/tags?post=42118"}],"curies":[{"name":"wp","href":"https:\/\/api.w.org\/{rel}","templated":true}]}}