{"id":42120,"date":"2025-09-22T11:12:09","date_gmt":"2025-09-22T11:12:09","guid":{"rendered":"https:\/\/www.europesays.com\/fi\/42120\/"},"modified":"2025-09-22T11:12:09","modified_gmt":"2025-09-22T11:12:09","slug":"illalla-tvssa-valeidentiteetteja-ja-vaarennoksia-arkea-natsi-saksan-varjossa","status":"publish","type":"post","link":"https:\/\/www.europesays.com\/fi\/42120\/","title":{"rendered":"Illalla tv:ss\u00e4: Valeidentiteettej\u00e4 ja v\u00e4\u00e4renn\u00f6ksi\u00e4 &#8211; arkea natsi-Saksan varjossa"},"content":{"rendered":"<p>Illan tv-tarjonnassa on elokuva V\u00e4\u00e4rent\u00e4j\u00e4 (2022).<\/p>\n<p>Berliini, 1942. Nuori juutalaismies Cioma Sch\u00f6nhaus yritt\u00e4\u00e4 el\u00e4\u00e4 el\u00e4m\u00e4\u00e4ns\u00e4 samalla, kun h\u00e4n v\u00e4lttelee Gestapoa. Etsiess\u00e4\u00e4n uusia tulonl\u00e4hteit\u00e4 Cioma huomaa olevansa erityisen lahjakas passien v\u00e4\u00e4rent\u00e4misess\u00e4. Uuden taitonsa ja valeidentiteettins\u00e4 avulla h\u00e4n pyrkii pelastamaan sek\u00e4 itsens\u00e4 ett\u00e4 muita natsien vainojen keskell\u00e4. Toivottoman ajan keskell\u00e4 pilkahtaa my\u00f6s rakkaus.<\/p>\n<p>Elokuva sai varsin hyv\u00e4t arvostelut kriitikoilta. Rotten Tomatoesin yhteenveto kertoo elokuvasta seuraavasti:<\/p>\n<p>\u201dV\u00e4\u00e4rent\u00e4j\u00e4 on taidokkaasti toteutettu tarina miehest\u00e4, joka pyrkii el\u00e4m\u00e4\u00e4n arkeaan natsi-Saksan varjossa. Elokuva keskittyy kotiel\u00e4m\u00e4n arkisiin rutiineihin, jotka usein unohdetaan samalla n\u00e4ytt\u00e4en, kuinka ne muodostuvat v\u00e4ltt\u00e4m\u00e4tt\u00f6miksi selviytymisrituaaleiksi.\u201d<\/p>\n<p>Elokuva on my\u00f6s Kirjastokinossa ja Cineastissa. Alla traileri.<\/p>\n<p>Tulevat l\u00e4hetykset:<\/p>\n<ul class=\"wp-block-list\">\n<li>Ma 22.9.2025 klo 22.00, Eveo (kanava n\u00e4kyy vain kaapeliverkossa)<\/li>\n<\/ul>\n<p>Lue my\u00f6s: <a href=\"https:\/\/www.episodi.fi\/uutiset\/nuremberg-elokuva-on-nahty-eras-parhaista-roolisuorituksista-mita-russell-crowe-on-elaessaan-tehnyt\/\" title=\"Nuremberg-elokuva on n\u00e4hty \u2013 \u201dEr\u00e4s parhaista roolisuorituksista mit\u00e4 Russell Crowe on el\u00e4ess\u00e4\u00e4n tehnyt\u201d\" class=\"underline-custom !font-montserrat !font-bold !underline-offset-4 !decoration-4 !decoration-episodi-blue !text-md\" rel=\"nofollow noopener\" target=\"_blank\">Nuremberg-elokuva on n\u00e4hty \u2013 \u201dEr\u00e4s parhaista roolisuorituksista mit\u00e4 Russell Crowe on el\u00e4ess\u00e4\u00e4n tehnyt\u201d<\/a><\/p>\n<p>Lue my\u00f6s: <a href=\"https:\/\/www.episodi.fi\/uutiset\/natsijohtajasta-kertovan-nuremberg-elokuvan-innoittajana-toimi-kaamein-hahmo-mita-kauhuelokuvien-katalogista-loytyy\/\" title=\"Natsijohtajasta kertovan Nuremberg-elokuvan innoittajana toimi kauhuelokuvien kaamein hahmo\" class=\"underline-custom !font-montserrat !font-bold !underline-offset-4 !decoration-4 !decoration-episodi-blue !text-md\" rel=\"nofollow noopener\" target=\"_blank\">Natsijohtajasta kertovan Nuremberg-elokuvan innoittajana toimi kauhuelokuvien kaamein hahmo<\/a><\/p>\n<p><img loading=\"lazy\" decoding=\"async\" alt=\"YouTube video\" width=\"480\" height=\"360\" data-pin-nopin=\"true\" nopin=\"nopin\" class=\"perfmatters-lazy\" src=\"https:\/\/www.europesays.com\/fi\/wp-content\/uploads\/2025\/09\/1758539529_680_hqdefault.jpg\"\/><\/p>\n<p>Lue my\u00f6s: <a href=\"https:\/\/www.episodi.fi\/uutiskirje\/?uutiskirjemainos=tekstilinkkimainos\" title=\"Tilaa Episodin uutiskirje ja voit voittaa leffalippuja! Nappaa tv-vinkit suoraan s\u00e4hk\u00f6postiin t\u00e4st\u00e4.\" class=\"underline-custom !font-montserrat !font-bold !underline-offset-4 !decoration-4 !decoration-episodi-blue !text-md\" rel=\"nofollow noopener\" target=\"_blank\">Tilaa Episodin uutiskirje ja voit voittaa leffalippuja! Nappaa katseluvinkit suoraan s\u00e4hk\u00f6postiin t\u00e4st\u00e4.<\/a><\/p>\n","protected":false},"excerpt":{"rendered":"Illan tv-tarjonnassa on elokuva V\u00e4\u00e4rent\u00e4j\u00e4 (2022). Berliini, 1942. Nuori juutalaismies Cioma Sch\u00f6nhaus yritt\u00e4\u00e4 el\u00e4\u00e4 el\u00e4m\u00e4\u00e4ns\u00e4 samalla, kun h\u00e4n&hellip;\n","protected":false},"author":2,"featured_media":42121,"comment_status":"","ping_status":"","sticky":false,"template":"","format":"standard","meta":{"footnotes":""},"categories":[133],"tags":[137,33,31,30,32,206,139,156,109],"class_list":{"0":"post-42120","1":"post","2":"type-post","3":"status-publish","4":"format-standard","5":"has-post-thumbnail","7":"category-televisiot","8":"tag-entertainment","9":"tag-fi","10":"tag-finland","11":"tag-finnish","12":"tag-suomi","13":"tag-televisiot","14":"tag-tv-ohjelmat","15":"tag-tv","16":"tag-viihde"},"share_on_mastodon":{"url":"","error":""},"_links":{"self":[{"href":"https:\/\/www.europesays.com\/fi\/wp-json\/wp\/v2\/posts\/42120","targetHints":{"allow":["GET"]}}],"collection":[{"href":"https:\/\/www.europesays.com\/fi\/wp-json\/wp\/v2\/posts"}],"about":[{"href":"https:\/\/www.europesays.com\/fi\/wp-json\/wp\/v2\/types\/post"}],"author":[{"embeddable":true,"href":"https:\/\/www.europesays.com\/fi\/wp-json\/wp\/v2\/users\/2"}],"replies":[{"embeddable":true,"href":"https:\/\/www.europesays.com\/fi\/wp-json\/wp\/v2\/comments?post=42120"}],"version-history":[{"count":0,"href":"https:\/\/www.europesays.com\/fi\/wp-json\/wp\/v2\/posts\/42120\/revisions"}],"wp:featuredmedia":[{"embeddable":true,"href":"https:\/\/www.europesays.com\/fi\/wp-json\/wp\/v2\/media\/42121"}],"wp:attachment":[{"href":"https:\/\/www.europesays.com\/fi\/wp-json\/wp\/v2\/media?parent=42120"}],"wp:term":[{"taxonomy":"category","embeddable":true,"href":"https:\/\/www.europesays.com\/fi\/wp-json\/wp\/v2\/categories?post=42120"},{"taxonomy":"post_tag","embeddable":true,"href":"https:\/\/www.europesays.com\/fi\/wp-json\/wp\/v2\/tags?post=42120"}],"curies":[{"name":"wp","href":"https:\/\/api.w.org\/{rel}","templated":true}]}}