{"id":42128,"date":"2025-09-22T11:21:08","date_gmt":"2025-09-22T11:21:08","guid":{"rendered":"https:\/\/www.europesays.com\/fi\/42128\/"},"modified":"2025-09-22T11:21:08","modified_gmt":"2025-09-22T11:21:08","slug":"agentit-salakuljettivat-ukrainalaisia-sim-kortteja-venajalle","status":"publish","type":"post","link":"https:\/\/www.europesays.com\/fi\/42128\/","title":{"rendered":"Agentit salakuljettivat ukrainalaisia SIM-kortteja Ven\u00e4j\u00e4lle"},"content":{"rendered":"<p class=\"ai-optimize-6 ai-optimize-introduction\">Ukrainan turvallisuuspalvelun vastavakoilu SSU on pid\u00e4tt\u00e4nyt Kiovan alueella kaksi ven\u00e4l\u00e4ist\u00e4 agenttia. He salakuljettivat FSB:n k\u00e4skyst\u00e4 ukrainalaisia SIM-kortteja Ven\u00e4j\u00e4lle k\u00e4ytett\u00e4v\u00e4ksi drooneissa, uutisoi Ukrinform.<\/p>\n<p class=\"ai-optimize-7\">Mikrosiruilla parannetaan ven\u00e4l\u00e4isten miehitt\u00e4m\u00e4tt\u00f6mien ilma-alusten viestint\u00e4- ja navigointiominaisuuksia.<\/p>\n<p class=\"ai-optimize-8\">Tutkinnassa selvisi, ett\u00e4 operaation toteuttivat kaksi Kiovan alueen asukasta, joista toinen oli entinen poliisi.<\/p>\n<p class=\"ai-optimize-9\">SSU:n mukaan saatuaan ohjeita Ven\u00e4j\u00e4n tiedustelupalvelulta agentit ostivat ensin ukrainalaisia SIM-kortteja ja l\u00e4hettiv\u00e4t ne sitten Euroopan unionin maihin salatakseen toimitusreittins\u00e4. Sielt\u00e4 kortit l\u00e4hetettiin Nabere\u017enyje T\u0161elnyyn ja Jelabugaan Tatarstaniin, miss\u00e4 sijaitsee miehitt\u00e4m\u00e4tt\u00f6mien ilma-alusten tuotantolaitoksia.<\/p>\n<p class=\"ai-optimize-10\">Ven\u00e4l\u00e4isten agenttien toinen teht\u00e4v\u00e4 oli v\u00e4rv\u00e4t\u00e4 ukrainalaisten matkaviestinyritysten ty\u00f6ntekij\u00f6it\u00e4 ker\u00e4\u00e4m\u00e4\u00e4n tiedustelutietoja ukrainalaisilta operaattoreilta.<\/p>\n<p class=\"ai-optimize-11\">SSU paljasti vihamielisen toiminnan, dokumentoi agentit ja pid\u00e4tti heid\u00e4t. Etsint\u00f6jen aikana takavarikoitiin agenttien \u00e4lypuhelimet, jotka sis\u00e4lsiv\u00e4t todisteita yhteyksist\u00e4 heid\u00e4n FSB-edustajaansa ja ulkomaisiin rikoskumppaneihinsa. Etsinn\u00e4ss\u00e4 l\u00f6ydettiin my\u00f6s er\u00e4 Ven\u00e4j\u00e4lle l\u00e4hetett\u00e4v\u00e4ksi valmisteltuja SIM-kortteja.<\/p>\n<p class=\"ai-optimize-12\">SSU:n tutkijat ovat nostaneet pid\u00e4tettyj\u00e4 vastaan syytteet Ukrainan rikoslain nojalla sotatilalain aikana tehdyst\u00e4 valtionpetoksesta. Heit\u00e4 uhkaa elinkautinen vankeusrangaistus ja omaisuuden takavarikointi.<\/p>\n<p class=\"ai-optimize-13\">Tutkinta on k\u00e4ynniss\u00e4 muiden EU-maissa toimivien ven\u00e4l\u00e4isverkoston j\u00e4senten saamiseksi oikeuden eteen.<\/p>\n","protected":false},"excerpt":{"rendered":"Ukrainan turvallisuuspalvelun vastavakoilu SSU on pid\u00e4tt\u00e4nyt Kiovan alueella kaksi ven\u00e4l\u00e4ist\u00e4 agenttia. He salakuljettivat FSB:n k\u00e4skyst\u00e4 ukrainalaisia SIM-kortteja Ven\u00e4j\u00e4lle&hellip;\n","protected":false},"author":2,"featured_media":42129,"comment_status":"","ping_status":"","sticky":false,"template":"","format":"standard","meta":{"footnotes":""},"categories":[14],"tags":[22,23,26,27,33,31,30,11174,17,24,25,28,29,15,18,21,32,19,20,56,16,547,59,60,61],"class_list":{"0":"post-42128","1":"post","2":"type-post","3":"status-publish","4":"format-standard","5":"has-post-thumbnail","7":"category-ulkomaat","8":"tag-breaking-news","9":"tag-breakingnews","10":"tag-featured-news","11":"tag-featurednews","12":"tag-fi","13":"tag-finland","14":"tag-finnish","15":"tag-fsb","16":"tag-headlines","17":"tag-latest-news","18":"tag-latestnews","19":"tag-main-news","20":"tag-mainnews","21":"tag-news","22":"tag-otsikot","23":"tag-paauutiset","24":"tag-suomi","25":"tag-top-stories","26":"tag-topstories","27":"tag-ulkomaat","28":"tag-uutiset","29":"tag-venaja","30":"tag-world","31":"tag-world-news","32":"tag-worldnews"},"share_on_mastodon":{"url":"","error":""},"_links":{"self":[{"href":"https:\/\/www.europesays.com\/fi\/wp-json\/wp\/v2\/posts\/42128","targetHints":{"allow":["GET"]}}],"collection":[{"href":"https:\/\/www.europesays.com\/fi\/wp-json\/wp\/v2\/posts"}],"about":[{"href":"https:\/\/www.europesays.com\/fi\/wp-json\/wp\/v2\/types\/post"}],"author":[{"embeddable":true,"href":"https:\/\/www.europesays.com\/fi\/wp-json\/wp\/v2\/users\/2"}],"replies":[{"embeddable":true,"href":"https:\/\/www.europesays.com\/fi\/wp-json\/wp\/v2\/comments?post=42128"}],"version-history":[{"count":0,"href":"https:\/\/www.europesays.com\/fi\/wp-json\/wp\/v2\/posts\/42128\/revisions"}],"wp:featuredmedia":[{"embeddable":true,"href":"https:\/\/www.europesays.com\/fi\/wp-json\/wp\/v2\/media\/42129"}],"wp:attachment":[{"href":"https:\/\/www.europesays.com\/fi\/wp-json\/wp\/v2\/media?parent=42128"}],"wp:term":[{"taxonomy":"category","embeddable":true,"href":"https:\/\/www.europesays.com\/fi\/wp-json\/wp\/v2\/categories?post=42128"},{"taxonomy":"post_tag","embeddable":true,"href":"https:\/\/www.europesays.com\/fi\/wp-json\/wp\/v2\/tags?post=42128"}],"curies":[{"name":"wp","href":"https:\/\/api.w.org\/{rel}","templated":true}]}}