{"id":42135,"date":"2025-09-22T11:35:08","date_gmt":"2025-09-22T11:35:08","guid":{"rendered":"https:\/\/www.europesays.com\/fi\/42135\/"},"modified":"2025-09-22T11:35:08","modified_gmt":"2025-09-22T11:35:08","slug":"krista-kosonen-jarkyttyi-tomi-alatalon-kuolemasta-some-tayttyi-osanotoista","status":"publish","type":"post","link":"https:\/\/www.europesays.com\/fi\/42135\/","title":{"rendered":"Krista Kosonen j\u00e4rkyttyi Tomi Alatalon kuolemasta \u2013 some t\u00e4yttyi osanotoista"},"content":{"rendered":"<p>Tomi Alatalo n\u00e4ytteli urallaan sek\u00e4 teatterissa ett\u00e4 elokuvissa. H\u00e4n sai my\u00f6s Jussi-ehdokkuuden vuoden miessivuosasta elokuvasta Hytti nro 6.<\/p>\n<p class=\"article-body mb-nof-24 px-nof-16\">N\u00e4yttelij\u00e4 <a class=\"article-personlink\" href=\"https:\/\/www.is.fi\/haku\/?query=Tomi%20Alatalon\" rel=\"nofollow noopener\" target=\"_blank\">Tomi Alatalon<\/a> kuolema on her\u00e4tt\u00e4nyt surua ja j\u00e4rkytyst\u00e4 ihmisiss\u00e4.<\/p>\n<p class=\"article-body mb-nof-24 px-nof-16\">Alatalo kuoli sunnuntaina 21. syyskuuta 44-vuotiaana.<\/p>\n<p class=\"article-body mb-nof-24 px-nof-16\">Ilta-Sanomien <a class=\"article-genericlink\" href=\"https:\/\/www.facebook.com\/iltasanomat?locale=fi_FI\" rel=\"nofollow noopener\" target=\"_blank\">Facebookissa<\/a> ihmiset ovat ottaneet osaa Alatalon l\u00e4heisten suruun. Moni on ilmaissut j\u00e4rkyttyneens\u00e4 n\u00e4yttelij\u00e4n poismenosta.<\/p>\n<p class=\"article-body mb-nof-24 px-nof-16\">\u2013 Ei voi olla totta, Tomi.<\/p>\n<p class=\"article-body mb-nof-24 px-nof-16\">\u2013 Ik\u00e4v\u00e4 uutinen. H\u00e4n oli sympaattisen oloinen ja hyv\u00e4 n\u00e4yttelij\u00e4.<\/p>\n<p class=\"article-body mb-nof-24 px-nof-16\">\u2013 Osanotto ja paljon voimia suuressa surussa l\u00e4heisille.<\/p>\n<p class=\"article-body mb-nof-24 px-nof-16\">My\u00f6s Instagramissa on otettu osaa Alatalon poismenoon.<\/p>\n<p class=\"article-body mb-nof-24 px-nof-16\">\u2013 J\u00e4rkytt\u00e4v\u00e4\u00e4. Ihana ihminen ja loistava n\u00e4yttelij\u00e4. Osanottoni omaisille, kirjoittaa n\u00e4yttelij\u00e4 <a class=\"article-personlink\" href=\"https:\/\/www.is.fi\/haku\/?query=Krista%20Kosonen\" rel=\"nofollow noopener\" target=\"_blank\">Krista Kosonen<\/a> Jussi-gaalan julkaisun alla.<\/p>\n<p class=\"article-body mb-nof-24 px-nof-16\">\u2013 Todella surullista ja j\u00e4rkytt\u00e4v\u00e4\u00e4. Syv\u00e4 osanottoni kaikille Tomin l\u00e4heisille, kirjoittaa my\u00f6s toinen.<\/p>\n<p class=\"article-body mb-nof-24 px-nof-16\">Lue lis\u00e4\u00e4: <a class=\"article-genericlink\" href=\"https:\/\/www.is.fi\/tv-ja-elokuvat\/art-2000011510263.html\" rel=\"nofollow noopener\" target=\"_blank\">Tampereen Teatteri julkaisi kirjoituksen 44-vuotiaana kuolleesta Tomi Alatalosta \u2013 \u201dSaimme j\u00e4rkytt\u00e4v\u00e4n suruviestin\u201d<\/a><\/p>\n<p class=\"article-body mb-nof-24 px-nof-16\">Alataloa on muistettu Tampereen teatterin ja Jussi-gaalan sometileill\u00e4.<\/p>\n<p class=\"article-body mb-nof-24 px-nof-16\">\u2013 T\u00e4n\u00e4\u00e4n saimme j\u00e4rkytt\u00e4v\u00e4n suruviestin: n\u00e4yttelij\u00e4 Tomi Alatalo on kuollut vain 44-vuotiaana, Tampereen Teatterin Facebook-julkaisussa kirjoitetaan.<\/p>\n<p class=\"article-body mb-nof-24 px-nof-16\">\u2013 J\u00e4\u00e4mme kaipaamaan paitsi taitavaa n\u00e4yttelij\u00e4\u00e4 my\u00f6s eritt\u00e4in l\u00e4mmint\u00e4 ja syd\u00e4mellist\u00e4 ty\u00f6toveria.<\/p>\n<p class=\"article-body mb-nof-24 px-nof-16\">Alatalo on n\u00e4ytellyt urallaan useissa Tampereen teatterin tuotannoissa.<\/p>\n<p class=\"article-body mb-nof-24 px-nof-16\">\u2013 H\u00e4net muistetaan etenkin nimiroolistaan Shakespeare-tulkinnassa Hamlet Kostaja (2013) sek\u00e4 mm. rooleistaan n\u00e4ytelmiss\u00e4 Ulkomaalainen (2016) ja Hylk\u00e4\u00e4misen p\u00e4iv\u00e4t (2023).<\/p>\n<p class=\"article-body mb-nof-24 px-nof-16\">Jussi-gaalan julkaisussa muistellaan my\u00f6s Alatalon n\u00e4yttelij\u00e4nuraa. H\u00e4n sai Jussi-ehdokkuuden vuoden miessivuosasta elokuvassa Hytti nro 6 (2021), jonka ohjasi <a class=\"article-personlink\" href=\"https:\/\/www.is.fi\/haku\/?query=Juho%20Kuosmanen\" rel=\"nofollow noopener\" target=\"_blank\">Juho Kuosmanen<\/a>.<\/p>\n<p class=\"article-body mb-nof-24 px-nof-16\">Alatalo n\u00e4hd\u00e4\u00e4n sivuosassa <a class=\"article-personlink\" href=\"https:\/\/www.is.fi\/haku\/?query=Juha%20Itkosen\" rel=\"nofollow noopener\" target=\"_blank\">Juha Itkosen<\/a> menestysromaaniin perustuvassa draamaelokuvassa Anna minun rakastaa enemm\u00e4n, joka saa ensi-iltansa lokakuussa.<\/p>\n<p class=\"article-body mb-nof-24 px-nof-16\">Viime toukokuussa kerrottiin, ett\u00e4 Alatalo on kiinnitetty <a class=\"article-personlink\" href=\"https:\/\/www.is.fi\/haku\/?query=Dome%20Karukosken\" rel=\"nofollow noopener\" target=\"_blank\">Dome Karukosken<\/a> tulevaan Rakkautta ja virtahepoja -elokuvaan. Elokuva saa ensi-iltansa vuonna 2026. Muissa rooleissa n\u00e4hd\u00e4\u00e4n muun muassa<a class=\"article-personlink\" href=\"https:\/\/www.is.fi\/haku\/?query=%20Pihla%20Viitala\" rel=\"nofollow noopener\" target=\"_blank\"> Pihla Viitala<\/a> ja n\u00e4yttelij\u00e4debyyttins\u00e4 tekev\u00e4 <a class=\"article-personlink\" href=\"https:\/\/www.is.fi\/haku\/?query=Jenni%20Vartiainen\" rel=\"nofollow noopener\" target=\"_blank\">Jenni Vartiainen<\/a>.<\/p>\n","protected":false},"excerpt":{"rendered":"Tomi Alatalo n\u00e4ytteli urallaan sek\u00e4 teatterissa ett\u00e4 elokuvissa. H\u00e4n sai my\u00f6s Jussi-ehdokkuuden vuoden miessivuosasta elokuvasta Hytti nro 6.&hellip;\n","protected":false},"author":2,"featured_media":42136,"comment_status":"","ping_status":"","sticky":false,"template":"","format":"standard","meta":{"footnotes":""},"categories":[136],"tags":[407,137,33,31,30,34,408,32,109],"class_list":{"0":"post-42135","1":"post","2":"type-post","3":"status-publish","4":"format-standard","5":"has-post-thumbnail","7":"category-julkkikset","8":"tag-celebrities","9":"tag-entertainment","10":"tag-fi","11":"tag-finland","12":"tag-finnish","13":"tag-ilta-sanomat","14":"tag-julkkikset","15":"tag-suomi","16":"tag-viihde"},"share_on_mastodon":{"url":"","error":""},"_links":{"self":[{"href":"https:\/\/www.europesays.com\/fi\/wp-json\/wp\/v2\/posts\/42135","targetHints":{"allow":["GET"]}}],"collection":[{"href":"https:\/\/www.europesays.com\/fi\/wp-json\/wp\/v2\/posts"}],"about":[{"href":"https:\/\/www.europesays.com\/fi\/wp-json\/wp\/v2\/types\/post"}],"author":[{"embeddable":true,"href":"https:\/\/www.europesays.com\/fi\/wp-json\/wp\/v2\/users\/2"}],"replies":[{"embeddable":true,"href":"https:\/\/www.europesays.com\/fi\/wp-json\/wp\/v2\/comments?post=42135"}],"version-history":[{"count":0,"href":"https:\/\/www.europesays.com\/fi\/wp-json\/wp\/v2\/posts\/42135\/revisions"}],"wp:featuredmedia":[{"embeddable":true,"href":"https:\/\/www.europesays.com\/fi\/wp-json\/wp\/v2\/media\/42136"}],"wp:attachment":[{"href":"https:\/\/www.europesays.com\/fi\/wp-json\/wp\/v2\/media?parent=42135"}],"wp:term":[{"taxonomy":"category","embeddable":true,"href":"https:\/\/www.europesays.com\/fi\/wp-json\/wp\/v2\/categories?post=42135"},{"taxonomy":"post_tag","embeddable":true,"href":"https:\/\/www.europesays.com\/fi\/wp-json\/wp\/v2\/tags?post=42135"}],"curies":[{"name":"wp","href":"https:\/\/api.w.org\/{rel}","templated":true}]}}