{"id":42139,"date":"2025-09-22T11:38:14","date_gmt":"2025-09-22T11:38:14","guid":{"rendered":"https:\/\/www.europesays.com\/fi\/42139\/"},"modified":"2025-09-22T11:38:14","modified_gmt":"2025-09-22T11:38:14","slug":"oho-nain-sami-kuronen-reagoisi-jos-hanen-tytar-haluaisi-temppareihin","status":"publish","type":"post","link":"https:\/\/www.europesays.com\/fi\/42139\/","title":{"rendered":"Oho! N\u00e4in Sami Kuronen reagoisi, jos h\u00e4nen tyt\u00e4r haluaisi Temppareihin"},"content":{"rendered":"<p>\n            20250819 HELSINKI. VAIN EL\u00c4M\u00c4\u00c4 -PRESSITILAISUUS. Sami Kuronen. KUVA: ATTE KAJOVA<br \/>\n            ATTE KAJOVA\n        <\/p>\n<p class=\"subtitle \">Sami on juontanut Temppareita jo kymmenen vuoden ajan.<\/p>\n<p class=\"article-content article-content-width !bg-background\">Juontaja  palaa j\u00e4lleen Temptation Island Suomi -ohjelman uuden kauden juontajaksi.\u00a0<\/p>\n<p class=\"font-weight-bold m-font-weight-bold article-content article-content-width !bg-background\">Katso video \u2013 Sami kielt\u00e4\u00e4 tytt\u00e4relt\u00e4\u00e4n Tempparit:<\/p>\n<p>Oma jaksaminen on tuonut haasteita<\/p>\n<p class=\"article-content article-content-width !bg-background\">Lokakuussa Ruudussa alkava, Espanjassa kuvattu kausi, on jo ohjelman 14. tuotantokausi.<\/p>\n<p class=\"article-content article-content-width !bg-background\">Seiska tapasi Samin Temptation Islandin lehdist\u00f6tilaisuudessa Helsingiss\u00e4 keskiviikkona 17. syyskuuta.<\/p>\n<p class=\"article-content article-content-width !bg-background\">Sami on luotsannut Temppareita sen alkuajoista l\u00e4htien, vuodesta 2015 \u2013 eik\u00e4 loppua ole n\u00e4k\u00f6piiriss\u00e4.<\/p>\n<p class=\"article-content article-content-width !bg-background\">\u2013 Menn\u00e4\u00e4n vuosi kerrallaan, nyt t\u00e4m\u00e4 on tuntunut tosi kivalta taas tehd\u00e4. En m\u00e4 ainakaan omalta puoleltani n\u00e4\u00e4 mit\u00e4\u00e4n estett\u00e4, etteik\u00f6 t\u00e4m\u00e4 vois jatkua viel\u00e4 pitk\u00e4\u00e4n. Kaikki on kiinni siit\u00e4, miten hyvin katsojat ohjelman parissa viihtyy, Sami kertoo.<\/p>\n<p class=\"article-content article-content-width !bg-background\">Temppareiden tekeminen ei ole viel\u00e4 kyll\u00e4stytt\u00e4nyt juontajakonkaria.<\/p>\n<p>        <a itemprop=\"url\" href=\"https:\/\/www.seiska.fi\/kotimaa\/harvinainen-yhteiskuva-talta-nayttaa-sami-kurosen-saana-rakas\/1923112\" rel=\"nofollow noopener\" target=\"_blank\"><\/p>\n<p>\nSami ja Saana-rakas\n<\/p>\n<p class=\"section-date\">\n        <strong class=\"article-section\" data-section=\"kotimaa\"><br \/>\n            kotimaa<br \/>\n        <\/strong><br \/>\n        7.9. 12:30\n    <\/p>\n<p>    Harvinainen yhteiskuva! T\u00e4lt\u00e4 n\u00e4ytt\u00e4\u00e4 Sami Kurosen Saana-rakas<\/p>\n<p itemprop=\"description\" class=\"subtitle \">\n    Pariskunta on ollut yhdess\u00e4 kolme vuotta.\n<\/p>\n<p>        <\/a><\/p>\n<p class=\"article-content article-content-width !bg-background\">\u2013 Matkan varrella on ollut kausia, jotka ovat olleet syyst\u00e4 tai toisesta haastavampia. Ne ei v\u00e4ltt\u00e4m\u00e4tt\u00e4 ole liittynyt itse ohjelmaan, vaan omaan jaksamiseen, Sami toteaa.<\/p>\n<p class=\"article-content article-content-width !bg-background\">\u2013 Kausien 8\u201310 kohdalla oli turnajaisv\u00e4symyst\u00e4 johtuen ihan kaikista muista syist\u00e4. Nyt kun on saanut omassa el\u00e4m\u00e4ss\u00e4 palaset kohdalleen, on mielett\u00f6m\u00e4n kiva tehd\u00e4 t\u00e4t\u00e4.<\/p>\n<p>        <a itemprop=\"url\" href=\"https:\/\/www.seiska.fi\/katso\/tassa-ovat-uudet-tempparit-parit-mukana-tvsta-tuttu-kohupari\/1934077\" rel=\"nofollow noopener\" target=\"_blank\"><\/p>\n<p>\nT\u00e4ss\u00e4 ovat Tempparit-parit\n<\/p>\n<p class=\"section-date\">\n        <strong class=\"article-section\" data-section=\"katso\"><br \/>\n            katso<br \/>\n        <\/strong><br \/>\n        17.9. 12:51\n    <\/p>\n<p>    T\u00e4ss\u00e4 ovat uudet Tempparit-parit &#8211; mukana tv:st\u00e4 tuttu kohupari<\/p>\n<p itemprop=\"description\" class=\"subtitle \">\n    Tuttu pariskunta etsii kipin\u00e4\u00e4 tulevalta Temptation Island Suomi -ohjelman kaudelta.\n<\/p>\n<p>        <\/a><\/p>\n<p>Tyt\u00e4r Temppareihin?<\/p>\n<p class=\"article-content article-content-width !bg-background\">Samilla on lukioik\u00e4inen -tyt\u00e4r entisen puolisonsa  kanssa.<\/p>\n<p class=\"article-content article-content-width !bg-background\">Jos Oona t\u00e4ysi-ik\u00e4isen\u00e4 kertoisi is\u00e4lleen haluavansa osallistua Temppareihin, Samilla olisi siihen selke\u00e4 mielipide.<\/p>\n<p class=\"article-content article-content-width !bg-background\">\u2013 Kun h\u00e4n t\u00e4ysi-ik\u00e4iseksi tulee, h\u00e4n saa itse p\u00e4\u00e4tt\u00e4\u00e4 mit\u00e4 el\u00e4m\u00e4ll\u00e4\u00e4n tekee. Mutta sen periaatep\u00e4\u00e4t\u00f6ksen m\u00e4 oon tehnyt, ett\u00e4 niin kauan kun m\u00e4 t\u00e4t\u00e4 ohjelmaa juonnan, niin h\u00e4nell\u00e4 ei oo mit\u00e4\u00e4n asiaa Temppareihin, Sami nauraa.<\/p>\n<p class=\"article-content article-content-width !bg-background\">Sami on avoliitossa puolisonsa, kirjailija ja HR- ja rekrytointivaikuttaja , kanssa. Kaksikko on pit\u00e4nyt yht\u00e4 kolmen vuoden ajan.<\/p>\n<p>        <a itemprop=\"url\" href=\"https:\/\/www.seiska.fi\/rikos\/is-varatun-tis-miehen-rikostausta-paljastui-jos-tyhmailee\/1934891\" rel=\"nofollow noopener\" target=\"_blank\"><\/p>\n<p>\nIS:\n<\/p>\n<p class=\"section-date\">\n        <strong class=\"article-section\" data-section=\"rikos\"><br \/>\n            rikos<br \/>\n        <\/strong><br \/>\n        18.9. 10:18\n    <\/p>\n<p>    IS: Varatun TIS-miehen rikostausta paljastui: \u201dJos tyhm\u00e4ilee\u2026\u201d<\/p>\n<p itemprop=\"description\" class=\"subtitle \">\n    IS tiet\u00e4\u00e4 kertoa, ett\u00e4 vasta 18-vuotias Nooa Pitk\u00e4j\u00e4rvi on ehtinyt ajamaan huumeissa sek\u00e4 saamaan my\u00f6s tuomion t\u00f6rke\u00e4st\u00e4 rattijuopumuksesta nuorena henkil\u00f6n\u00e4.\n<\/p>\n<p>        <\/a><\/p>\n","protected":false},"excerpt":{"rendered":"20250819 HELSINKI. VAIN EL\u00c4M\u00c4\u00c4 -PRESSITILAISUUS. Sami Kuronen. KUVA: ATTE KAJOVA ATTE KAJOVA Sami on juontanut Temppareita jo kymmenen&hellip;\n","protected":false},"author":2,"featured_media":42140,"comment_status":"","ping_status":"","sticky":false,"template":"","format":"standard","meta":{"footnotes":""},"categories":[133],"tags":[137,33,31,30,9863,6048,11175,10973,2546,32,206,6196,2929,156,109],"class_list":{"0":"post-42139","1":"post","2":"type-post","3":"status-publish","4":"format-standard","5":"has-post-thumbnail","7":"category-televisiot","8":"tag-entertainment","9":"tag-fi","10":"tag-finland","11":"tag-finnish","12":"tag-jaksaminen","13":"tag-juontaja","14":"tag-lehdistotilaisuus","15":"tag-saana-rossi","16":"tag-sami-kuronen","17":"tag-suomi","18":"tag-televisiot","19":"tag-tempparit","20":"tag-temptation-island-suomi","21":"tag-tv","22":"tag-viihde"},"share_on_mastodon":{"url":"","error":""},"_links":{"self":[{"href":"https:\/\/www.europesays.com\/fi\/wp-json\/wp\/v2\/posts\/42139","targetHints":{"allow":["GET"]}}],"collection":[{"href":"https:\/\/www.europesays.com\/fi\/wp-json\/wp\/v2\/posts"}],"about":[{"href":"https:\/\/www.europesays.com\/fi\/wp-json\/wp\/v2\/types\/post"}],"author":[{"embeddable":true,"href":"https:\/\/www.europesays.com\/fi\/wp-json\/wp\/v2\/users\/2"}],"replies":[{"embeddable":true,"href":"https:\/\/www.europesays.com\/fi\/wp-json\/wp\/v2\/comments?post=42139"}],"version-history":[{"count":0,"href":"https:\/\/www.europesays.com\/fi\/wp-json\/wp\/v2\/posts\/42139\/revisions"}],"wp:featuredmedia":[{"embeddable":true,"href":"https:\/\/www.europesays.com\/fi\/wp-json\/wp\/v2\/media\/42140"}],"wp:attachment":[{"href":"https:\/\/www.europesays.com\/fi\/wp-json\/wp\/v2\/media?parent=42139"}],"wp:term":[{"taxonomy":"category","embeddable":true,"href":"https:\/\/www.europesays.com\/fi\/wp-json\/wp\/v2\/categories?post=42139"},{"taxonomy":"post_tag","embeddable":true,"href":"https:\/\/www.europesays.com\/fi\/wp-json\/wp\/v2\/tags?post=42139"}],"curies":[{"name":"wp","href":"https:\/\/api.w.org\/{rel}","templated":true}]}}