{"id":42143,"date":"2025-09-22T11:42:09","date_gmt":"2025-09-22T11:42:09","guid":{"rendered":"https:\/\/www.europesays.com\/fi\/42143\/"},"modified":"2025-09-22T11:42:09","modified_gmt":"2025-09-22T11:42:09","slug":"27-0-hpkn-rajusti-murskaama-sarjajumbo-vastaa-kritiikkiin-kiistaa-huolen-pelaajien-turvallisuudesta-urheilu","status":"publish","type":"post","link":"https:\/\/www.europesays.com\/fi\/42143\/","title":{"rendered":"27\u20130: HPK:n rajusti murskaama sarjajumbo vastaa kritiikkiin \u2013 kiist\u00e4\u00e4 huolen pelaajien turvallisuudesta | Urheilu"},"content":{"rendered":"<p class=\"aw-1gybjub aw-1p7kakr cmIuaG fmSRng yle__article__paragraph\">J\u00e4\u00e4kiekon Auroraliigassa Rovaniemen Kiekko on k\u00e4rsinyt kovia murskatappioita kauden alussa. Nelj\u00e4\u00e4n ensimm\u00e4iseen peliin RoKi on p\u00e4\u00e4st\u00e4nyt 50 maalia ja tehnyt itse vain kaksi.<\/p>\n<p class=\"aw-1gybjub aw-1p7kakr cmIuaG fmSRng yle__article__paragraph\">Viime viikonloppuna sarjak\u00e4rki HPK murjoi Rovaniemell\u00e4 RoKia ensiksi lauantaina 16\u20130 ja sitten sunnuntaina 11\u20130.<\/p>\n<p class=\"aw-1gybjub aw-1p7kakr cmIuaG fmSRng yle__article__paragraph\">Viime viikolla ennen HPK-kohtaamisia HPK:n GM <strong class=\"aw-ak79eh KyCXm yle__article__strong\">Jorma<\/strong> <strong class=\"aw-ak79eh KyCXm yle__article__strong\">Hassinen<\/strong> <a class=\"aw-iao6s4 iHOxEa yle__article__link\" href=\"https:\/\/www.apu.fi\/artikkelit\/naisten-liigassa-muhimassa-tayden-farssin-ainekset-pelaajatkin-vaarassa-toivon-etta-jarki-viela-voittaa\" role=\"link\" rel=\"nofollow noopener\" target=\"_blank\">linjasi Aition haastattelussa<\/a>, ett\u00e4 RoKin ei pit\u00e4isi olla lainkaan mukana Auroraliigassa ja sanoi joukkueen olevan v\u00e4\u00e4r\u00e4ss\u00e4 sarjassa.<\/p>\n<p class=\"aw-1gybjub aw-1p7kakr cmIuaG fmSRng yle__article__paragraph\">Kun Yle tapasi HPK:n maajoukkuemaalivahti <strong class=\"aw-ak79eh KyCXm yle__article__strong\">Anni<\/strong> <strong class=\"aw-ak79eh KyCXm yle__article__strong\">Keisalan<\/strong> viime viikolla HPK:n harjoituksissa, Yle kysyi my\u00f6s mielipidett\u00e4 RoKista.<\/p>\n<p class=\"aw-1gybjub aw-1p7kakr cmIuaG fmSRng yle__article__paragraph\">\u2013 Kyll\u00e4h\u00e4n tuo on surullista naiskiekolle Suomessa, ett\u00e4 ei ole saatu kilpailukykyisemp\u00e4\u00e4 joukkuetta. Ei ole saatu oikeasti naisten joukkuetta. Tuo on valitettavasti enemm\u00e4n tytt\u00f6jen joukkue, Keisala sanoi.<\/p>\n<p class=\"aw-1gybjub aw-1p7kakr cmIuaG fmSRng yle__article__paragraph\">Kauden avauspeliss\u00e4 TPS:\u00e4\u00e4 vastaan RoKin joukkueen keski-ik\u00e4 oli 16,8 vuotta. TPS kaatoi RoKin 12\u20131. Kauden nelj\u00e4s peli on ollut K\u00e4rppi\u00e4 vastaan. Se p\u00e4\u00e4ttyi K\u00e4rppien 11\u20131-voittoon.<\/p>\n<p>N\u00e4in Anni Keisala kommentoi RoKin tilannetta <\/p>\n<p class=\"aw-1gybjub aw-1p7kakr cmIuaG fmSRng yle__article__paragraph\">Tilanne ei ole toki uusi. Keisala muistaa itse olleensa vastaavassa tilanteessa kaudella 2011\u20132012 silloisessa naisten SM-sarjassa.<\/p>\n<p class=\"aw-1gybjub aw-1p7kakr cmIuaG fmSRng yle__article__paragraph\">H\u00e4n pelasi tuolloin 14-vuotiaana Lohjan Kisa-Veikkojen muutenkin nuoressa joukkueessa.<a class=\"aw-iao6s4 iHOxEa yle__article__link\" href=\"https:\/\/www.eliteprospects.com\/league\/sm-sarja-w\/2011-2012\" role=\"link\" rel=\"nofollow noopener\" target=\"_blank\"> LoKV h\u00e4visi 16 alkusarjan otteluaan rumasti, p\u00e4\u00e4st\u00e4en 247 maalia ja tehden itse vain 7.<\/a><\/p>\n<p class=\"aw-1gybjub aw-1p7kakr cmIuaG fmSRng yle__article__paragraph\">Karsintasarjassa LoKV voitti kaksi ottelua, mutta yhteens\u00e4 15 peliss\u00e4 maaliero silti edelleen rajusti pakkasella 53 maalin verran: 27 tehty\u00e4 ja 80 p\u00e4\u00e4stetty\u00e4.<\/p>\n<p class=\"aw-1gybjub aw-1p7kakr cmIuaG fmSRng yle__article__paragraph\">Koko kaudella LoKV:n maaliero oli siis per\u00e4ti 300 maalia miinuksella 31 peliin.<\/p>\n<p class=\"aw-1gybjub aw-1p7kakr cmIuaG fmSRng yle__article__paragraph\"><a class=\"aw-iao6s4 iHOxEa yle__article__link\" href=\"https:\/\/www.eliteprospects.com\/player\/367407\/anni-keisala\" role=\"link\" rel=\"nofollow noopener\" target=\"_blank\">Keisala pelasi itse tuolla kaudella 11 alkusarjan ottelussa p\u00e4\u00e4st\u00e4en yli 13 maalia ottelua kohden.<\/a><\/p>\n<p class=\"aw-1gybjub aw-1p7kakr cmIuaG fmSRng yle__article__paragraph\">\u2013 Meill\u00e4 oli aika sama tilanne kuin RoKilla nyt. Meill\u00e4 oli todella nuori joukkue. T\u00e4m\u00e4 ei palvele t\u00e4ss\u00e4 vaiheessa ket\u00e4\u00e4n. On aika surullista, ett\u00e4 Rovaniemell\u00e4 on tuollainen tilanne. Toivottavasti he saavat hommattua sinne jotain pelaajia ja pystyisiv\u00e4t pelaamaan kauden loppuun asti, Keisala kertoo.<\/p>\n<p class=\"aw-1gybjub aw-1p7kakr cmIuaG fmSRng yle__article__paragraph\">Viime kaudella yhdeks\u00e4n joukkueen Auroraliigassa RoKi oli sarjajumbo. Maaliero oli tuolloin 154 osumaa miinuksella 32 ottelun j\u00e4lkeen.<\/p>\n<p class=\"aw-1gybjub aw-1p7kakr cmIuaG fmSRng yle__article__paragraph\">2020-luvulla tasoerot ovat puhuttaneet my\u00f6s esimerkiksi Vaasan Sportin kohdalla.<\/p>\n<p>RoKin p\u00e4\u00e4valmentaja uskoo koviin vahvistuksiin<\/p>\n<p class=\"aw-1gybjub aw-1p7kakr cmIuaG fmSRng yle__article__paragraph\">Auroraliigan johtaja <strong class=\"aw-ak79eh KyCXm yle__article__strong\">Henni<\/strong> <strong class=\"aw-ak79eh KyCXm yle__article__strong\">Laaksonen<\/strong><a class=\"aw-iao6s4 iHOxEa yle__article__link\" href=\"https:\/\/www.mtvuutiset.fi\/artikkeli\/hpk-voitti-16-0-kiekkopomo-lataa-vakavaa-tekstia-halyttavaa\/9226408\" role=\"link\" rel=\"nofollow noopener\" target=\"_blank\"> kuvaili viikonloppuna MTV:lle<\/a> RoKin tilanteen olevan h\u00e4lytt\u00e4v\u00e4 ja vaikea. MTV kysyi Laaksoselta, pit\u00e4isik\u00f6 RoKin vet\u00e4yty\u00e4 sarjasta.<\/p>\n<p class=\"aw-1gybjub aw-1p7kakr cmIuaG fmSRng yle__article__paragraph\">\u2013 En halua enk\u00e4 voi ottaa siihen kantaa liiton tai liigan puolesta, koska heille on lisenssi my\u00f6nnetty, eiv\u00e4tk\u00e4 kilpailus\u00e4\u00e4nn\u00f6t sit\u00e4 h\u00e4vi\u00e4mist\u00e4 est\u00e4. Heid\u00e4n on nyt mietitt\u00e4v\u00e4, mik\u00e4 on pelaajaturvallisuuden, sek\u00e4 psyykkisen ja fyysisen turvallisuuden kannalta se oikea ratkaisu, Laaksonen sanoi.<\/p>\n<p class=\"aw-1gybjub aw-1p7kakr cmIuaG fmSRng yle__article__paragraph\">Laaksonen totesi my\u00f6s, ett\u00e4 nykyisill\u00e4 lisenssiehdoilla RoKI on lisenssikelpoinen. Auroraliigan lisenssiehdot eiv\u00e4t olleet Laaksosen mukaan viel\u00e4 kiristyneet t\u00e4lle kaudelle, joten siksi RoKin on ollut mahdollista saada lisenssi.<\/p>\n<p><img decoding=\"async\" alt=\"Henni Laaksonen poseeraa.\" src=\"https:\/\/www.europesays.com\/fi\/wp-content\/uploads\/2025\/09\/39-134534666dc71bd3485d.jpeg\" loading=\"lazy\" class=\"aw-1l9m598 hKVVvP\"\/><\/p>\n<p>Avaa kuvien katselu<\/p>\n<p>Henni Laaksonen laukoi MTV:lle vakavaa teksti\u00e4 RoKin tilanteesta. Kuva: Tomi H\u00e4nninen<\/p>\n<p class=\"aw-1gybjub aw-1p7kakr cmIuaG fmSRng yle__article__paragraph\">Yle tavoitti maanantaina RoKin p\u00e4\u00e4valmentajan <strong class=\"aw-ak79eh KyCXm yle__article__strong\">Oona<\/strong> <strong class=\"aw-ak79eh KyCXm yle__article__strong\">Parviaisen<\/strong>. H\u00e4n kertoi, ett\u00e4 seurassa ei ole mietitty lainkaan vet\u00e4ytymist\u00e4 Auroraliigasta.<\/p>\n<p class=\"aw-1gybjub aw-1p7kakr cmIuaG fmSRng yle__article__paragraph\">P\u00e4\u00e4valmentaja kertoo, ett\u00e4 RoKilla on ollut haussa kaksi pelaajaa. H\u00e4nen mukaansa nyt n\u00e4ytt\u00e4\u00e4 valoisammalta, ett\u00e4 he olisivat tulossa Rovaniemelle lokakuun alussa.<\/p>\n<p class=\"aw-1gybjub aw-1p7kakr cmIuaG fmSRng yle__article__paragraph\">\u2013 On tietenkin valitettavaa, ett\u00e4 jouduimme l\u00e4htem\u00e4\u00e4n Auroraliigaan aika nuorella joukkueella. Joukkuetta ollaan kuitenkin t\u00e4ydent\u00e4m\u00e4ss\u00e4, Parviainen sanoo.<\/p>\n<p class=\"aw-1gybjub aw-1p7kakr cmIuaG fmSRng yle__article__paragraph\">Parviainen kertoo, ett\u00e4 molemmat vahvistukset ovat aiemmin pelanneet Yhdysvaltojen yliopistosarjaa.<\/p>\n<p class=\"aw-1gybjub aw-1p7kakr cmIuaG fmSRng yle__article__paragraph\">\u2013 Uskoisin, ett\u00e4 he ovat koko sarjan mittakaavassa vahvistuksia, Uskon, ett\u00e4 joukkueemme vahvistuu merkitt\u00e4v\u00e4sti n\u00e4iden pelaajien kautta. Ykk\u00f6skentt\u00e4 on ollut kapea. Ollaan saamassa sinne leveytt\u00e4, niin sit\u00e4 kautta pelitkin n\u00e4ytt\u00e4v\u00e4t ehk\u00e4 v\u00e4h\u00e4n erilaisilta, p\u00e4\u00e4valmentaja avaa.<\/p>\n<p>Ei huolta pelaajien turvallisuudesta<\/p>\n<p class=\"aw-1gybjub aw-1p7kakr cmIuaG fmSRng yle__article__paragraph\">Auroraliigan pomo Henni Laaksonen kertoi my\u00f6s MTV:lle, ett\u00e4 liigan johto ja RoKi ovat k\u00e4yneet hyvi\u00e4, pitki\u00e4 ja vaikeita keskusteluja joukkueen tilanteesta. Laaksonen kertoo Auroraliigan esitt\u00e4neen huolen pelaajaturvallisuudesta.<\/p>\n<p class=\"aw-1gybjub aw-1p7kakr cmIuaG fmSRng yle__article__paragraph\">HPK:n GM Jorma Hassinen totesi Aitiolle my\u00f6s, ett\u00e4 RoKin pelaaminen Auroraliigassa on turvallisuusriski. Hassinsen mukaan RoKilla on niin heikkotasoisia pelaajia, ett\u00e4 \u201dj\u00e4\u00e4ll\u00e4 voi sattua mit\u00e4 vaan\u201d ja RoKin peleiss\u00e4 pelk\u00e4\u00e4 niin omien pelaajien kuin my\u00f6s vastustajien loukkaantumisia.<\/p>\n<p class=\"aw-1gybjub aw-1p7kakr cmIuaG fmSRng yle__article__paragraph\">RoKin p\u00e4\u00e4valmentaja <strong class=\"aw-ak79eh KyCXm yle__article__strong\">Oona<\/strong> <strong class=\"aw-ak79eh KyCXm yle__article__strong\">Parviainen<\/strong> ei ole huolissaan pelaajien turvallisuudesta.<\/p>\n<p class=\"aw-1gybjub aw-1p7kakr cmIuaG fmSRng yle__article__paragraph\">\u2013 N\u00e4m\u00e4 pelaajat ovat pelanneet poikien sarjaa. Siell\u00e4 on saanut taklata. Auroraliigassa ei puolestaan saa taklata. N\u00e4m\u00e4 pelaajat ovat olleet valmiita kontakteihin. Turvallisuudessa ei ole ollut mink\u00e4\u00e4nlaista h\u00e4t\u00e4\u00e4, Parviainen kiist\u00e4\u00e4 Ylelle.<\/p>\n<p><img decoding=\"async\" alt=\"RoKin p\u00e4\u00e4valmentaja Oona Parviainen.\" src=\"https:\/\/www.europesays.com\/fi\/wp-content\/uploads\/2025\/09\/39-152688568d124670b1d5.jpeg\" loading=\"lazy\" class=\"aw-1l9m598 hKVVvP\"\/><\/p>\n<p>Avaa kuvien katselu<\/p>\n<p>RoKin p\u00e4\u00e4valmentaja Oona Parviainen totesi jo kauden avausinfossa, ett\u00e4 olisi halunnut nykyisten nuorimpuien Auroraliiga-pelaajien viett\u00e4v\u00e4n viel\u00e4 vuoden poikien sarjoissa kasvamassa ennen nostamista Auroraliiga-joukkueeseen. Kuva: Tomi H\u00e4nninen\/Chilipictures<\/p>\n<p class=\"aw-1gybjub aw-1p7kakr cmIuaG fmSRng yle__article__paragraph\">P\u00e4\u00e4valmentajan mukaan RoKin tilanteen taustalla on se, ett\u00e4 RoKi on menett\u00e4nyt pelaajia muihin seuroihin ja yhdysvaltalaisyliopistoihin. N\u00e4it\u00e4 poistumisia ei ole saatu paikattua.<\/p>\n<p class=\"aw-1gybjub aw-1p7kakr cmIuaG fmSRng yle__article__paragraph\">\u2013 Ymm\u00e4rr\u00e4n tilanteen, sill\u00e4 meill\u00e4 on pitk\u00e4t pelimatkat. Kausimaksut ovat kovemmat kuin jossain muualla. Olemme paljon linja-autossa. T\u00e4m\u00e4 on rankkaa. On haaste saada pelaajia Rovaniemelle, Parviainen sanoo.<\/p>\n<p><img decoding=\"async\" alt=\"RoKin Olivia Saloniemi kuvassa syyskuussa 2024.\" src=\"https:\/\/www.europesays.com\/fi\/wp-content\/uploads\/2025\/09\/39-152688268d123947c3af.jpeg\" loading=\"lazy\" class=\"aw-1l9m598 hKVVvP\"\/><\/p>\n<p>Avaa kuvien katselu<\/p>\n<p>Esimerkiksi vuonna 2008 syntynyt Olivia Saloniemi on kantanut vastuuta RoKin puolustuksessa yli 30 minuutin peliajalla. Kuva: Tomi H\u00e4nninen\/Chilipictures<\/p>\n<p class=\"aw-1gybjub aw-1p7kakr cmIuaG fmSRng yle__article__paragraph\">RoKin pelaajat joutuvat Lapin Kansan <a class=\"aw-iao6s4 iHOxEa yle__article__link\" href=\"https:\/\/www.lapinkansa.fi\/torniolainen-olivia-saloniemi-17-on-rokin-luottopu\/11758313\" role=\"link\" rel=\"nofollow noopener\" target=\"_blank\">mukaan<\/a> maksamaan j\u00e4\u00e4kiekon p\u00e4\u00e4sarjassa pelaamisesta 400 euroa kuukaudessa.<\/p>\n<p class=\"aw-1gybjub aw-1p7kakr cmIuaG fmSRng yle__article__paragraph\">Parviainen on pyrkinyt murskatappioiden j\u00e4lkeen viestim\u00e4\u00e4n joukkueelle, ett\u00e4 nyt pit\u00e4\u00e4 keskitty\u00e4 arkeen ja panostaa ty\u00f6ntekoon.<\/p>\n<p class=\"aw-1gybjub aw-1p7kakr cmIuaG fmSRng yle__article__paragraph\">\u2013 Viimeksi eilen laitoin joukkueen Whatsapp-ryhm\u00e4\u00e4n, ett\u00e4 ei kannata katsoa tulostaululle. Meid\u00e4n pit\u00e4\u00e4 keskitty\u00e4 tekemiseen. Arjen pit\u00e4\u00e4 olla kunnossa. Jokaisen pit\u00e4\u00e4 antaa 100 prosenttia ja laittaa itsens\u00e4 likoon. Sit\u00e4 kautta otamme tarvitsemiamme kehitysaskeleita, Parviainen valaa uskoa.<\/p>\n","protected":false},"excerpt":{"rendered":"J\u00e4\u00e4kiekon Auroraliigassa Rovaniemen Kiekko on k\u00e4rsinyt kovia murskatappioita kauden alussa. Nelj\u00e4\u00e4n ensimm\u00e4iseen peliin RoKi on p\u00e4\u00e4st\u00e4nyt 50 maalia&hellip;\n","protected":false},"author":2,"featured_media":42144,"comment_status":"","ping_status":"","sticky":false,"template":"","format":"standard","meta":{"footnotes":""},"categories":[158],"tags":[11177,33,31,30,1143,11176,1057,159,4686,32,160],"class_list":{"0":"post-42143","1":"post","2":"type-post","3":"status-publish","4":"format-standard","5":"has-post-thumbnail","7":"category-urheilu","8":"tag-auroraliiga","9":"tag-fi","10":"tag-finland","11":"tag-finnish","12":"tag-jaakiekko","13":"tag-rovaniemen-kiekko-roki","14":"tag-rovaniemi","15":"tag-sports","16":"tag-suomen-jaakiekko","17":"tag-suomi","18":"tag-urheilu"},"share_on_mastodon":{"url":"","error":""},"_links":{"self":[{"href":"https:\/\/www.europesays.com\/fi\/wp-json\/wp\/v2\/posts\/42143","targetHints":{"allow":["GET"]}}],"collection":[{"href":"https:\/\/www.europesays.com\/fi\/wp-json\/wp\/v2\/posts"}],"about":[{"href":"https:\/\/www.europesays.com\/fi\/wp-json\/wp\/v2\/types\/post"}],"author":[{"embeddable":true,"href":"https:\/\/www.europesays.com\/fi\/wp-json\/wp\/v2\/users\/2"}],"replies":[{"embeddable":true,"href":"https:\/\/www.europesays.com\/fi\/wp-json\/wp\/v2\/comments?post=42143"}],"version-history":[{"count":0,"href":"https:\/\/www.europesays.com\/fi\/wp-json\/wp\/v2\/posts\/42143\/revisions"}],"wp:featuredmedia":[{"embeddable":true,"href":"https:\/\/www.europesays.com\/fi\/wp-json\/wp\/v2\/media\/42144"}],"wp:attachment":[{"href":"https:\/\/www.europesays.com\/fi\/wp-json\/wp\/v2\/media?parent=42143"}],"wp:term":[{"taxonomy":"category","embeddable":true,"href":"https:\/\/www.europesays.com\/fi\/wp-json\/wp\/v2\/categories?post=42143"},{"taxonomy":"post_tag","embeddable":true,"href":"https:\/\/www.europesays.com\/fi\/wp-json\/wp\/v2\/tags?post=42143"}],"curies":[{"name":"wp","href":"https:\/\/api.w.org\/{rel}","templated":true}]}}