{"id":42173,"date":"2025-09-22T12:15:08","date_gmt":"2025-09-22T12:15:08","guid":{"rendered":"https:\/\/www.europesays.com\/fi\/42173\/"},"modified":"2025-09-22T12:15:08","modified_gmt":"2025-09-22T12:15:08","slug":"ravintola-toppa-konkurssiin-ilta-sanomat","status":"publish","type":"post","link":"https:\/\/www.europesays.com\/fi\/42173\/","title":{"rendered":"Ravintola Toppa konkurssiin &#8211; Ilta-Sanomat"},"content":{"rendered":"<p>Ovet suljetaan parin viikon p\u00e4\u00e4st\u00e4.<\/p>\n<p class=\"article-body mb-nof-24 px-nof-16\">Helsingiss\u00e4 on ollut viime aikoina useita ravintoloiden sulkemisia.<\/p>\n<p class=\"article-body mb-nof-24 px-nof-16\">Nyt keskeisell\u00e4 paikalla Kauppatorin kupeessa sijaitseva ravintola Toppa on hakeutunut konkurssiin. Michelin-kokkina tunnetun ravintoloitsija <a class=\"article-personlink\" href=\"https:\/\/www.is.fi\/haku\/?query=Tommi%20Tuomisen\" rel=\"nofollow noopener\" target=\"_blank\">Tommi Tuomisen <\/a>mukaan syyn\u00e4 on yksinkertaisesti heikko kysynt\u00e4.<\/p>\n<p class=\"article-body mb-nof-24 px-nof-16\">\u2013\u2009Taustalla on markkinatilanne. Asiakkaita ei ole riitt\u00e4v\u00e4sti ja liiketila on kallis, Tuominen sanoo.<\/p>\n<p class=\"article-body mb-nof-24 px-nof-16\">H\u00e4nen mukaansa Toppa sulkee ovensa l\u00e4hiaikoina.<\/p>\n<p class=\"article-body mb-nof-24 px-nof-16\">\u2013\u2009Arvio on, ett\u00e4 noin kahden viikon p\u00e4\u00e4st\u00e4.<\/p>\n<p class=\"article-body mb-nof-24 px-nof-16\">Toppa sijaitsee Katajanokalla vuonna 1962 valmistuneessa, arkkitehti Alvar Aallon Enso-Gutzeitin p\u00e4\u00e4konttoriksi suunnittelemassa talossa. Rakennus tunnetaan lempinimell\u00e4\u00e4n Sokeripala.<\/p>\n<p class=\"article-body mb-nof-24 px-nof-16\">Toppa on tarjoillut kansainv\u00e4list\u00e4 katuruokaa ravintolaversioina. Ylimm\u00e4ss\u00e4 kerroksessa sijaitsevasta ravintolatilasta aukeavat huikeat n\u00e4kym\u00e4t muun muassa Kauppatorille.<\/p>\n<p class=\"article-body mb-nof-24 px-nof-16\">Tuomisen mukaan Topan sulkeutuminen ei vaikuta muiden ravintoloiden, kuten Ruoholahdessa sijaitsevaan Michelin-t\u00e4hden ansainneen Demon toimintaan.<\/p>\n<p class=\"article-body mb-nof-24 px-nof-16\">Tuominen on my\u00f6s osakas ja toimitusjohtaja suositussa Liemi-ravintolassa.<\/p>\n","protected":false},"excerpt":{"rendered":"Ovet suljetaan parin viikon p\u00e4\u00e4st\u00e4. Helsingiss\u00e4 on ollut viime aikoina useita ravintoloiden sulkemisia. Nyt keskeisell\u00e4 paikalla Kauppatorin kupeessa&hellip;\n","protected":false},"author":2,"featured_media":42174,"comment_status":"","ping_status":"","sticky":false,"template":"","format":"standard","meta":{"footnotes":""},"categories":[5],"tags":[22,23,26,27,33,31,30,17,34,24,25,28,29,15,18,21,32,19,20,16],"class_list":{"0":"post-42173","1":"post","2":"type-post","3":"status-publish","4":"format-standard","5":"has-post-thumbnail","7":"category-otsikot","8":"tag-breaking-news","9":"tag-breakingnews","10":"tag-featured-news","11":"tag-featurednews","12":"tag-fi","13":"tag-finland","14":"tag-finnish","15":"tag-headlines","16":"tag-ilta-sanomat","17":"tag-latest-news","18":"tag-latestnews","19":"tag-main-news","20":"tag-mainnews","21":"tag-news","22":"tag-otsikot","23":"tag-paauutiset","24":"tag-suomi","25":"tag-top-stories","26":"tag-topstories","27":"tag-uutiset"},"share_on_mastodon":{"url":"","error":""},"_links":{"self":[{"href":"https:\/\/www.europesays.com\/fi\/wp-json\/wp\/v2\/posts\/42173","targetHints":{"allow":["GET"]}}],"collection":[{"href":"https:\/\/www.europesays.com\/fi\/wp-json\/wp\/v2\/posts"}],"about":[{"href":"https:\/\/www.europesays.com\/fi\/wp-json\/wp\/v2\/types\/post"}],"author":[{"embeddable":true,"href":"https:\/\/www.europesays.com\/fi\/wp-json\/wp\/v2\/users\/2"}],"replies":[{"embeddable":true,"href":"https:\/\/www.europesays.com\/fi\/wp-json\/wp\/v2\/comments?post=42173"}],"version-history":[{"count":0,"href":"https:\/\/www.europesays.com\/fi\/wp-json\/wp\/v2\/posts\/42173\/revisions"}],"wp:featuredmedia":[{"embeddable":true,"href":"https:\/\/www.europesays.com\/fi\/wp-json\/wp\/v2\/media\/42174"}],"wp:attachment":[{"href":"https:\/\/www.europesays.com\/fi\/wp-json\/wp\/v2\/media?parent=42173"}],"wp:term":[{"taxonomy":"category","embeddable":true,"href":"https:\/\/www.europesays.com\/fi\/wp-json\/wp\/v2\/categories?post=42173"},{"taxonomy":"post_tag","embeddable":true,"href":"https:\/\/www.europesays.com\/fi\/wp-json\/wp\/v2\/tags?post=42173"}],"curies":[{"name":"wp","href":"https:\/\/api.w.org\/{rel}","templated":true}]}}