{"id":42208,"date":"2025-09-22T13:07:09","date_gmt":"2025-09-22T13:07:09","guid":{"rendered":"https:\/\/www.europesays.com\/fi\/42208\/"},"modified":"2025-09-22T13:07:09","modified_gmt":"2025-09-22T13:07:09","slug":"kaupat-pienensivat-ruokahavikkiaan-ilta-sanomat","status":"publish","type":"post","link":"https:\/\/www.europesays.com\/fi\/42208\/","title":{"rendered":"Kaupat pienensiv\u00e4t ruokah\u00e4vikki\u00e4\u00e4n &#8211; Ilta-Sanomat"},"content":{"rendered":"<p>Luonnonvarakeskus laski, kuinka paljon p\u00e4ivitt\u00e4istavarakaupan myym\u00e4l\u00f6iden l\u00e4pi kulkevista elintarvikkeista p\u00e4\u00e4tyi ruokah\u00e4vikiksi.<\/p>\n<p class=\"article-body mb-nof-24 px-nof-16\">P\u00e4ivitt\u00e4istavarakauppa on onnistunut v\u00e4hent\u00e4m\u00e4\u00e4n ruokah\u00e4vikki\u00e4\u00e4n viime vuosien aikana, kertovat Luonnonvarakeskuksen (Luke) laskelmat.<\/p>\n<p class=\"article-body mb-nof-24 px-nof-16\">Luken mukaan vuonna 2024 p\u00e4ivitt\u00e4istavarakaupan myym\u00e4l\u00f6iden l\u00e4pi kulkevista elintarvikkeista ruokah\u00e4vikiksi p\u00e4\u00e4tyi 0,97 prosenttia. Luke on seurannut kaupan ruokah\u00e4vikin kehityst\u00e4 vuodesta 2018, jolloin h\u00e4vikin osuus oli viel\u00e4 1,6 prosenttia.<\/p>\n<p class=\"article-body mb-nof-24 px-nof-16\">\u2013\u2009M\u00e4\u00e4r\u00e4llisesti suurimman osan kaupan kokonaish\u00e4vikist\u00e4 muodostavat vihannekset, perunat, hedelm\u00e4t ja marjat. N\u00e4iss\u00e4 h\u00e4vikin v\u00e4henem\u00e4 on suurin, seitsem\u00e4ss\u00e4 vuodessa 24,6 miljoonasta kilosta noin 16 miljoonaan kiloon, kertoo Luken tutkija <a class=\"article-personlink\" href=\"https:\/\/www.is.fi\/haku\/?query=Inkeri%20Riipi\" rel=\"nofollow noopener\" target=\"_blank\">Inkeri Riipi <\/a>P\u00e4ivitt\u00e4istavarakaupan (PTY) <a class=\"article-genericlink\" href=\"https:\/\/www.pty.fi\/2025\/09\/22\/kauppa-kitkenyt-ruokahavikkia-osuus-enaa-alle-prosentin\/\" rel=\"nofollow noopener\" target=\"_blank\">tiedotteessa<\/a>.<\/p>\n<p class=\"article-body mb-nof-24 px-nof-16\">Suhteessa kokonaismyyntivolyymiin kauppojen suurin h\u00e4vikki syntyy tuoreista leip\u00e4- ja leipomotuotteista. Niist\u00e4 h\u00e4vikkiin p\u00e4\u00e4tyi viime vuonna 3,6 prosenttia.<\/p>\n<p class=\"article-body mb-nof-24 px-nof-16\">Leip\u00e4- ja leipomotuotteiden h\u00e4vikkikin on kuitenkin pienentynyt Riipin mukaan merkitt\u00e4v\u00e4sti: yli 7 miljoonaa kiloa vuoteen 2018 verrattuna. Tuolloin tuoreista leip\u00e4- ja leipomotuotteista h\u00e4vikkiin meni yli 5 prosenttia.<\/p>\n<p class=\"article-body mb-nof-24 px-nof-16\">Vuoteen 2018 verrattuna h\u00e4vikki taas on lis\u00e4\u00e4ntynyt juomien osalta sek\u00e4 muun ruoan kategoriassa, johon kuuluvat muun muassa einekset ja pakasteet. Molemmissa kategorioissa h\u00e4vikki on kuitenkin v\u00e4h\u00e4isemp\u00e4\u00e4 kuin kaikissa elintarvikkeissa keskim\u00e4\u00e4rin.<\/p>\n<p>Punalaput, h\u00e4vikkihyllyt ja ilta-alet<\/p>\n<p class=\"article-body mb-nof-24 px-nof-16\">PTY:n mukaan kaupan yritykset ovat tehneet ruokah\u00e4vikin v\u00e4hent\u00e4miseksi pitk\u00e4j\u00e4nteist\u00e4 ty\u00f6t\u00e4.<\/p>\n<p class=\"article-body mb-nof-24 px-nof-16\">H\u00e4vikin v\u00e4hent\u00e4misen keinoista tiedotteessa nostetaan esiin muun muassa punalaputetut tuotteet, aamu- ja ilta-alet sek\u00e4 h\u00e4vikkihyllyt, -kassit ja -laatikot. H\u00e4vikki\u00e4 voidaan v\u00e4hent\u00e4\u00e4 my\u00f6s tuoteinnovaatioilla, joissa raaka-aineista tehd\u00e4\u00e4n uusia tuotteita.<\/p>\n<p class=\"article-body mb-nof-24 px-nof-16\">T\u00e4rkeimp\u00e4n\u00e4 keinona pienent\u00e4\u00e4 h\u00e4vikki\u00e4 pidet\u00e4\u00e4n kuitenkin ty\u00f6t\u00e4, joka tehd\u00e4\u00e4n jo ennen tuotteiden ilmestymist\u00e4 kaupan hyllyille esimerkiksi ennusteiden ja tilausj\u00e4rjestelmien avulla.<\/p>\n<p class=\"article-body mb-nof-24 px-nof-16\">Kuluttajille yritykset esimerkiksi tarjoavat vinkkej\u00e4 h\u00e4vikkikokkailuun ja muistuttavat oikeista s\u00e4ilytysl\u00e4mp\u00f6tiloista. Kuluttajien huomiota pyrit\u00e4\u00e4n kiinnitt\u00e4m\u00e4\u00e4n my\u00f6s tuotteiden kypsyysasteeseen ja kiertonopeuteen.<\/p>\n<p>Kaupan osuus ruokah\u00e4vikist\u00e4 vajaa kuudesosa<\/p>\n<p class=\"article-body mb-nof-24 px-nof-16\">Kaupan sektorin osuus elintarvikeketjun ruokah\u00e4vikist\u00e4 on Luken <a class=\"article-genericlink\" href=\"https:\/\/ruokahavikkitiekartta.fi\/keinot-ja-hankkeet-ketjuvaiheittain\/kauppa\/\" rel=\"nofollow noopener\" target=\"_blank\">mukaan<\/a> 15\u201316 prosenttia. Kotitaloudet aiheuttavat ruokah\u00e4vikist\u00e4 noin kolmanneksen.<\/p>\n<p class=\"article-body mb-nof-24 px-nof-16\">Osuutensa ruokah\u00e4vikiss\u00e4 on my\u00f6s elintarviketeollisuudella (22\u201323 prosenttia), ravitsemispalveluilla (16\u201317 prosenttia) sek\u00e4 alkutuotannolla (11\u201316 prosenttia).<\/p>\n<p class=\"article-body mb-nof-24 px-nof-16\">Suomi on EU-maana <a class=\"article-genericlink\" href=\"https:\/\/finland.representation.ec.europa.eu\/uutiset\/eun-tavoitteena-puolittaa-ruokahavikin-maara-vuoteen-2030-mennessa-2020-08-12_fi\" rel=\"nofollow noopener\" target=\"_blank\">sitoutunut<\/a> YK:n kest\u00e4v\u00e4n kehityksen tavoitteeseen puolittaa ruokah\u00e4vikin m\u00e4\u00e4r\u00e4 vuoteen 2030 menness\u00e4.<\/p>\n","protected":false},"excerpt":{"rendered":"Luonnonvarakeskus laski, kuinka paljon p\u00e4ivitt\u00e4istavarakaupan myym\u00e4l\u00f6iden l\u00e4pi kulkevista elintarvikkeista p\u00e4\u00e4tyi ruokah\u00e4vikiksi. P\u00e4ivitt\u00e4istavarakauppa on onnistunut v\u00e4hent\u00e4m\u00e4\u00e4n ruokah\u00e4vikki\u00e4\u00e4n viime vuosien&hellip;\n","protected":false},"author":2,"featured_media":42209,"comment_status":"","ping_status":"","sticky":false,"template":"","format":"standard","meta":{"footnotes":""},"categories":[5],"tags":[22,23,26,27,33,31,30,17,34,24,25,28,29,15,18,21,32,19,20,16],"class_list":{"0":"post-42208","1":"post","2":"type-post","3":"status-publish","4":"format-standard","5":"has-post-thumbnail","7":"category-otsikot","8":"tag-breaking-news","9":"tag-breakingnews","10":"tag-featured-news","11":"tag-featurednews","12":"tag-fi","13":"tag-finland","14":"tag-finnish","15":"tag-headlines","16":"tag-ilta-sanomat","17":"tag-latest-news","18":"tag-latestnews","19":"tag-main-news","20":"tag-mainnews","21":"tag-news","22":"tag-otsikot","23":"tag-paauutiset","24":"tag-suomi","25":"tag-top-stories","26":"tag-topstories","27":"tag-uutiset"},"share_on_mastodon":{"url":"","error":""},"_links":{"self":[{"href":"https:\/\/www.europesays.com\/fi\/wp-json\/wp\/v2\/posts\/42208","targetHints":{"allow":["GET"]}}],"collection":[{"href":"https:\/\/www.europesays.com\/fi\/wp-json\/wp\/v2\/posts"}],"about":[{"href":"https:\/\/www.europesays.com\/fi\/wp-json\/wp\/v2\/types\/post"}],"author":[{"embeddable":true,"href":"https:\/\/www.europesays.com\/fi\/wp-json\/wp\/v2\/users\/2"}],"replies":[{"embeddable":true,"href":"https:\/\/www.europesays.com\/fi\/wp-json\/wp\/v2\/comments?post=42208"}],"version-history":[{"count":0,"href":"https:\/\/www.europesays.com\/fi\/wp-json\/wp\/v2\/posts\/42208\/revisions"}],"wp:featuredmedia":[{"embeddable":true,"href":"https:\/\/www.europesays.com\/fi\/wp-json\/wp\/v2\/media\/42209"}],"wp:attachment":[{"href":"https:\/\/www.europesays.com\/fi\/wp-json\/wp\/v2\/media?parent=42208"}],"wp:term":[{"taxonomy":"category","embeddable":true,"href":"https:\/\/www.europesays.com\/fi\/wp-json\/wp\/v2\/categories?post=42208"},{"taxonomy":"post_tag","embeddable":true,"href":"https:\/\/www.europesays.com\/fi\/wp-json\/wp\/v2\/tags?post=42208"}],"curies":[{"name":"wp","href":"https:\/\/api.w.org\/{rel}","templated":true}]}}