{"id":42210,"date":"2025-09-22T13:19:08","date_gmt":"2025-09-22T13:19:08","guid":{"rendered":"https:\/\/www.europesays.com\/fi\/42210\/"},"modified":"2025-09-22T13:19:08","modified_gmt":"2025-09-22T13:19:08","slug":"juha-perala-ulos-radiosta","status":"publish","type":"post","link":"https:\/\/www.europesays.com\/fi\/42210\/","title":{"rendered":"Juha Per\u00e4l\u00e4 ulos radiosta!"},"content":{"rendered":"<p>            Matti Matikainen, Adobe Stock\n        <\/p>\n<p class=\"subtitle \">Vaikka Suomipopin ohjelmap\u00e4\u00e4llikk\u00f6 kertoo Juhan olevan lomalla, ei Juhan jatkosta ole kuitenkaan mit\u00e4\u00e4n t\u00e4ytt\u00e4 varmuutta.<\/p>\n<p class=\"article-content article-content-width !bg-background\"> on yksi Suomen tunnetuimmista radiojuontajista.<\/p>\n<p class=\"article-content article-content-width !bg-background\">\u201dPeris\u201d tuli aikanaan tunnetuksi erityisesti osana Radio Suomipopin Aamulypsyn legendaarista kokoonpanoa, jossa h\u00e4n toimi \u201dkolmantena py\u00f6r\u00e4n\u00e4\u201d  ja  seurana.<\/p>\n<p class=\"article-content article-content-width !bg-background\">Juha on tunnettu sek\u00e4 liev\u00e4sti sanottuna omituisista jutuistaan ett\u00e4 laajasta yleissivistyksest\u00e4\u00e4n.<\/p>\n<p class=\"article-content article-content-width !bg-background\">T\u00e4m\u00e4 mikstuura on tehnyt 43-vuotiaasta Juupajoen miehest\u00e4 hyvin omaleimaisen ja suositun.<\/p>\n<p>        <a itemprop=\"url\" href=\"https:\/\/www.seiska.fi\/kotimaa\/juha-peralan-velkahelvetissa-uusi-kaanne\/1492423\" rel=\"nofollow noopener\" target=\"_blank\"><\/p>\n<p class=\"section-date\">\n        <strong class=\"article-section\" data-section=\"kotimaa\"><br \/>\n            kotimaa<br \/>\n        <\/strong><br \/>\n        20.10.2024 07:00\n    <\/p>\n<p>    Juha Per\u00e4l\u00e4n velkahelvetiss\u00e4 uusi k\u00e4\u00e4nne<\/p>\n<p itemprop=\"description\" class=\"subtitle \">\n    Juontaja on alkanut maksamaan velkojaan, mutta h\u00e4nell\u00e4 on silti edelleen j\u00e4ttisumma ulosotossa.\n<\/p>\n<p>        <\/a><\/p>\n<p class=\"article-content article-content-width !bg-background\">Jaajo ja Anni ovat jo j\u00e4tt\u00e4neet radion kokonaan, eik\u00e4 Juhakaan ole ollut en\u00e4\u00e4 vuosiin osana Aamulypsy\u00e4.<\/p>\n<p>                <img decoding=\"async\" src=\"https:\/\/www.europesays.com\/fi\/wp-content\/uploads\/2025\/09\/1739503.webp\" width=\"576\" height=\"308\" alt=\"Monille t\u00e4m\u00e4 on Radio Suomipopin legendaarisin Aamulypsy-porukka: Juha Per\u00e4l\u00e4, Anni Iham\u00e4ki (ent. Hautala) sek\u00e4 Jaajo Linnonmaa.\" loading=\"lazy\" \/>            <\/p>\n<p>\n            Monille t\u00e4m\u00e4 on Radio Suomipopin legendaarisin Aamulypsy-porukka: Juha Per\u00e4l\u00e4, Anni Iham\u00e4ki (ent. Hautala) sek\u00e4 Jaajo Linnonmaa.<br \/>\n            Pasi Murto\n        <\/p>\n<p>Ohjelma illassa loppui<\/p>\n<p class=\"article-content article-content-width !bg-background\">Suomipopin illassa h\u00e4nell\u00e4 on sen sijaan ollut oma ohjelmaslotti, jota h\u00e4n on parin viime vuoden ajan tehnyt Espanjan Aurinkorannikolta k\u00e4sin.<\/p>\n<p class=\"article-content article-content-width !bg-background\">Muutama vuosi sitten puhuttiin my\u00f6s jopa siit\u00e4, kuinka Juha l\u00e4htisi valloittamaan Hollywoodia, mutta ilmoituksen j\u00e4lkeen asiasta ei ole en\u00e4\u00e4 kuulunut.<\/p>\n<p>        <a itemprop=\"url\" href=\"https:\/\/www.seiska.fi\/kotimaa\/muistatko-juha-peralan-noora-kihlatun-talta-han-nayttaa-nykyaan\/1582631\" rel=\"nofollow noopener\" target=\"_blank\"><\/p>\n<p class=\"section-date\">\n        <strong class=\"article-section\" data-section=\"kotimaa\"><br \/>\n            kotimaa<br \/>\n        <\/strong><br \/>\n        19.1. 16:00\n    <\/p>\n<p>    Muistatko Juha Per\u00e4l\u00e4n Noora-kihlatun? T\u00e4lt\u00e4 h\u00e4n n\u00e4ytt\u00e4\u00e4 nyky\u00e4\u00e4n<\/p>\n<p itemprop=\"description\" class=\"subtitle \">\n    Noora Alho tavoittelee laulajan uraa.\n<\/p>\n<p>        <\/a><\/p>\n<p class=\"article-content article-content-width !bg-background\">Siin\u00e4 miss\u00e4 \u201d\u00c4meriikan meininki\u201d ei ehtinyt alkaa, on nyt tullut loppu my\u00f6s Juhan radiouralle \u2013 ainakin toistaiseksi.<\/p>\n<p>                <img decoding=\"async\" src=\"https:\/\/www.europesays.com\/fi\/wp-content\/uploads\/2025\/09\/1699576.webp\" width=\"576\" height=\"322\" alt=\"Juha on mestaroinut my\u00f6s Melkein Mensa -ohjelmaa.\" loading=\"lazy\" \/>            <\/p>\n<p>\n            Juha on mestaroinut my\u00f6s Melkein Mensa -ohjelmaa.<br \/>\n            Pasi Murto\n        <\/p>\n<p> \u201dEt\u00e4konseptia\u201d ei jatketa <\/p>\n<p class=\"article-content article-content-width !bg-background\">Seiskan tietojen mukaan kanavan henkil\u00f6kuntaa on informoitu siit\u00e4, ett\u00e4 aiemmin mainittua \u201det\u00e4konseptia\u201d ei jatketa, vaan illan l\u00e4hetykset tehd\u00e4\u00e4n jatkossa p\u00e4\u00e4kallopaikalta Sanomatalolta.<\/p>\n<p class=\"article-content article-content-width !bg-background\">Juhan kanssa sen sijaan \u201djatketaan ideointia\u201d sen suhteen, millaisia ohjelmia voisi jatkossa mahdollisesti tulla viikonloppuihin.<\/p>\n<p>        <a itemprop=\"url\" href=\"https:\/\/www.seiska.fi\/kotimaa\/juha-perala-julkaisi-uskomattoman-kuvan-ruoastaan-jaajo-linnonmaalta-ehdotus\/1568198\" rel=\"nofollow noopener\" target=\"_blank\"><\/p>\n<p class=\"section-date\">\n        <strong class=\"article-section\" data-section=\"kotimaa\"><br \/>\n            kotimaa<br \/>\n        <\/strong><br \/>\n        2.1. 13:31\n    <\/p>\n<p>    Juha Per\u00e4l\u00e4 julkaisi uskomattoman kuvan ruoastaan \u2013 Jaajo Linnonmaalta ehdotus<\/p>\n<p itemprop=\"description\" class=\"subtitle \">\n    Hieman yli vuosi sitten jys\u00e4hti, kun Juha Per\u00e4l\u00e4 kertoi l\u00e4htev\u00e4ns\u00e4 amerikkalaisen unelman per\u00e4ss\u00e4 valloittamaan Hollywoodia.\n<\/p>\n<p>        <\/a><\/p>\n<p class=\"article-content article-content-width !bg-background\">De facto Juha on kuitenkin t\u00e4ss\u00e4 kohtaa jenkkitermein \u201dout of office permanently\u201d.<\/p>\n<p class=\"article-content article-content-width !bg-background\">T\u00e4ysin toimeton Juha ei ole ollut, sill\u00e4 G\u00e4mblers Cast on palannut kes\u00e4laitumilta uuden tuotantokauden voimin.<\/p>\n<p class=\"article-content article-content-width !bg-background\">Juha on podcastissa kakkosviulisti yhdess\u00e4  kanssa,  ja  (tosin tiet\u00e4m\u00e4tt\u00e4\u00e4n) ollessa ohjelman primus motoreita.<\/p>\n<p>                <img decoding=\"async\" src=\"https:\/\/www.europesays.com\/fi\/wp-content\/uploads\/2025\/09\/1582973.webp\" width=\"576\" height=\"720\" alt=\"Juha Per\u00e4l\u00e4 kihlasi Noora Alhon vuonna 2018. Pari ei ole kuitenkaan juuri viime vuosina yhdess\u00e4 esiintynyt.\" loading=\"lazy\" \/>            <\/p>\n<p>\n            Juha Per\u00e4l\u00e4 kihlasi Noora Alhon vuonna 2018. Pari ei ole kuitenkaan juuri viime vuosina yhdess\u00e4 esiintynyt.<br \/>\n            Pasi Murto\n        <\/p>\n<p>Nyt puhuu ohjelmap\u00e4\u00e4llikk\u00f6 <\/p>\n<p class=\"article-content article-content-width !bg-background\">Seiska tavoitti Suomipopin ohjelmap\u00e4\u00e4llikk\u00f6 , joka vahvistaa asian.<\/p>\n<p class=\"article-content article-content-width !bg-background\">\u2013 Nyt Juha on lomalla, ja katsellaan sitten, mit\u00e4 keksit\u00e4\u00e4n, kun h\u00e4n palaa.<\/p>\n<p class=\"article-content article-content-width !bg-background\">Niina kertoo, ett\u00e4 Suomipopilla menee vallan mainiosti.\u00a0<\/p>\n<p>        <a itemprop=\"url\" href=\"https:\/\/www.seiska.fi\/kotimaa\/juha-peralan-velkahelvetti-paisuu\/1441456\" rel=\"nofollow noopener\" target=\"_blank\"><\/p>\n<p class=\"section-date\">\n        <strong class=\"article-section\" data-section=\"kotimaa\"><br \/>\n            kotimaa<br \/>\n        <\/strong><br \/>\n        31.8.2024 07:00\n    <\/p>\n<p>    Juha Per\u00e4l\u00e4n velkahelvetti paisuu<\/p>\n<p itemprop=\"description\" class=\"subtitle \">\n    Suosikkijuontajan ulosottorekisterin suurin yksitt\u00e4inen merkint\u00e4 on yli 28 000 euroa.\n<\/p>\n<p>        <\/a><\/p>\n<p class=\"article-content article-content-width !bg-background\">Viime aikoina kanavan illassa on toiminut viihdepainotteinen konsepti, jossa pureudutaan muun muassa Nelosen viihdeohjelmiin ja -ilmi\u00f6ihin.<\/p>\n<p class=\"article-content article-content-width !bg-background\">\u00c4\u00e4ness\u00e4 ovat olleet ex-missi ,  ja .<\/p>\n","protected":false},"excerpt":{"rendered":"Matti Matikainen, Adobe Stock Vaikka Suomipopin ohjelmap\u00e4\u00e4llikk\u00f6 kertoo Juhan olevan lomalla, ei Juhan jatkosta ole kuitenkaan mit\u00e4\u00e4n t\u00e4ytt\u00e4&hellip;\n","protected":false},"author":2,"featured_media":42211,"comment_status":"","ping_status":"","sticky":false,"template":"","format":"standard","meta":{"footnotes":""},"categories":[136],"tags":[11182,407,137,33,31,30,2530,2527,408,11183,9878,32,109],"class_list":{"0":"post-42210","1":"post","2":"type-post","3":"status-publish","4":"format-standard","5":"has-post-thumbnail","7":"category-julkkikset","8":"tag-aamulypsy","9":"tag-celebrities","10":"tag-entertainment","11":"tag-fi","12":"tag-finland","13":"tag-finnish","14":"tag-gamblers-cast","15":"tag-juha-perala","16":"tag-julkkikset","17":"tag-niina-jokiaho","18":"tag-radio-suomipop","19":"tag-suomi","20":"tag-viihde"},"share_on_mastodon":{"url":"","error":""},"_links":{"self":[{"href":"https:\/\/www.europesays.com\/fi\/wp-json\/wp\/v2\/posts\/42210","targetHints":{"allow":["GET"]}}],"collection":[{"href":"https:\/\/www.europesays.com\/fi\/wp-json\/wp\/v2\/posts"}],"about":[{"href":"https:\/\/www.europesays.com\/fi\/wp-json\/wp\/v2\/types\/post"}],"author":[{"embeddable":true,"href":"https:\/\/www.europesays.com\/fi\/wp-json\/wp\/v2\/users\/2"}],"replies":[{"embeddable":true,"href":"https:\/\/www.europesays.com\/fi\/wp-json\/wp\/v2\/comments?post=42210"}],"version-history":[{"count":0,"href":"https:\/\/www.europesays.com\/fi\/wp-json\/wp\/v2\/posts\/42210\/revisions"}],"wp:featuredmedia":[{"embeddable":true,"href":"https:\/\/www.europesays.com\/fi\/wp-json\/wp\/v2\/media\/42211"}],"wp:attachment":[{"href":"https:\/\/www.europesays.com\/fi\/wp-json\/wp\/v2\/media?parent=42210"}],"wp:term":[{"taxonomy":"category","embeddable":true,"href":"https:\/\/www.europesays.com\/fi\/wp-json\/wp\/v2\/categories?post=42210"},{"taxonomy":"post_tag","embeddable":true,"href":"https:\/\/www.europesays.com\/fi\/wp-json\/wp\/v2\/tags?post=42210"}],"curies":[{"name":"wp","href":"https:\/\/api.w.org\/{rel}","templated":true}]}}