{"id":42232,"date":"2025-09-22T13:50:09","date_gmt":"2025-09-22T13:50:09","guid":{"rendered":"https:\/\/www.europesays.com\/fi\/42232\/"},"modified":"2025-09-22T13:50:09","modified_gmt":"2025-09-22T13:50:09","slug":"harry-potter-tahti-lahes-tunnistamattomana-uudessa-roolissa","status":"publish","type":"post","link":"https:\/\/www.europesays.com\/fi\/42232\/","title":{"rendered":"Harry Potter -t\u00e4hti l\u00e4hes tunnistamattomana uudessa roolissa"},"content":{"rendered":"<p>Harry Potter -elokuvista tuttu Matthew Lewis on l\u00e4hes tunnistamaton uudessa roolissaan.<\/p>\n<p><img decoding=\"async\" class=\"image image-show image-preview\" src=\"https:\/\/www.europesays.com\/fi\/wp-content\/uploads\/2025\/09\/85e5c512849935359e2abbaa92dd7974e29db93c11682b1c33655c7b6a1fb0cd.jpg\" alt=\"\"\/><img decoding=\"async\" class=\"image image-show\" src=\"https:\/\/www.europesays.com\/fi\/wp-content\/uploads\/2025\/09\/1758549009_626_85e5c512849935359e2abbaa92dd7974e29db93c11682b1c33655c7b6a1fb0cd.jpg\" alt=\"\"\/><\/p>\n<p>Matthew Lewis on tunnettu roolistaan Neville Longbottomina. AOP<\/p>\n<p class=\"paragraph\">Britannian tv:ss\u00e4 alkaa uusi draamasarja Murder Before Evensong, joka pohjautuu kirjailija ja pastori <strong>Richard Colesin<\/strong> Canon Clement Mysteries -kirjasarjan esikoisteokseen.<\/p>\n<p class=\"paragraph\"><a href=\"https:\/\/www.mirror.co.uk\/tv\/tv-news\/harry-potter-star-unrecognisable-new-35930677\" target=\"_blank\" rel=\"noopener nofollow\">Mirror<\/a> kertoo, ett\u00e4 sarjasta julkaistussa trailerissa n\u00e4hd\u00e4\u00e4n my\u00f6s Harry Potter -elokuvien <a href=\"https:\/\/www.iltalehti.fi\/henkilot\/Matthew Lewis\" class=\"article-link-person-page\" rel=\"nofollow noopener\" target=\"_blank\">Neville Longbottomina<\/a> tunnettu <a href=\"https:\/\/www.iltalehti.fi\/henkilot\/Matthew Lewis\" class=\"article-link-person-page\" rel=\"nofollow noopener\" target=\"_blank\">Matthew Lewis<\/a>, 36, joka on uudessa roolissaan l\u00e4hes tunnistamaton.<\/p>\n<p class=\"paragraph\">Uudessa sarjassa Lewis esitt\u00e4\u00e4 <strong>Canon Daniel Clementi\u00e4<\/strong>, Champtonin seurakunnan pappia, joka asuu pappilassa \u00e4itins\u00e4 <strong>Audreyn<\/strong> sek\u00e4 koiriensa Cosmon ja Hildan kanssa. Rauhallinen el\u00e4m\u00e4 j\u00e4rkkyy, kun kirkosta l\u00f6ytyy ruumis ja Clement joutuu keskelle murhatutkintaa.<\/p>\n<p class=\"paragraph\">Tv-kanava on julkaissut Instagramissa trailereita tulevasta sarjasta, jossa Lewis esitell\u00e4\u00e4n uudessa roolissaan.<\/p>\n<p class=\"paragraph\">Jos julkaisu ei n\u00e4y, voit katsoa sen <a href=\"https:\/\/www.instagram.com\/p\/DOypvWfiPiX\/\" target=\"_blank\" rel=\"noopener nofollow\">t\u00e4st\u00e4<\/a>.<\/p>\n<p class=\"paragraph\">N\u00e4yttelij\u00e4kaartiin kuuluvat Lewisin lis\u00e4ksi <a href=\"https:\/\/www.iltalehti.fi\/henkilot\/Amanda Redman\" class=\"article-link-person-page\" rel=\"nofollow noopener\" target=\"_blank\">Amanda Redman<\/a>, joka esitt\u00e4\u00e4 papin \u00e4iti\u00e4 sek\u00e4 <strong>Amit Shah<\/strong>, joka n\u00e4yttelee rikosylikonstaapeli <strong>Neil Vanloota<\/strong>.<\/p>\n<p class=\"paragraph\">Faniot odottavat uutta sarjaa innolla, mik\u00e4 n\u00e4kyy julkaisun kommenttikent\u00e4ss\u00e4.<\/p>\n<p class=\"paragraph\">\u2013 En malta odottaa t\u00e4m\u00e4n n\u00e4kemist\u00e4! hehkuttaa er\u00e4s k\u00e4ytt\u00e4j\u00e4.<\/p>\n<p class=\"paragraph\">\u2013 N\u00e4en n\u00e4it\u00e4 klippej\u00e4 jatkuvasti, mutta minun t\u00e4ytyy saada tiet\u00e4\u00e4, milloin t\u00e4m\u00e4 tulee! yksi fani kommentoi malttamattomana.<\/p>\n<p class=\"paragraph\">Matthew Lewis on tv-katsojille tuttu muun muassa All Creatures Great and Small -sarjasta. H\u00e4n on esiintynyt my\u00f6s sarjoissa Girlfriends, Ripper Street ja Bluestone 42.<\/p>\n<p class=\"paragraph\">Elokuvapuolella h\u00e4n teki l\u00e4pimurtonsa <a href=\"https:\/\/www.iltalehti.fi\/henkilot\/J. K. Rowling\" class=\"article-link-person-page\" rel=\"nofollow noopener\" target=\"_blank\">J.K. Rowlingin<\/a> velhoelokuvissa n\u00e4ytellen Neville Longbottomia kaikissa Harry Potter -elokuvissa Viisasten kivest\u00e4 aina Kuoleman varjelukset osa 2:een asti.<\/p>\n<p><script async src=\"\/\/www.instagram.com\/embed.js\"><\/script><\/p>\n","protected":false},"excerpt":{"rendered":"Harry Potter -elokuvista tuttu Matthew Lewis on l\u00e4hes tunnistamaton uudessa roolissaan. Matthew Lewis on tunnettu roolistaan Neville Longbottomina.&hellip;\n","protected":false},"author":2,"featured_media":42233,"comment_status":"","ping_status":"","sticky":false,"template":"","format":"standard","meta":{"footnotes":""},"categories":[131],"tags":[35,623,2234,155,137,33,173,31,30,379,1928,172,32,485,140,109],"class_list":{"0":"post-42232","1":"post","2":"type-post","3":"status-publish","4":"format-standard","5":"has-post-thumbnail","7":"category-elokuvat","8":"tag-24h","9":"tag-elokuva","10":"tag-elokuvagenre","11":"tag-elokuvat","12":"tag-entertainment","13":"tag-fi","14":"tag-film","15":"tag-finland","16":"tag-finnish","17":"tag-kirjallisuus","18":"tag-kirjallisuus-ja-audiovisuaalinen-media","19":"tag-movies","20":"tag-suomi","21":"tag-taide-yleista","22":"tag-tv-ja-elokuvat","23":"tag-viihde"},"share_on_mastodon":{"url":"","error":""},"_links":{"self":[{"href":"https:\/\/www.europesays.com\/fi\/wp-json\/wp\/v2\/posts\/42232","targetHints":{"allow":["GET"]}}],"collection":[{"href":"https:\/\/www.europesays.com\/fi\/wp-json\/wp\/v2\/posts"}],"about":[{"href":"https:\/\/www.europesays.com\/fi\/wp-json\/wp\/v2\/types\/post"}],"author":[{"embeddable":true,"href":"https:\/\/www.europesays.com\/fi\/wp-json\/wp\/v2\/users\/2"}],"replies":[{"embeddable":true,"href":"https:\/\/www.europesays.com\/fi\/wp-json\/wp\/v2\/comments?post=42232"}],"version-history":[{"count":0,"href":"https:\/\/www.europesays.com\/fi\/wp-json\/wp\/v2\/posts\/42232\/revisions"}],"wp:featuredmedia":[{"embeddable":true,"href":"https:\/\/www.europesays.com\/fi\/wp-json\/wp\/v2\/media\/42233"}],"wp:attachment":[{"href":"https:\/\/www.europesays.com\/fi\/wp-json\/wp\/v2\/media?parent=42232"}],"wp:term":[{"taxonomy":"category","embeddable":true,"href":"https:\/\/www.europesays.com\/fi\/wp-json\/wp\/v2\/categories?post=42232"},{"taxonomy":"post_tag","embeddable":true,"href":"https:\/\/www.europesays.com\/fi\/wp-json\/wp\/v2\/tags?post=42232"}],"curies":[{"name":"wp","href":"https:\/\/api.w.org\/{rel}","templated":true}]}}