{"id":42257,"date":"2025-09-22T14:22:10","date_gmt":"2025-09-22T14:22:10","guid":{"rendered":"https:\/\/www.europesays.com\/fi\/42257\/"},"modified":"2025-09-22T14:22:10","modified_gmt":"2025-09-22T14:22:10","slug":"haato-kotoa-lapsuuden-avainkokemus","status":"publish","type":"post","link":"https:\/\/www.europesays.com\/fi\/42257\/","title":{"rendered":"H\u00e4\u00e4t\u00f6 kotoa \u2013 lapsuuden avainkokemus?"},"content":{"rendered":"<p><strong><\/p>\n<p>Valtakunnallinen lapsij\u00e4rjest\u00f6 Nuoret Kotkat pelk\u00e4\u00e4, ett\u00e4 hallituksen toimin ollaan luomassa tilannetta, jossa kaikilla pienituloisilla lapsiperheill\u00e4 ei ole en\u00e4\u00e4 varaa s\u00e4\u00e4lliseen asumiseen. Pakkomuutto omasta kodista on lapselle iso asia.\u00a0<\/p>\n<p><\/strong><\/p>\n<p>Hallitus etsi syyskuun alussa budjettiriihess\u00e4 miljardin euron s\u00e4\u00e4st\u00f6j\u00e4 aiemmin p\u00e4\u00e4tettyjen s\u00e4\u00e4st\u00f6jen lis\u00e4ksi. Suurimmaksi yksitt\u00e4iseksi kohteeksi p\u00e4\u00e4tettiin lopulta asuntorakentamisen tuet: julkaistujen tietojen mukaan valtion takaamia ARA-lainoja leikataan vuodelle 2027 per\u00e4ti 365 miljoonaa euroa.\u00a0\u00a0<\/p>\n<p>Kohtuuhintaisten vuokra- ja asumisoikeustalojen omistajien Kova ry:n toimitusjohtaja\u202fJouni Parkkosen mukaan leikkaukset johtavat vuokrien nousuun, asumismahdollisuuksien kaventumiseen kasvukeskuksissa ja kohtuuhintaisen asunnon tuotannon romahtamiseen nelj\u00e4nnekseen viime vuosista. \u00a0<\/p>\n<p>Kohtuuhintaiset asunnot ovat olleet t\u00e4rkeit\u00e4 erityisesti pienituloisille lapsiperheille, joihin jo osuneita leikkauksia ovat t\u00e4ll\u00e4 hallituskaudella olleet muun muassa sosiaalietuuksien lapsikorotusten poisto, etuuksien indeksikorotusten purku ja asumistuen leikkaukset. KOVA ry:n Parkkonen odottaa kohtuuhintaisen rakentamisen leikkausten vaikutusten iskev\u00e4n samaan ryhm\u00e4\u00e4n.<\/p>\n<p>\u201dTHL:n p\u00e4ivitetyn laskelman mukaan sosiaaliturvan leikkausten takia jopa 27\u202f000 lasta on pudonnut k\u00f6yhyysrajan alle\u201d, toteaa Nuorten Kotkien toiminnanjohtaja Antti Hytti. \u201dPerheit\u00e4 on kehotettu muuttamaan halvempiin asuntoihin, mutta pelk\u00e4\u00e4n, ett\u00e4 uusien leikkausten seurauksena halvempia asuntoja ei kohta en\u00e4\u00e4 ole. Kasvatammeko ik\u00e4luokkaa, jonka lapsuuden avainkokemus on h\u00e4\u00e4t\u00f6 omasta kodista?\u201d\u00a0<\/p>\n<p>Hytti muistuttaa, ett\u00e4 pakotetun muuton voi n\u00e4hd\u00e4 olevan lapselle isompi asia kuin aikuiselle. Muutto voi tarkoittaa tutun koulun, opettajien ja yst\u00e4vien menetyst\u00e4, eli tukiverkkojen katoamista tilanteessa, jossa mahdollisesti kamppaillaan jo k\u00f6yhyyden ja ty\u00f6tt\u00f6myyden kanssa.<\/p>\n<p>\u201dT\u00e4llaista tilannetta ei varmasti kukaan halua; Leikkausten kasautuvia vaikutuksia lapsiin ja lapsiperheisiin ei vain ole huomioitu\u201d, uskoo Hytti. \u201dHallituksen tuleekin suorittaa asianmukainen lapsivaikutusten arviointi leikkausten yhteisvaikutuksista ja korjata p\u00e4\u00e4t\u00f6ksi\u00e4\u00e4n.\u201d<\/p>\n","protected":false},"excerpt":{"rendered":"Valtakunnallinen lapsij\u00e4rjest\u00f6 Nuoret Kotkat pelk\u00e4\u00e4, ett\u00e4 hallituksen toimin ollaan luomassa tilannetta, jossa kaikilla pienituloisilla lapsiperheill\u00e4 ei ole en\u00e4\u00e4&hellip;\n","protected":false},"author":2,"featured_media":42258,"comment_status":"","ping_status":"","sticky":false,"template":"","format":"standard","meta":{"footnotes":""},"categories":[76],"tags":[79,77,33,31,30,32,78],"class_list":{"0":"post-42257","1":"post","2":"type-post","3":"status-publish","4":"format-standard","5":"has-post-thumbnail","7":"category-talous","8":"tag-business","9":"tag-economy","10":"tag-fi","11":"tag-finland","12":"tag-finnish","13":"tag-suomi","14":"tag-talous"},"share_on_mastodon":{"url":"","error":""},"_links":{"self":[{"href":"https:\/\/www.europesays.com\/fi\/wp-json\/wp\/v2\/posts\/42257","targetHints":{"allow":["GET"]}}],"collection":[{"href":"https:\/\/www.europesays.com\/fi\/wp-json\/wp\/v2\/posts"}],"about":[{"href":"https:\/\/www.europesays.com\/fi\/wp-json\/wp\/v2\/types\/post"}],"author":[{"embeddable":true,"href":"https:\/\/www.europesays.com\/fi\/wp-json\/wp\/v2\/users\/2"}],"replies":[{"embeddable":true,"href":"https:\/\/www.europesays.com\/fi\/wp-json\/wp\/v2\/comments?post=42257"}],"version-history":[{"count":0,"href":"https:\/\/www.europesays.com\/fi\/wp-json\/wp\/v2\/posts\/42257\/revisions"}],"wp:featuredmedia":[{"embeddable":true,"href":"https:\/\/www.europesays.com\/fi\/wp-json\/wp\/v2\/media\/42258"}],"wp:attachment":[{"href":"https:\/\/www.europesays.com\/fi\/wp-json\/wp\/v2\/media?parent=42257"}],"wp:term":[{"taxonomy":"category","embeddable":true,"href":"https:\/\/www.europesays.com\/fi\/wp-json\/wp\/v2\/categories?post=42257"},{"taxonomy":"post_tag","embeddable":true,"href":"https:\/\/www.europesays.com\/fi\/wp-json\/wp\/v2\/tags?post=42257"}],"curies":[{"name":"wp","href":"https:\/\/api.w.org\/{rel}","templated":true}]}}