{"id":42261,"date":"2025-09-22T14:24:08","date_gmt":"2025-09-22T14:24:08","guid":{"rendered":"https:\/\/www.europesays.com\/fi\/42261\/"},"modified":"2025-09-22T14:24:08","modified_gmt":"2025-09-22T14:24:08","slug":"elisan-palkaton-harjoittelu-herattaa-kritiikkia","status":"publish","type":"post","link":"https:\/\/www.europesays.com\/fi\/42261\/","title":{"rendered":"Elisan palkaton harjoittelu her\u00e4tt\u00e4\u00e4 kritiikki\u00e4"},"content":{"rendered":"<p>Elisa haki harjoittelijaa puoleksi vuodeksi kokoaikaiseen ty\u00f6suhteeseen \u2013 lounaspalkalla.<\/p>\n<p class=\"article-body mb-nof-24 px-nof-16\">Teleyhti\u00f6 Elisa hakee harjoittelijoita ensi kev\u00e4tlukukaudeksi. Yhti\u00f6n julkaiseman ja sittemmin poistaman ilmoituksen perusteella kyse on Junior System Specialist -teht\u00e4v\u00e4st\u00e4, jossa t\u00f6it\u00e4 tehd\u00e4\u00e4n Helsingiss\u00e4 joko toimistolla Service Desk -teht\u00e4viss\u00e4, tai asiakkaan luona onsite-teht\u00e4viss\u00e4.<\/p>\n<p class=\"article-body mb-nof-24 px-nof-16\">\u2013\u2009Etsimme harjoittelijoita kahteen tiimiin, tukemaan joko Elisan yritysasiakkaita ja heid\u00e4n loppuk\u00e4ytt\u00e4ji\u00e4 tai elisalaisia kaikissa tietotekniikkaan liittyviss\u00e4 kysymyksiss\u00e4, ilmoituksessa luki.<\/p>\n<p class=\"article-body mb-nof-24 px-nof-16\">Harjoittelija tekee t\u00e4ysi\u00e4 viikkoja, ja ty\u00f6skentelee toimistoaikaan. Harjoittelun on m\u00e4\u00e4r\u00e4 alkaa tammikuussa ja kest\u00e4\u00e4 viidest\u00e4 kuuteen kuukautta.<\/p>\n<p class=\"article-body mb-nof-24 px-nof-16\">Verkostopalvelu Linkediniss\u00e4 ilmoitus on kuohuttanut. Harjoittelu on nimitt\u00e4in palkatonta, mutta Elisa lupaa tarjota lounaan ty\u00f6p\u00e4ivin\u00e4. Insin\u00f6\u00f6riopiskelija, joka nostanut asian keskusteluun, pit\u00e4\u00e4 tilannetta hieman erikoisena.<\/p>\n<p class=\"article-body mb-nof-24 px-nof-16\">\u2013\u2009Etsitte opiskelijaa, joka pystyy oppimaan melko nopeasti tietoteknisten ongelmien ratkaisemisen, ty\u00f6skentelem\u00e4\u00e4n toimistollanne 37,5 tuntia viikossa sek\u00e4 l\u00e4p\u00e4isem\u00e4\u00e4n turvallisuusselvityksen vastineeksi lounaspalkasta? Onko t\u00e4st\u00e4 mit\u00e4\u00e4n muuta hy\u00f6ty\u00e4 valituille kuin ty\u00f6kokemus?<\/p>\n<p class=\"article-body mb-nof-24 px-nof-16\">Moni kommentoija p\u00e4ivittelee samaa. Yksi heist\u00e4 kirjoittaa, ett\u00e4 alan ty\u00f6ehtosopimusten mukaan harjoittelijoille kuuluu v\u00e4hint\u00e4\u00e4n TES:n mukainen v\u00e4himm\u00e4ispalkka. T\u00e4ysiaikaisesta ty\u00f6st\u00e4 se on tyypillisesti noin 1\u202f800\u20132\u202f200 euroa kuukaudessa.<\/p>\n<p class=\"article-body mb-nof-24 px-nof-16\">\u2013\u2009Palkaton t\u00e4ysip\u00e4iv\u00e4inen harjoittelu ei vastaa nykyp\u00e4iv\u00e4n ty\u00f6markkinoiden k\u00e4yt\u00e4nt\u00f6j\u00e4, eik\u00e4 se houkuttele motivoituneita tekij\u00f6it\u00e4. Ty\u00f6kokemus on arvokasta, mutta my\u00f6s opiskelijan ty\u00f6panos ansaitsee asianmukaisen korvauksen, h\u00e4n jatkaa.<\/p>\n<p class=\"article-body mb-nof-24 px-nof-16\">Ilmoitus julkaistiin Duunitorilla. Uudenmaan aluep\u00e4\u00e4llikk\u00f6 <a class=\"article-personlink\" href=\"https:\/\/www.is.fi\/haku\/?query=Sanna%20Sarpila\" rel=\"nofollow noopener\" target=\"_blank\">Sanna Sarpila<\/a> Elisasta kertoo, ett\u00e4 julkaisussa tapahtui virhe. Ilmoitusta ei pit\u00e4nyt laittaa Duunitorille, jossa ilmoitukset ovat julkisia kaikille, vaan pelk\u00e4st\u00e4\u00e4n oppilaitosten kanavissa ja portaaleissa, joissa opiskelijat p\u00e4\u00e4sev\u00e4t n\u00e4kem\u00e4\u00e4n ilmoituksia.<\/p>\n<p class=\"article-body mb-nof-24 px-nof-16\">\u2013\u2009T\u00e4ss\u00e4 ei haeta harjoittelijoita julkisesti ulkoa, vaan yhteisty\u00f6oppilaitoksista.<\/p>\n<p class=\"article-body mb-nof-24 px-nof-16\">Elisa veti ilmoituksen pois sek\u00e4 Duuritorilta ett\u00e4 oppilaitosten sivuilta sen j\u00e4lkeen, kun lipsahdus havaittiin, ja keskustelu alkoi velloa Linkediniss\u00e4.<\/p>\n<p class=\"article-body mb-nof-24 px-nof-16\">Haku koski heit\u00e4, joiden opiskelun loppuvaiheeseen sis\u00e4ltyy harjoittelu. On tavallista, ett\u00e4 keskiasteen opintoihin ja ammatti\u00adkorkea\u00adkoulu\u00adopintoihin kuuluu harjoittelu. Elisa on yleens\u00e4 ottanut muutamia harjoittelijoita kerrallaan.<\/p>\n<p class=\"article-body mb-nof-24 px-nof-16\">\u2013\u2009Yleens\u00e4 ilmoitamme n\u00e4ist\u00e4 harjoittelumahdollisuuksista vain yhteisty\u00f6\u00adoppilaitosten sivuilla, Sarpila sanoo.<\/p>\n<p class=\"article-body mb-nof-24 px-nof-16\">On tavallista, ett\u00e4 n\u00e4ist\u00e4 harjoitteluista Elisa ei ole maksanut palkkaa. Sarpila perustelee t\u00e4t\u00e4 sill\u00e4, ett\u00e4 harjoittelijat tarvitsevat opastusta, joka sitoo esihenkil\u00f6it\u00e4.<\/p>\n<p class=\"article-body mb-nof-24 px-nof-16\">Opiskelijoille harjoittelupaikat ovat eritt\u00e4in t\u00e4rkeit\u00e4. Ainakin osa opinnoista on sellaisia, ett\u00e4 ilman harjoittelujaksoja niist\u00e4 ei valmistu. Moni tulee t\u00f6ihin, vaikka ei saisi palkkaa.<\/p>\n<p class=\"article-body mb-nof-24 px-nof-16\">\u2013\u2009Hakijoita on reilusti enemm\u00e4n kuin paikkoja. Olemme p\u00e4\u00e4s\u00e4\u00e4nt\u00f6isesti saaneet hyv\u00e4\u00e4 palautetta, Sarpila kertoo.<\/p>\n<p class=\"article-body mb-nof-24 px-nof-16\">Osa Elisalla harjoitelleista hakee valmistuttuaan t\u00f6it\u00e4 yrityksest\u00e4. Sarpilan mukaan moni onkin saanut niit\u00e4. H\u00e4n lis\u00e4\u00e4, ett\u00e4 ty\u00f6paikkaa ei silti voida luvata.<\/p>\n<p class=\"article-body mb-nof-24 px-nof-16\">Vahingon takia Elisa veti ilmoituksen pois Duunitorilta ja my\u00f6s oppilaitoksista. Yritys selvitt\u00e4\u00e4 nyt sis\u00e4isesti, mit\u00e4 se tekee t\u00e4m\u00e4n haun kanssa, ja miten se toimii vastaisuudessa.<\/p>\n<p class=\"article-body mb-nof-24 px-nof-16\">\u2013\u2009Haluamme tarkastella, onko sellaisia perusteita, ett\u00e4 pit\u00e4isi maksaa jonkinlaista korvausta, Sarpila sanoo.<\/p>\n<p class=\"article-body mb-nof-24 px-nof-16\">Elisalla on my\u00f6s muita harjoittelijoita, esimerkiksi tutkintot\u00f6it\u00e4 yhti\u00f6lle tekevi\u00e4 opiskelijoita. Mahdollisen palkan maksu riippuu siit\u00e4, miten paljon harjoitteluun sis\u00e4ltyy oppimista ty\u00f6n ohessa.<\/p>\n","protected":false},"excerpt":{"rendered":"Elisa haki harjoittelijaa puoleksi vuodeksi kokoaikaiseen ty\u00f6suhteeseen \u2013 lounaspalkalla. Teleyhti\u00f6 Elisa hakee harjoittelijoita ensi kev\u00e4tlukukaudeksi. Yhti\u00f6n julkaiseman ja&hellip;\n","protected":false},"author":2,"featured_media":42262,"comment_status":"","ping_status":"","sticky":false,"template":"","format":"standard","meta":{"footnotes":""},"categories":[12],"tags":[22,23,26,27,33,31,30,17,34,24,25,28,29,15,18,21,32,19,20,16],"class_list":{"0":"post-42261","1":"post","2":"type-post","3":"status-publish","4":"format-standard","5":"has-post-thumbnail","7":"category-suomi","8":"tag-breaking-news","9":"tag-breakingnews","10":"tag-featured-news","11":"tag-featurednews","12":"tag-fi","13":"tag-finland","14":"tag-finnish","15":"tag-headlines","16":"tag-ilta-sanomat","17":"tag-latest-news","18":"tag-latestnews","19":"tag-main-news","20":"tag-mainnews","21":"tag-news","22":"tag-otsikot","23":"tag-paauutiset","24":"tag-suomi","25":"tag-top-stories","26":"tag-topstories","27":"tag-uutiset"},"share_on_mastodon":{"url":"","error":""},"_links":{"self":[{"href":"https:\/\/www.europesays.com\/fi\/wp-json\/wp\/v2\/posts\/42261","targetHints":{"allow":["GET"]}}],"collection":[{"href":"https:\/\/www.europesays.com\/fi\/wp-json\/wp\/v2\/posts"}],"about":[{"href":"https:\/\/www.europesays.com\/fi\/wp-json\/wp\/v2\/types\/post"}],"author":[{"embeddable":true,"href":"https:\/\/www.europesays.com\/fi\/wp-json\/wp\/v2\/users\/2"}],"replies":[{"embeddable":true,"href":"https:\/\/www.europesays.com\/fi\/wp-json\/wp\/v2\/comments?post=42261"}],"version-history":[{"count":0,"href":"https:\/\/www.europesays.com\/fi\/wp-json\/wp\/v2\/posts\/42261\/revisions"}],"wp:featuredmedia":[{"embeddable":true,"href":"https:\/\/www.europesays.com\/fi\/wp-json\/wp\/v2\/media\/42262"}],"wp:attachment":[{"href":"https:\/\/www.europesays.com\/fi\/wp-json\/wp\/v2\/media?parent=42261"}],"wp:term":[{"taxonomy":"category","embeddable":true,"href":"https:\/\/www.europesays.com\/fi\/wp-json\/wp\/v2\/categories?post=42261"},{"taxonomy":"post_tag","embeddable":true,"href":"https:\/\/www.europesays.com\/fi\/wp-json\/wp\/v2\/tags?post=42261"}],"curies":[{"name":"wp","href":"https:\/\/api.w.org\/{rel}","templated":true}]}}