{"id":42304,"date":"2025-09-22T15:36:11","date_gmt":"2025-09-22T15:36:11","guid":{"rendered":"https:\/\/www.europesays.com\/fi\/42304\/"},"modified":"2025-09-22T15:36:11","modified_gmt":"2025-09-22T15:36:11","slug":"petri-matikainen-otti-ohjat-jypissa-nyt-oli-viimeinen-hetki","status":"publish","type":"post","link":"https:\/\/www.europesays.com\/fi\/42304\/","title":{"rendered":"Petri Matikainen otti ohjat JYPiss\u00e4: \u201dNyt oli viimeinen hetki\u201d"},"content":{"rendered":"<p>T\u00e4ll\u00e4 kaudella SM-liigassa n\u00e4hd\u00e4\u00e4n kiinnostavin JYP pitk\u00e4\u00e4n aikaan. Petri Matikainen ei palannut Suomeen kumartelemaan kuvia.<\/p>\n<p class=\"article-body mb-nof-24 px-nof-16\">JYP hakee t\u00e4ll\u00e4 SM-liigakaudella nousua pohjilta kovilla panostuksilla.<\/p>\n<p class=\"article-body mb-nof-24 px-nof-16\">Kokoonpanoon on ladattu paljon paukkuja, kun JYPin kasvatti, NHL-konkari <a class=\"article-personlink\" href=\"https:\/\/www.is.fi\/haku\/?query=Sami%20Vatanen\" rel=\"nofollow noopener\" target=\"_blank\">Sami Vatanen<\/a> t\u00e4hditt\u00e4\u00e4 hurjaa vahvistusten joukkoa.<\/p>\n<p class=\"article-body mb-nof-24 px-nof-16\">Vaihtopenkin taakse JYP palkkasi maineikkaan tekij\u00e4n, kun <a class=\"article-personlink\" href=\"https:\/\/www.is.fi\/haku\/?query=Petri%20Matikainen\" rel=\"nofollow noopener\" target=\"_blank\">Petri Matikainen<\/a> otti ohjat. Matikainen, 58, on luonut uraansa viime vuodet Keski-Euroopassa, miss\u00e4 h\u00e4n luotsasi it\u00e4valtalaisen Klagenfurter AC:n kahdesti mestariksi (2019, 2021).<\/p>\n<p class=\"article-body mb-nof-24 px-nof-16\">SM-liigassa Matikainen valmensi edellisen kerran t\u00e4yden kauden 2017\u201318, jolloin h\u00e4n piiskasi Pelicansia.<\/p>\n<p class=\"article-body mb-nof-24 px-nof-16\">Siirto JYPiin oli yll\u00e4tt\u00e4v\u00e4 \u2013 ja samalla hyppy tuntemattomaan.<\/p>\n<p class=\"article-body mb-nof-24 px-nof-16\">\u2013 Nyt oli viimeinen hetki. Kyselin enemm\u00e4n heilt\u00e4 kuin he kyseliv\u00e4t minulta eli meni toisinp\u00e4in kuin normaalisti ty\u00f6haastattelussa, Matikainen taustoittaa.<\/p>\n<p class=\"article-body mb-nof-24 px-nof-16\">\u2013 Tyk\u00e4styin ja n\u00e4in JYPiss\u00e4, ett\u00e4 nyt on viimeinen aika laittaa seura suoraksi. Jotain t\u00e4ytyy tehd\u00e4 toisella tavalla kuin aikaisemmin. Nyt t\u00e4ytyy l\u00f6yty\u00e4 punainen lanka t\u00e4h\u00e4n toimintaan.<\/p>\n<p><img decoding=\"async\" src=\"https:\/\/www.europesays.com\/fi\/wp-content\/uploads\/2025\/09\/1758555370_243_468.jpg\" alt=\"JYP on voittanut Petri Matikaisen alaisuudessa nelj\u00e4st\u00e4 ottelustaan kolme.\" class=\"_Img_tdqg8_1\" style=\"aspect-ratio:1.5609756097560976\" loading=\"eager\"\/><\/p>\n<p class=\"article-picture-caption\">JYP on voittanut Petri Matikaisen alaisuudessa nelj\u00e4st\u00e4 ottelustaan kolme. Kuva:\u00a0Heikki Saukkomaa \/ Lehtikuva<\/p>\n<blockquote class=\"citation\">\n<p>\u201d<\/p>\n<p>Joukkue on ollut liian irrallinen ja lapanen.<\/p>\n<\/blockquote>\n<p class=\"article-body mb-nof-24 px-nof-16\">JYP on ollut kaaosmaisessa tilassa koko 2020-luvun. Entinen kestomenestyj\u00e4 on sukeltanut viime vuodet liigan pohjalle, eik\u00e4 Jyv\u00e4skyl\u00e4ss\u00e4 ole pelattu pudotuspelej\u00e4 sitten kev\u00e4\u00e4n 2019.<\/p>\n<p class=\"article-body mb-nof-24 px-nof-16\">Matikainen on jo JYPin kuudes p\u00e4\u00e4valmentaja 2020-luvulla.<\/p>\n<p class=\"article-body mb-nof-24 px-nof-16\">\u2013 Jyv\u00e4skyl\u00e4ss\u00e4 on hallihanketta ja kaikkea muuta menossa, mutta joukkue on ollut liian irrallinen ja lapanen. T\u00e4rkein tuote eli joukkue t\u00e4ytyy ensiksi saada kuntoon ennen kuin tehd\u00e4\u00e4n muuta myynti\u00e4, paaluttaa Matikainen.<\/p>\n<p class=\"article-body mb-nof-24 px-nof-16\">Viime kev\u00e4\u00e4n pikainen p\u00e4tk\u00e4pesti K\u00e4rppien p\u00e4\u00e4valmentajana oli Matikaiselle \u201dtulikoe\u201d.<\/p>\n<p class=\"article-body mb-nof-24 px-nof-16\">Matikainen ehti valmentaa syviin vesiin ajautunutta K\u00e4rppi\u00e4 vain runkosarjan viisi viimeist\u00e4 ottelua, mutta lyhyt p\u00e4tk\u00e4 toi uutta sytykett\u00e4 kokeneeseen p\u00e4\u00e4valmentajaan.<\/p>\n<p class=\"article-body mb-nof-24 px-nof-16\">\u2013 Menin v\u00e4h\u00e4n sairaana sinne t\u00f6ihin. Minulla oli niin kovat hermokivut sel\u00e4ss\u00e4, mutta silti pystyin olemaan oma itseni. Sain siit\u00e4 ison boostin, Matikainen kertoo.<\/p>\n<p class=\"article-body mb-nof-24 px-nof-16\">\u2013 Innostuin JYPist\u00e4 ennen kaikkea sen takia, ett\u00e4 K\u00e4rppien nuoret pojat l\u00e4htiv\u00e4t hemmetin hyvin mukaan viime kev\u00e4\u00e4n\u00e4 siihen meininkiin, mink\u00e4lainen olen ihmisen\u00e4. He tykk\u00e4siv\u00e4t, ja ajattelin, ett\u00e4 minulla voisi olla viel\u00e4 annettavaa suomalaiselle j\u00e4\u00e4kiekolle.<\/p>\n<p><img decoding=\"async\" src=\"https:\/\/www.europesays.com\/fi\/wp-content\/uploads\/2025\/09\/1758555370_819_468.jpg\" alt=\"Petri Matikainen oli viime kev\u00e4\u00e4n\u00e4 runkosarjan lopulla pelastustalkoissa K\u00e4rpiss\u00e4.\" class=\"_Img_tdqg8_1\" style=\"aspect-ratio:1.5\" loading=\"eager\"\/><\/p>\n<p class=\"article-picture-caption\">Petri Matikainen oli viime kev\u00e4\u00e4n\u00e4 runkosarjan lopulla pelastustalkoissa K\u00e4rpiss\u00e4. Kuva:\u00a0Ossi Ahola \/ Aamulehti<\/p>\n<blockquote class=\"citation\">\n<p>\u201d<\/p>\n<p>Haluan auttaa, ett\u00e4 JYP on tulevaisuudessa varteenotettava mestariehdokas.<\/p>\n<\/blockquote>\n<p class=\"article-body mb-nof-24 px-nof-16\">Matikaisen mukaan h\u00e4n otti ohjat JYPiss\u00e4 vain yhdest\u00e4 syyst\u00e4.<\/p>\n<p class=\"article-body mb-nof-24 px-nof-16\">\u2013 Haluan auttaa JYPi\u00e4. Minulla ei ole mit\u00e4\u00e4n muuta syyt\u00e4 tai omaa agendaa. En tarvitse omaa agendaa. Haluan auttaa, siksi halusin tehd\u00e4 vain vuoden sopimuksen.<\/p>\n<p class=\"article-body mb-nof-24 px-nof-16\">\u2013 Katsotaan p\u00e4iv\u00e4 kerrallaan, mihin t\u00e4m\u00e4 menee ja katsotaan sitten mit\u00e4 teen. Nyt otetaan ensiaskelia ja perustaa on valettu. En tied\u00e4 miss\u00e4 olemme ja mihin p\u00e4\u00e4semme t\u00e4ll\u00e4 kaudella, mutta jotakin me yrit\u00e4mme. Sen min\u00e4 lupaan, Matikainen sanoo.<\/p>\n<p class=\"article-body mb-nof-24 px-nof-16\">Viime kaudella JYP r\u00e4mpi sarjan pohjamudissa. Joukkue teki runkosarjassa viidenneksi v\u00e4hiten maaleja ja p\u00e4\u00e4sti toiseksi eniten. Hurrikaaniporukka v\u00e4ltti joutumisen playout-p\u00e4tsiin vain yhdell\u00e4 pisteell\u00e4.<\/p>\n<p class=\"article-body mb-nof-24 px-nof-16\">\u2013 Savotta on iso. Niin on my\u00f6s potentiaali, mutta ei sit\u00e4 k\u00e4\u00e4nn\u00f6st\u00e4 hetkess\u00e4 tehd\u00e4. Perustan luomiseen menee pitk\u00e4n matkan aikaa, Matikainen n\u00e4kee JYPin nykytilanteen.<\/p>\n<p class=\"article-body mb-nof-24 px-nof-16\">\u2013 Haluan auttaa, ett\u00e4 JYP on tulevaisuudessa varteenotettava mestariehdokas. Sit\u00e4 JYPin hallitus haluaa, mutta urheilu t\u00e4ytyy nyt laittaa kuntoon.<\/p>\n<p class=\"article-body mb-nof-24 px-nof-16\">Miten punainen lanka l\u00f6ytyy?<\/p>\n<p class=\"article-body mb-nof-24 px-nof-16\">\u2013 Siihen vaaditaan, ett\u00e4 p\u00e4\u00e4valmentajalla pit\u00e4\u00e4 olla hyvin selke\u00e4 linja siit\u00e4, mit\u00e4 haluamme. Se l\u00e4htee siit\u00e4. Ei muiden linja, ei kenenk\u00e4\u00e4n muun linja kuin minun, p\u00e4\u00e4valmentajan. Linja ei voi heitell\u00e4, vaan sen pit\u00e4\u00e4 olla kohtisuora kuin junanraiteet, Matikainen sanoo.<\/p>\n<p><img decoding=\"async\" src=\"https:\/\/www.europesays.com\/fi\/wp-content\/uploads\/2025\/09\/1758555371_113_468.jpg\" alt=\"Petri Matikainen on valittu kahdesti (2008, 2011) SM-liigan parhaaksi valmentajaksi.\" class=\"_Img_tdqg8_1\" style=\"aspect-ratio:0.6666666666666666\" loading=\"eager\"\/><\/p>\n<p class=\"article-picture-caption\">Petri Matikainen on valittu kahdesti (2008, 2011) SM-liigan parhaaksi valmentajaksi. Kuva:\u00a0Antti Aimo-Koivisto \/ Lehtikuva<\/p>\n<p class=\"article-body mb-nof-24 px-nof-16\">\u2013 Minulla on siihen selke\u00e4t s\u00e4velet. Minulla on aina ollut selke\u00e4 linja, kun olen toiminut valmentajana. Nyt saan toteuttaa sit\u00e4 linjaa joukkueen kanssa ja tulemme tekem\u00e4\u00e4n sen. Kun ihmiset tulevat katsomaan JYPin pelej\u00e4, haluamme, ett\u00e4 ihmisille tulee fiiliksi\u00e4 siit\u00e4, ett\u00e4 emme luovuta tai anna periksi. Emme etsi tekosyit\u00e4, h\u00e4n sanoo.<\/p>\n<p class=\"article-body mb-nof-24 px-nof-16\">\u2013 Se l\u00e4htee olemalla joka p\u00e4iv\u00e4 jotakin. Olen kertonut, mit\u00e4 haluamme olla.<\/p>\n<p class=\"article-body mb-nof-24 px-nof-16\">Mit\u00e4 JYP haluaa olla?<\/p>\n<p class=\"article-body mb-nof-24 px-nof-16\">\u2013 Olemme aktiivinen, sitke\u00e4 ja toisillemme pelaava yhteis\u00f6. N\u00e4m\u00e4 kolme asiaa riitt\u00e4v\u00e4t. Ei mit\u00e4\u00e4n muuta. Ei tarvita mit\u00e4\u00e4n hienoja sanoja tai muita sanoja, Matikainen linjaa.<\/p>\n<p class=\"article-body mb-nof-24 px-nof-16\">T\u00e4ss\u00e4 kohtaa haastattelua Matikainen alkaa el\u00e4yty\u00e4 entist\u00e4 enemm\u00e4n. H\u00e4n maalailee v\u00e4rikk\u00e4in sanank\u00e4\u00e4ntein JYPin tulevia haasteita ja viuhtoo k\u00e4sill\u00e4\u00e4n kuin teatteriohjaaja.<\/p>\n<p class=\"article-body mb-nof-24 px-nof-16\">\u2013 Voisin kuvailla sit\u00e4 niin, ett\u00e4 menemme helvetinmoisen sumun l\u00e4pi. Viisi j\u00e4tk\u00e4\u00e4 hy\u00f6kk\u00e4\u00e4, mutta he eiv\u00e4t tied\u00e4 mit\u00e4 edess\u00e4 on. Silti olemme kimpassa ja uskallamme menn\u00e4 sinne, minne emme ole aiemmin uskaltaneet menn\u00e4, Matikainen kuvailee.<\/p>\n<p class=\"article-body mb-nof-24 px-nof-16\">\u2013 Sit\u00e4 haluamme ja pyrimme olemaan p\u00e4iv\u00e4st\u00e4 yksi alkaen.<\/p>\n<blockquote class=\"citation\">\n<p>\u201d<\/p>\n<p>Menemme helvetinmoisen sumun l\u00e4pi.<\/p>\n<\/blockquote>\n<p class=\"article-body mb-nof-24 px-nof-16\">JYP avasi kauden kotiottelulla Ilvest\u00e4 vastaan. JYP kaatoi Vatasen voittomaalilla suosikkeihin lukeutuvan Ilveksen 4\u20133. Perjantaina JYP murskasi Jukurit 6\u20132.<\/p>\n<p><img decoding=\"async\" src=\"https:\/\/www.europesays.com\/fi\/wp-content\/uploads\/2025\/09\/1758555371_100_468.jpg\" alt=\"Sami Vatanen nousi paluuottelussaan Hippoksen sankariksi.\" class=\"_Img_tdqg8_1\" style=\"aspect-ratio:1.5\" loading=\"eager\"\/><\/p>\n<p class=\"article-picture-caption\">Sami Vatanen nousi paluuottelussaan Hippoksen sankariksi. Kuva:\u00a0Vesa Popponen \/ VesaPhoto<\/p>\n<p class=\"article-body mb-nof-24 px-nof-16\">Avausviikko oli rajusti uudistuneen JYPin l\u00e4ht\u00f6piste, mutta Matikainen ei halua ladata yksitt\u00e4isiin otteluihin liikaa painetta ja odotusta.<\/p>\n<p class=\"article-body mb-nof-24 px-nof-16\">\u2013 Ensimm\u00e4isenkin pelin pit\u00e4\u00e4 olla normip\u00e4iv\u00e4. Niit\u00e4 normip\u00e4ivi\u00e4 on edess\u00e4 60 kappaletta runkosarjassa.<\/p>\n<p class=\"article-body mb-nof-24 px-nof-16\">\u2013 En osaa sen tarkemmin sanoa viel\u00e4, miten t\u00e4ss\u00e4 k\u00e4y. Nyt otamme niit\u00e4 ensiaskelia. Helvetist\u00e4k\u00f6 min\u00e4 tied\u00e4n, miten pitk\u00e4\u00e4n t\u00e4ss\u00e4 menee. Voi olla, ett\u00e4 menee kaksi vuotta, mutta sitten menee, Matikainen ilmoittaa.<\/p>\n<p class=\"article-body mb-nof-24 px-nof-16\">JYPin pelaajabudjetti nousi viime kaudesta yli 200\u00a0000 eurolla l\u00e4hes kolmen miljoonaan euroon \u2013 tai n\u00e4in seura ainakin ilmoitti julkisuuteen.<\/p>\n<p class=\"article-body mb-nof-24 px-nof-16\">Matikaisella on k\u00e4siss\u00e4\u00e4n kalliit palikat, sill\u00e4 JYP on kasannut t\u00e4ksi kaudeksi seurahistorian kalleimman joukkueen.<\/p>\n<p class=\"article-body mb-nof-24 px-nof-16\">\u2013 Joo niin on, mutta ei muuta kuin leikit\u00e4\u00e4n sitten palikoilla, Matikainen sanoo naurahtaen.<\/p>\n<blockquote class=\"citation\">\n<p>\u201d<\/p>\n<p>Olen kohta 60-vuotias. Ei minun tarvitse esitt\u00e4\u00e4 kenellek\u00e4\u00e4n mit\u00e4\u00e4n.<\/p>\n<\/blockquote>\n<p class=\"article-body mb-nof-24 px-nof-16\">Matikainen tunnetaan poikkeavista her\u00e4ttelykeinoista ja p\u00e4\u00e4h\u00e4npistoista.<\/p>\n<p class=\"article-body mb-nof-24 px-nof-16\">HIFK:n p\u00e4\u00e4valmentajana h\u00e4n toi aikanaan moottorisahan pelipalaveriin n\u00e4ytt\u00e4\u00e4kseen miten h\u00e4n haluaa joukkueensa pelaavan.<\/p>\n<p class=\"article-body mb-nof-24 px-nof-16\">It\u00e4vallassa valmentaessaan Matikainen patisti huoltajaa ostamaan kaikille pelaajille leikkiautot, joilla pelaajat sitten p\u00e4risteliv\u00e4t automatolla. Tempauksen j\u00e4lkeen Klagenfurter k\u00e4\u00e4nsi pudotuspelisarjan itselleen.<\/p>\n<p class=\"article-body mb-nof-24 px-nof-16\">Matikaisen suu k\u00e4\u00e4ntyy vienoon hymyyn, kun h\u00e4nelle mainitsee her\u00e4ttelykeinoista.<\/p>\n<p class=\"article-body mb-nof-24 px-nof-16\">\u2013 On mahdollista, ett\u00e4 autoja n\u00e4hd\u00e4\u00e4n t\u00e4ll\u00e4kin kaudella kopissa. Minulla on ollut kaikenlaisia juttuja eri joukkueissa. Teen kaikkeni, ett\u00e4 JYPin laiva k\u00e4\u00e4ntyy. Vaatii se mit\u00e4 vaan, leikkimist\u00e4 tai mit\u00e4 tahansa.<\/p>\n<p class=\"article-body mb-nof-24 px-nof-16\">\u2013 Olen t\u00e4ysin hervoton ja h\u00e4pe\u00e4m\u00e4t\u00f6n, kun olen t\u00f6iss\u00e4. Yrit\u00e4n kaikkeni, eik\u00e4 minulla ole mit\u00e4\u00e4n h\u00e4pe\u00e4\u00e4. Minulle on ihan sama, mit\u00e4 jotkut puhuvat tai kyseenalaistavat keinojani. Aivan sama minulle, koska ei niiss\u00e4 jutuissa ikin\u00e4 loukata ket\u00e4\u00e4n henkil\u00f6kohtaisesti. Sit\u00e4 en halua koskaan tehd\u00e4.<\/p>\n<p class=\"article-body mb-nof-24 px-nof-16\">Matikainen haluaa olla p\u00e4ivitt\u00e4in joukkueensa pulssilla ja reagoida sen mukaan.<\/p>\n<p class=\"article-body mb-nof-24 px-nof-16\">\u2013 Siit\u00e4 l\u00e4hdemme askeltamaan t\u00e4t\u00e4 hommaa. J\u00e4tk\u00e4t ovat olleet hyvin mukana ja se riitt\u00e4\u00e4 minulle.<\/p>\n<p class=\"article-body mb-nof-24 px-nof-16\">\u2013 Olen kohta 60-vuotias. Ei minun tarvitse esitt\u00e4\u00e4 kenellek\u00e4\u00e4n mit\u00e4\u00e4n. Olen mit\u00e4 olen. Jos se ei kelpaa, painukaa vittuun, Matikainen ilmoittaa.<\/p>\n<p class=\"article-body mb-nof-24 px-nof-16\">Matikainen my\u00f6nt\u00e4\u00e4, ett\u00e4 nuorempana \u201dkoutsishow\u201d oli v\u00e4lill\u00e4 p\u00e4\u00e4ll\u00e4.<\/p>\n<p class=\"article-body mb-nof-24 px-nof-16\">\u2013 En\u00e4\u00e4 ei tarvitse. Meill\u00e4 on hyv\u00e4 valmennustiimi, jossa tehd\u00e4\u00e4n t\u00f6it\u00e4 yhdess\u00e4. He vet\u00e4v\u00e4t paljon treenej\u00e4, ja min\u00e4 haluan katsoa p\u00e4\u00e4lt\u00e4. Se ei ole sit\u00e4, ett\u00e4 min\u00e4 ved\u00e4n treenit ja jotain esityst\u00e4 ja muut ker\u00e4\u00e4v\u00e4t kiekkoja, Matikainen sanoo.<\/p>\n<p class=\"article-body mb-nof-24 px-nof-16\">\u2013 T\u00e4t\u00e4 hommaa tehd\u00e4\u00e4n yhdess\u00e4. Autan heit\u00e4 ja poikia kokemuksellani ja el\u00e4m\u00e4nkokemuksellani sen mink\u00e4 pystyn \u2013 ja my\u00f6s koko JYPi\u00e4 ja hallitusta. Katsotaan, miten meid\u00e4n k\u00e4y.<\/p>\n","protected":false},"excerpt":{"rendered":"T\u00e4ll\u00e4 kaudella SM-liigassa n\u00e4hd\u00e4\u00e4n kiinnostavin JYP pitk\u00e4\u00e4n aikaan. Petri Matikainen ei palannut Suomeen kumartelemaan kuvia. JYP hakee t\u00e4ll\u00e4&hellip;\n","protected":false},"author":2,"featured_media":42305,"comment_status":"","ping_status":"","sticky":false,"template":"","format":"standard","meta":{"footnotes":""},"categories":[158],"tags":[33,31,30,34,159,32,160],"class_list":{"0":"post-42304","1":"post","2":"type-post","3":"status-publish","4":"format-standard","5":"has-post-thumbnail","7":"category-urheilu","8":"tag-fi","9":"tag-finland","10":"tag-finnish","11":"tag-ilta-sanomat","12":"tag-sports","13":"tag-suomi","14":"tag-urheilu"},"share_on_mastodon":{"url":"","error":""},"_links":{"self":[{"href":"https:\/\/www.europesays.com\/fi\/wp-json\/wp\/v2\/posts\/42304","targetHints":{"allow":["GET"]}}],"collection":[{"href":"https:\/\/www.europesays.com\/fi\/wp-json\/wp\/v2\/posts"}],"about":[{"href":"https:\/\/www.europesays.com\/fi\/wp-json\/wp\/v2\/types\/post"}],"author":[{"embeddable":true,"href":"https:\/\/www.europesays.com\/fi\/wp-json\/wp\/v2\/users\/2"}],"replies":[{"embeddable":true,"href":"https:\/\/www.europesays.com\/fi\/wp-json\/wp\/v2\/comments?post=42304"}],"version-history":[{"count":0,"href":"https:\/\/www.europesays.com\/fi\/wp-json\/wp\/v2\/posts\/42304\/revisions"}],"wp:featuredmedia":[{"embeddable":true,"href":"https:\/\/www.europesays.com\/fi\/wp-json\/wp\/v2\/media\/42305"}],"wp:attachment":[{"href":"https:\/\/www.europesays.com\/fi\/wp-json\/wp\/v2\/media?parent=42304"}],"wp:term":[{"taxonomy":"category","embeddable":true,"href":"https:\/\/www.europesays.com\/fi\/wp-json\/wp\/v2\/categories?post=42304"},{"taxonomy":"post_tag","embeddable":true,"href":"https:\/\/www.europesays.com\/fi\/wp-json\/wp\/v2\/tags?post=42304"}],"curies":[{"name":"wp","href":"https:\/\/api.w.org\/{rel}","templated":true}]}}